{"id":54464,"date":"2025-11-20T10:11:13","date_gmt":"2025-11-20T10:11:13","guid":{"rendered":"https:\/\/www.europesays.com\/lv\/54464\/"},"modified":"2025-11-20T10:11:13","modified_gmt":"2025-11-20T10:11:13","slug":"komponists-raimonds-pauls-ceremonija-sasmidina-pat-prezidentu-zinams-ko-vins-teica-video","status":"publish","type":"post","link":"https:\/\/www.europesays.com\/lv\/54464\/","title":{"rendered":"komponists Raimonds Pauls ceremonij\u0101 sasm\u012bdina pat prezidentu, zin\u0101ms, ko vi\u0146\u0161 teica (+ VIDEO)"},"content":{"rendered":"<p>        <img loading=\"lazy\" decoding=\"async\" class=\"lazy lazy-hidden size-full wp-image-222663\" src=\"data:image\/gif;base64,R0lGODlhAQABAIAAAAAAAP\/\/\/yH5BAEAAAAALAAAAAABAAEAAAIBRAA7\" data-lazy-type=\"image\" data-lazy-src=\"https:\/\/www.europesays.com\/lv\/wp-content\/uploads\/2025\/11\/Ekranuznemums-2025-11-19-133621.jpg\" alt=\"\" width=\"818\" height=\"565\" data-lazy- data-lazy-\/>Foto \u2013 ekr\u0101nuz\u0146\u0113mums<\/p>\n<p>Aizvad\u012btajos sv\u0113tkos Prezidenta pil\u012b notika svin\u012bgs pas\u0101kums, kur\u0101 piedal\u012bj\u0101s ar\u012b komponists Raimonds Pauls, un sav\u0101 run\u0101 vi\u0146\u0161 pateica ko t\u0101du, kas lika smieties par prezidentam Edgaram Rink\u0113vi\u010dam.<\/p>\n<p>Komponists Maestro Raimonds Pauls aizvad\u012btajos sv\u0113tkos sa\u0146\u0113ma Tr\u012bs Zvaig\u017e\u0146u orde\u0146a Lielkrusta komandiera titulu, ko vi\u0146\u0161 sa\u0146\u0113ma par izcilu un nez\u016bdo\u0161u devumu latvie\u0161u m\u016bzik\u0101 un kult\u016br\u0101. Prezidents Rink\u0113vi\u010ds, pasniedzot ordeni, sac\u012bja, ka \u0161\u012bs ir tr\u012bs zvaigznes, kas komponistam tiek pie\u0161\u0137irtas par m\u016bziku un ieguld\u012bjumu.<\/p>\n<p>P\u0113c tam Raimonds Pauls, nofotograf\u0113jies kop\u0101 ar Latvijas prezidentu Edgaru Rink\u0113vi\u010du, teica savu runu. Vi\u0146apr\u0101t, \u0161aj\u0101 z\u0101l\u0113 bija j\u0101b\u016bt daudziem Latvijas m\u016bzi\u0137iem, latvie\u0161u dzejniekiem, jo liel\u0101kais darbs, ko visi kop\u0101 ir izdar\u012bju\u0161i ir tas, ka izdev\u0101s tom\u0113r sagl\u0101bt latvie\u0161u dziesmu un dzeju. Un Dziesmu sv\u0113tki to pier\u0101da. Par to ar\u012b Pauls v\u0113l\u0113j\u0101s visiem pateikt paldies.<\/p>\n<p><img loading=\"lazy\" decoding=\"async\" class=\"lazy lazy-hidden size-full wp-image-222664\" src=\"data:image\/gif;base64,R0lGODlhAQABAIAAAAAAAP\/\/\/yH5BAEAAAAALAAAAAABAAEAAAIBRAA7\" data-lazy-type=\"image\" data-lazy-src=\"https:\/\/www.europesays.com\/lv\/wp-content\/uploads\/2025\/11\/Ekranuznemums-2025-11-19-133529.jpg\" alt=\"\" width=\"818\" height=\"594\" data-lazy- data-lazy-\/>Foto \u2013 ekr\u0101nuz\u0146\u0113mums<\/p>\n<p>\u201cBet, lai es nobeigtu t\u0101 jautr\u0101k, ja? Jo nu es nevaru t\u0101 nopietni\u2026 Es apsolu, ka tiem, kas man pie\u0161\u0137\u012bra \u0161o apbalvojumu \u2013 vi\u0146i un vi\u0146u uzv\u0101rdi nekad neskan\u0113s m\u016bsu koncertprogramm\u0101 \u201cV\u012brie\u0161i lab\u0101kajos gados\u201d. To gan es jums apsolu. Paldies un priec\u012bgus sv\u0113tkus!\u201d \u2013 t\u0101 Pauls.<\/p>\n<p>Lasi v\u0113l:\u00a0<a style=\"color: #ff0000;\" href=\"https:\/\/dzentlmenis.lv\/no-22-novembra-visa-latvijas-teritorija-iestasies-kartiga-ziema-meteorologi-nosauc-cik-lielus-minusus-jagaida\/222628\/\" target=\"_blank\" rel=\"noopener nofollow\">No 22. novembra vis\u0101 Latvijas teritorij\u0101 iest\u0101sies k\u0101rt\u012bga ziema: meteorologi nosauc, cik lielus m\u012bnusus j\u0101gaida<\/a><\/p>\n<p>\u0160is Paula pazi\u0146ojums sasm\u012bdin\u0101ja gan z\u0101l\u0113 kl\u0101teso\u0161os, gan pat pa\u0161u Latvijas prezidentu, jo koncertprogramma \u201cV\u012brie\u0161i lab\u0101kajos gados\u201d ir paz\u012bstams k\u0101 humora pilns uzvedums, ko veido komponists Raimonds Pauls kop\u0101 ar izcilo aktieri Andri Kei\u0161u.<\/p>\n<blockquote class=\"wp-embedded-content\" data-secret=\"JbRxVleaBn\">\n<p><a href=\"https:\/\/dzentlmenis.lv\/slavena-aktiera-ivara-kalnina-dzive-lieli-jaunumi-sen-bija-laiks\/222857\/\" rel=\"nofollow noopener\" target=\"_blank\">Slaven\u0101 aktiera Ivara Kalni\u0146a dz\u012bv\u0113 lieli jaunumi; \u201cSen bija laiks!\u201d\u00a0<\/a><\/p>\n<\/blockquote>\n<p><img decoding=\"async\" src=\"data:image\/gif;base64,R0lGODlhAQABAIAAAAAAAP\/\/\/yH5BAEAAAAALAAAAAABAAEAAAIBRAA7\" class=\"lazy lazy-hidden\" data-lazy-type=\"iframe\" data-lazy-src=\"&lt;iframe loading=&quot;lazy&quot; class=&quot;wp-embedded-content&quot; sandbox=&quot;allow-scripts&quot; security=&quot;restricted&quot; style=&quot;position: absolute; visibility: hidden;&quot; title=&quot;\u201cSlaven\u0101 aktiera Ivara Kalni\u0146a dz\u012bv\u0113 lieli jaunumi; \u201cSen bija laiks!\u201d\u00a0\u201d \u2014 D\u017eentlmenis.lv&quot; src=&quot;https:\/\/dzentlmenis.lv\/slavena-aktiera-ivara-kalnina-dzive-lieli-jaunumi-sen-bija-laiks\/222857\/embed\/#?secret=VsMiBqQqLL#?secret=JbRxVleaBn&quot; data-secret=&quot;JbRxVleaBn&quot; width=&quot;600&quot; height=&quot;338&quot; frameborder=&quot;0&quot; marginwidth=&quot;0&quot; marginheight=&quot;0&quot; scrolling=&quot;no&quot;&gt;&lt;\/iframe&gt;\" alt=\"\"\/><\/p>\n<p>\n&#13;<br \/>\n&#13;<br \/>\n&#13;<br \/>\n&#13;<br \/>\nVIDEO: &#13;<br \/>\n &#13;<\/p>\n<p>M\u016bzikas nama \u201cDaile\u201d producente Anda Zadovska, raksturojot \u0161o programmu, st\u0101sta, ka latvie\u0161u estr\u0101d\u0113, te\u0101tros un ar\u012b Latvijas politiskaj\u0101 dz\u012bv\u0113 ir daudz v\u012brie\u0161u lab\u0101kajos gados.<\/p>\n<p><img loading=\"lazy\" decoding=\"async\" class=\"lazy lazy-hidden size-full wp-image-222667\" src=\"data:image\/gif;base64,R0lGODlhAQABAIAAAAAAAP\/\/\/yH5BAEAAAAALAAAAAABAAEAAAIBRAA7\" data-lazy-type=\"image\" data-lazy-src=\"https:\/\/www.europesays.com\/lv\/wp-content\/uploads\/2025\/11\/Ekranuznemums-2025-11-19-140625.jpg\" alt=\"\" width=\"818\" height=\"542\" data-lazy- data-lazy-\/>Foto \u2013 ekr\u0101nuz\u0146\u0113mums<\/p>\n<p>\u0160aj\u0101 programm\u0101 var klaus\u012bties Raimonda Paula dziesmas un baud\u012bt Andra Kei\u0161a aktiermeistar\u012bbu piln\u012bgi cit\u0101 gaism\u0101. Katr\u0101 izr\u0101d\u0113 Andris Kei\u0161s negaid\u012bti var p\u0101rtapt par k\u0101du piln\u012bgi citu Latvij\u0101 paz\u012bstamu \u201cv\u012brieti lab\u0101kajos gados\u201d, par ko tad ar\u012b visi kop\u0101 var pasmaid\u012bt. \u0160is humora pilnais uzvedums ir piedz\u012bvojis lielu skat\u012bt\u0101ju atsauc\u012bbu.<\/p>\n<blockquote class=\"wp-embedded-content\" data-secret=\"Pvtnxhpc6J\">\n<p><a href=\"https:\/\/dzentlmenis.lv\/ar-vienu-slepeno-sastavdalu-jauna-silke-kazoka-recepte-no-manas-radu-gimenes\/222814\/\" rel=\"nofollow noopener\" target=\"_blank\">Ar vienu slepeno sast\u0101vda\u013cu: jauna \u201cSi\u013c\u0137e ka\u017eok\u0101\u201d recepte no manas radu \u0123imenes<\/a><\/p>\n<\/blockquote>\n<p><img decoding=\"async\" src=\"data:image\/gif;base64,R0lGODlhAQABAIAAAAAAAP\/\/\/yH5BAEAAAAALAAAAAABAAEAAAIBRAA7\" class=\"lazy lazy-hidden\" data-lazy-type=\"iframe\" data-lazy-src=\"&lt;iframe loading=&quot;lazy&quot; class=&quot;wp-embedded-content&quot; sandbox=&quot;allow-scripts&quot; security=&quot;restricted&quot; style=&quot;position: absolute; visibility: hidden;&quot; title=&quot;\u201cAr vienu slepeno sast\u0101vda\u013cu: jauna \u201cSi\u013c\u0137e ka\u017eok\u0101\u201d recepte no manas radu \u0123imenes\u201d \u2014 D\u017eentlmenis.lv&quot; src=&quot;https:\/\/dzentlmenis.lv\/ar-vienu-slepeno-sastavdalu-jauna-silke-kazoka-recepte-no-manas-radu-gimenes\/222814\/embed\/#?secret=iZZ8G6iF5M#?secret=Pvtnxhpc6J&quot; data-secret=&quot;Pvtnxhpc6J&quot; width=&quot;600&quot; height=&quot;338&quot; frameborder=&quot;0&quot; marginwidth=&quot;0&quot; marginheight=&quot;0&quot; scrolling=&quot;no&quot;&gt;&lt;\/iframe&gt;\" alt=\"\"\/><\/p>\n<p>Raimonds Pauls sa\u0146em augsto apbalvojumu un sasm\u012bdina par prezidentu, video:<br \/><img decoding=\"async\" src=\"data:image\/gif;base64,R0lGODlhAQABAIAAAAAAAP\/\/\/yH5BAEAAAAALAAAAAABAAEAAAIBRAA7\" class=\"lazy lazy-hidden\" data-lazy-type=\"iframe\" data-lazy-src=\"&lt;iframe loading=&quot;lazy&quot; style=&quot;border: none; overflow: hidden;&quot; src=&quot;https:\/\/www.facebook.com\/plugins\/video.php?height=314&amp;href=https%3A%2F%2Fwww.facebook.com%2Freel%2F1463817114713268%2F&amp;show_text=false&amp;width=560&amp;t=0&quot; width=&quot;560&quot; height=&quot;314&quot; frameborder=&quot;0&quot; scrolling=&quot;no&quot; allowfullscreen=&quot;allowfullscreen&quot;&gt;&lt;\/iframe&gt;\" alt=\"\"\/><\/p>\n<p>Raimonds Pauls un Andris Kei\u0161s st\u0101sts par savu koncertprogrammu \u201cV\u012brie\u0161i lab\u0101kajos gados\u201d:<br \/><img decoding=\"async\" src=\"data:image\/gif;base64,R0lGODlhAQABAIAAAAAAAP\/\/\/yH5BAEAAAAALAAAAAABAAEAAAIBRAA7\" class=\"lazy lazy-hidden\" data-lazy-type=\"iframe\" data-lazy-src=\"&lt;iframe loading=&quot;lazy&quot; title=&quot;YouTube video player&quot; src=&quot;https:\/\/www.youtube.com\/embed\/V1qElsT7Jhc?si=CSf7DKHRFYAdxuiu&quot; width=&quot;560&quot; height=&quot;315&quot; frameborder=&quot;0&quot; allowfullscreen=&quot;allowfullscreen&quot;&gt;&lt;\/iframe&gt;\" alt=\"\"\/><\/p>\n<p>\u00a0<\/p>\n<p>\u00a0<\/p>\n<blockquote class=\"wp-embedded-content\" data-secret=\"LHve9mLJK7\">\n<p><a href=\"https:\/\/dzentlmenis.lv\/latviju-parsalkusi-kadas-dzivnieku-patversmes-publikacija-par-ziedoto-baribu-noskaidrosim-mazliet-sikak-par-baribu\/222588\/\" rel=\"nofollow noopener\" target=\"_blank\">Latviju p\u0101r\u0161alkusi k\u0101das dz\u012bvnieku patversmes publik\u0101cija par ziedoto bar\u012bbu; noskaidrosim mazliet s\u012bk\u0101k par bar\u012bbu<\/a><\/p>\n<\/blockquote>\n<p><img decoding=\"async\" src=\"data:image\/gif;base64,R0lGODlhAQABAIAAAAAAAP\/\/\/yH5BAEAAAAALAAAAAABAAEAAAIBRAA7\" class=\"lazy lazy-hidden\" data-lazy-type=\"iframe\" data-lazy-src=\"&lt;iframe loading=&quot;lazy&quot; class=&quot;wp-embedded-content&quot; sandbox=&quot;allow-scripts&quot; security=&quot;restricted&quot; style=&quot;position: absolute; visibility: hidden;&quot; title=&quot;\u201cLatviju p\u0101r\u0161alkusi k\u0101das dz\u012bvnieku patversmes publik\u0101cija par ziedoto bar\u012bbu; noskaidrosim mazliet s\u012bk\u0101k par bar\u012bbu\u201d \u2014 D\u017eentlmenis.lv&quot; src=&quot;https:\/\/dzentlmenis.lv\/latviju-parsalkusi-kadas-dzivnieku-patversmes-publikacija-par-ziedoto-baribu-noskaidrosim-mazliet-sikak-par-baribu\/222588\/embed\/#?secret=HdGO0POkIT#?secret=LHve9mLJK7&quot; data-secret=&quot;LHve9mLJK7&quot; width=&quot;600&quot; height=&quot;338&quot; frameborder=&quot;0&quot; marginwidth=&quot;0&quot; marginheight=&quot;0&quot; scrolling=&quot;no&quot;&gt;&lt;\/iframe&gt;\" alt=\"\"\/><\/p>\n","protected":false},"excerpt":{"rendered":"Foto \u2013 ekr\u0101nuz\u0146\u0113mums Aizvad\u012btajos sv\u0113tkos Prezidenta pil\u012b notika svin\u012bgs pas\u0101kums, kur\u0101 piedal\u012bj\u0101s ar\u012b komponists Raimonds Pauls, un sav\u0101&hellip;\n","protected":false},"author":2,"featured_media":54465,"comment_status":"","ping_status":"","sticky":false,"template":"","format":"standard","meta":{"footnotes":""},"categories":[12],"tags":[23,28,29,816,32,33,22,30,31,35,39,38,36,37,34,40,20,26,27,2672,24,25,21],"class_list":{"0":"post-54464","1":"post","2":"type-post","3":"status-publish","4":"format-standard","5":"has-post-thumbnail","7":"category-latvija","8":"tag-aktualitates","9":"tag-breaking-news","10":"tag-breakingnews","11":"tag-edgars-rinkevics","12":"tag-featured-news","13":"tag-featurednews","14":"tag-headlines","15":"tag-latest-news","16":"tag-latestnews","17":"tag-latvia","18":"tag-latvian","19":"tag-latviesu","20":"tag-latviesu-valoda","21":"tag-latviesuvaloda","22":"tag-latvija","23":"tag-lv","24":"tag-news","25":"tag-popularakas-zinas","26":"tag-popularakaszinas","27":"tag-raimonds-pauls","28":"tag-top-stories","29":"tag-topstories","30":"tag-zinas"},"share_on_mastodon":{"url":"https:\/\/pubeurope.com\/@lv\/115581490579342108","error":""},"_links":{"self":[{"href":"https:\/\/www.europesays.com\/lv\/wp-json\/wp\/v2\/posts\/54464","targetHints":{"allow":["GET"]}}],"collection":[{"href":"https:\/\/www.europesays.com\/lv\/wp-json\/wp\/v2\/posts"}],"about":[{"href":"https:\/\/www.europesays.com\/lv\/wp-json\/wp\/v2\/types\/post"}],"author":[{"embeddable":true,"href":"https:\/\/www.europesays.com\/lv\/wp-json\/wp\/v2\/users\/2"}],"replies":[{"embeddable":true,"href":"https:\/\/www.europesays.com\/lv\/wp-json\/wp\/v2\/comments?post=54464"}],"version-history":[{"count":0,"href":"https:\/\/www.europesays.com\/lv\/wp-json\/wp\/v2\/posts\/54464\/revisions"}],"wp:featuredmedia":[{"embeddable":true,"href":"https:\/\/www.europesays.com\/lv\/wp-json\/wp\/v2\/media\/54465"}],"wp:attachment":[{"href":"https:\/\/www.europesays.com\/lv\/wp-json\/wp\/v2\/media?parent=54464"}],"wp:term":[{"taxonomy":"category","embeddable":true,"href":"https:\/\/www.europesays.com\/lv\/wp-json\/wp\/v2\/categories?post=54464"},{"taxonomy":"post_tag","embeddable":true,"href":"https:\/\/www.europesays.com\/lv\/wp-json\/wp\/v2\/tags?post=54464"}],"curies":[{"name":"wp","href":"https:\/\/api.w.org\/{rel}","templated":true}]}}