{"id":54472,"date":"2025-11-20T10:17:11","date_gmt":"2025-11-20T10:17:11","guid":{"rendered":"https:\/\/www.europesays.com\/lv\/54472\/"},"modified":"2025-11-20T10:17:11","modified_gmt":"2025-11-20T10:17:11","slug":"acone-automasina-sabraukusi-gajeju","status":"publish","type":"post","link":"https:\/\/www.europesays.com\/lv\/54472\/","title":{"rendered":"Acon\u0113 automa\u0161\u012bna sabraukusi g\u0101j\u0113ju"},"content":{"rendered":"<p>Nelaime notikusi neilgi pirms plkst. 22 Salaspils novad\u0101, Acon\u0113, Gran\u012bta iel\u0101. Automa\u0161\u012bnas &#8220;Opel&#8221; vad\u012bt\u0101ja uzbrauca g\u0101j\u0113jam, kur\u0161 no g\u016btaj\u0101m traum\u0101m mira notikuma viet\u0101. Par notiku\u0161o s\u0101kts krimin\u0101lprocess.<\/p>\n<p>Aizvad\u012btaj\u0101 diennakt\u012b valst\u012b re\u0123istr\u0113ti 183 ce\u013cu satiksmes negad\u012bjumi. Asto\u0146i cilv\u0113ki tajos cietu\u0161i, no tiem septi\u0146i R\u012bgas re\u0123ion\u0101. Starp cietu\u0161ajiem ir ar\u012b tr\u012bs g\u0101j\u0113ji un viens velosip\u0113dists.<\/p>\n<p>Ce\u013cu satiksmes jom\u0101 pie\u0146emti 406 administrat\u012bvo p\u0101rk\u0101pumu l\u0113mumi, taj\u0101 skait\u0101 177 par \u0101truma p\u0101rsnieg\u0161anu un divi par agres\u012bvu brauk\u0161anu.<\/p>\n<p>Savuk\u0101rt par transportl\u012bdzek\u013ca vad\u012b\u0161anu alkohola reibum\u0101 s\u0101kti tr\u012bs administrat\u012bvo p\u0101rk\u0101pumu procesi un \u010detri krimin\u0101lprocesi.<\/p>\n","protected":false},"excerpt":{"rendered":"Nelaime notikusi neilgi pirms plkst. 22 Salaspils novad\u0101, Acon\u0113, Gran\u012bta iel\u0101. Automa\u0161\u012bnas &#8220;Opel&#8221; vad\u012bt\u0101ja uzbrauca g\u0101j\u0113jam, kur\u0161 no&hellip;\n","protected":false},"author":2,"featured_media":128,"comment_status":"","ping_status":"","sticky":false,"template":"","format":"standard","meta":{"footnotes":""},"categories":[12],"tags":[23,28,29,347,32,33,22,30,31,35,39,38,36,37,34,40,20,26,27,24,25,138,21],"class_list":{"0":"post-54472","1":"post","2":"type-post","3":"status-publish","4":"format-standard","5":"has-post-thumbnail","7":"category-latvija","8":"tag-aktualitates","9":"tag-breaking-news","10":"tag-breakingnews","11":"tag-celu-satiksmes-negadijums","12":"tag-featured-news","13":"tag-featurednews","14":"tag-headlines","15":"tag-latest-news","16":"tag-latestnews","17":"tag-latvia","18":"tag-latvian","19":"tag-latviesu","20":"tag-latviesu-valoda","21":"tag-latviesuvaloda","22":"tag-latvija","23":"tag-lv","24":"tag-news","25":"tag-popularakas-zinas","26":"tag-popularakaszinas","27":"tag-top-stories","28":"tag-topstories","29":"tag-valsts-policija","30":"tag-zinas"},"share_on_mastodon":{"url":"https:\/\/pubeurope.com\/@lv\/115581514195135897","error":""},"_links":{"self":[{"href":"https:\/\/www.europesays.com\/lv\/wp-json\/wp\/v2\/posts\/54472","targetHints":{"allow":["GET"]}}],"collection":[{"href":"https:\/\/www.europesays.com\/lv\/wp-json\/wp\/v2\/posts"}],"about":[{"href":"https:\/\/www.europesays.com\/lv\/wp-json\/wp\/v2\/types\/post"}],"author":[{"embeddable":true,"href":"https:\/\/www.europesays.com\/lv\/wp-json\/wp\/v2\/users\/2"}],"replies":[{"embeddable":true,"href":"https:\/\/www.europesays.com\/lv\/wp-json\/wp\/v2\/comments?post=54472"}],"version-history":[{"count":0,"href":"https:\/\/www.europesays.com\/lv\/wp-json\/wp\/v2\/posts\/54472\/revisions"}],"wp:featuredmedia":[{"embeddable":true,"href":"https:\/\/www.europesays.com\/lv\/wp-json\/wp\/v2\/media\/128"}],"wp:attachment":[{"href":"https:\/\/www.europesays.com\/lv\/wp-json\/wp\/v2\/media?parent=54472"}],"wp:term":[{"taxonomy":"category","embeddable":true,"href":"https:\/\/www.europesays.com\/lv\/wp-json\/wp\/v2\/categories?post=54472"},{"taxonomy":"post_tag","embeddable":true,"href":"https:\/\/www.europesays.com\/lv\/wp-json\/wp\/v2\/tags?post=54472"}],"curies":[{"name":"wp","href":"https:\/\/api.w.org\/{rel}","templated":true}]}}