{"id":54491,"date":"2025-11-20T10:36:13","date_gmt":"2025-11-20T10:36:13","guid":{"rendered":"https:\/\/www.europesays.com\/lv\/54491\/"},"modified":"2025-11-20T10:36:13","modified_gmt":"2025-11-20T10:36:13","slug":"etikete-zem-lupas-%e2%9f%a9-perfekta-etikete-vai-ignorance-jau-atkal-damas-vienadas-kleitas","status":"publish","type":"post","link":"https:\/\/www.europesays.com\/lv\/54491\/","title":{"rendered":"ETI\u0136ETE ZEM LUPAS \u27e9 Perfekta eti\u0137ete vai ignorance. Jau atkal d\u0101mas vien\u0101d\u0101s kleit\u0101s!"},"content":{"rendered":"<p>Latvijas Republikas proklam\u0113\u0161anas 107. gadadienas vakars R\u012bgas pil\u012b atkal pier\u0101d\u012bja, ka valsts sv\u0113tku pie\u0146em\u0161ana pie Valsts prezidenta Edagara Rink\u0113vi\u010da ir viens no grezn\u0101kajiem un gaid\u012bt\u0101kajiem notikumiem gad\u0101. R\u012bgas pils z\u0101les piepild\u012bja simtiem \u012bpa\u0161i uzaicin\u0101tu viesu, kuriem bija skaidri zin\u0101ms \u2013 \u0161is ir pas\u0101kums ar stingri noteiktu \u0123\u0113rb\u0161an\u0101s kodu. Iel\u016bgumos nor\u0101d\u012bt\u0101 eti\u0137ete black tie noz\u012bm\u0113ja kungiem smokingu, bet d\u0101m\u0101m \u2013 garu un izsmalcin\u0101tu vakart\u0113rpu. Protams, katru gadu netr\u016bkst ne tikai izcili t\u0113rptu viesu, bet ar\u012b neveikl\u012bbu, piem\u0113ram, div\u0101m d\u0101m\u0101m nejau\u0161i gad\u0101s izv\u0113l\u0113ties vien\u0101das kleitas\u2026 Un \u0161is atgad\u0101s jau otro gadu p\u0113c k\u0101rtas!<\/p>\n","protected":false},"excerpt":{"rendered":"Latvijas Republikas proklam\u0113\u0161anas 107. gadadienas vakars R\u012bgas pil\u012b atkal pier\u0101d\u012bja, ka valsts sv\u0113tku pie\u0146em\u0161ana pie Valsts prezidenta Edagara&hellip;\n","protected":false},"author":2,"featured_media":54492,"comment_status":"","ping_status":"","sticky":false,"template":"","format":"standard","meta":{"footnotes":""},"categories":[5],"tags":[23,28,29,14761,10214,32,33,22,30,31,35,39,38,36,37,34,40,175,20,11266,26,27,24,25,8125,9191,21],"class_list":{"0":"post-54491","1":"post","2":"type-post","3":"status-publish","4":"format-standard","5":"has-post-thumbnail","7":"category-aktualitates","8":"tag-aktualitates","9":"tag-breaking-news","10":"tag-breakingnews","11":"tag-etikete","12":"tag-etikete-zem-lupas","13":"tag-featured-news","14":"tag-featurednews","15":"tag-headlines","16":"tag-latest-news","17":"tag-latestnews","18":"tag-latvia","19":"tag-latvian","20":"tag-latviesu","21":"tag-latviesu-valoda","22":"tag-latviesuvaloda","23":"tag-latvija","24":"tag-lv","25":"tag-mode","26":"tag-news","27":"tag-patriotu-nedela","28":"tag-popularakas-zinas","29":"tag-popularakaszinas","30":"tag-top-stories","31":"tag-topstories","32":"tag-tvnet-egoiste","33":"tag-valsts-prezidents","34":"tag-zinas"},"share_on_mastodon":{"url":"https:\/\/pubeurope.com\/@lv\/115581588796450116","error":""},"_links":{"self":[{"href":"https:\/\/www.europesays.com\/lv\/wp-json\/wp\/v2\/posts\/54491","targetHints":{"allow":["GET"]}}],"collection":[{"href":"https:\/\/www.europesays.com\/lv\/wp-json\/wp\/v2\/posts"}],"about":[{"href":"https:\/\/www.europesays.com\/lv\/wp-json\/wp\/v2\/types\/post"}],"author":[{"embeddable":true,"href":"https:\/\/www.europesays.com\/lv\/wp-json\/wp\/v2\/users\/2"}],"replies":[{"embeddable":true,"href":"https:\/\/www.europesays.com\/lv\/wp-json\/wp\/v2\/comments?post=54491"}],"version-history":[{"count":0,"href":"https:\/\/www.europesays.com\/lv\/wp-json\/wp\/v2\/posts\/54491\/revisions"}],"wp:featuredmedia":[{"embeddable":true,"href":"https:\/\/www.europesays.com\/lv\/wp-json\/wp\/v2\/media\/54492"}],"wp:attachment":[{"href":"https:\/\/www.europesays.com\/lv\/wp-json\/wp\/v2\/media?parent=54491"}],"wp:term":[{"taxonomy":"category","embeddable":true,"href":"https:\/\/www.europesays.com\/lv\/wp-json\/wp\/v2\/categories?post=54491"},{"taxonomy":"post_tag","embeddable":true,"href":"https:\/\/www.europesays.com\/lv\/wp-json\/wp\/v2\/tags?post=54491"}],"curies":[{"name":"wp","href":"https:\/\/api.w.org\/{rel}","templated":true}]}}