{"id":54610,"date":"2025-11-20T12:57:09","date_gmt":"2025-11-20T12:57:09","guid":{"rendered":"https:\/\/www.europesays.com\/lv\/54610\/"},"modified":"2025-11-20T12:57:09","modified_gmt":"2025-11-20T12:57:09","slug":"altonavas-ielas-parvadu-parbuves-laika-vienvirziena-satiksmei-neatvers","status":"publish","type":"post","link":"https:\/\/www.europesays.com\/lv\/54610\/","title":{"rendered":"Altonavas ielas p\u0101rvadu p\u0101rb\u016bves laik\u0101 vienvirziena satiksmei neatv\u0113rs"},"content":{"rendered":"<p>Tas secin\u0101ts papildu ekspert\u012bz\u0113. K\u0101 teica m\u0113rs, bija cer\u012bba, ka p\u0101rvadu var\u0113s atv\u0113rt vienvirziena satiksmei no r\u012btiem R\u012bgas virzien\u0101 un vakaros &#8211; otr\u0101 virzien\u0101.<\/p>\n<p>Vienlaikus vi\u0146\u0161 atkl\u0101ja, ka iepirkums par p\u0101rb\u016bvi ir nosl\u0113dzies un tiks sl\u0113gts l\u012bgums. 2028. gad\u0101 p\u0101rvadam ir j\u0101b\u016bt pabeigtam, uzsv\u0113ra m\u0113rs, piebilstot, ka tas ir gal\u0113jais termi\u0146\u0161.<\/p>\n<p>K\u0101 a\u0123ent\u016bru LETA inform\u0113ja R\u012bgas domes \u0100r\u0113j\u0101s komunik\u0101cijas p\u0101rvalde, nosl\u0113dzies atkl\u0101ts konkurss par satiksmes p\u0101rvada p\u0101r Altonavas ielu b\u016bvprojekta izstr\u0101di.<\/p>\n<p>B\u016bvprojekta izstr\u0101de b\u016bs j\u0101veic devi\u0146u m\u0113ne\u0161u laik\u0101.<\/p>\n<p>Automa\u0161\u012bnu satiksmei p\u0101rvads paliks sl\u0113gts, bet g\u0101j\u0113ju un velosip\u0113distu kust\u012bbai &#8211; atv\u0113rts.<\/p>\n<p>Satiksmes p\u0101rvads p\u0101r Altonavas ielu transportl\u012bdzek\u013cu satiksmei ir sl\u0113gts jau gandr\u012bz gadu, un \u0161aj\u0101 laika period\u0101 nep\u0101rtraukti ir veikts konstat\u0113to plaisu monitorings, lai sekotu l\u012bdzi p\u0101rvada tehniskajam st\u0101voklim.<\/p>\n<p>Inspekcij\u0101 tika konstat\u0113ts, ka gada laik\u0101, kop\u0161 <a href=\"https:\/\/www.tvnet.lv\/term\/601881\/satiksme\" class=\"topicLink\" target=\"_blank\" rel=\"nofollow noopener\">satiksme<\/a> p\u0101r p\u0101rvadu ir sl\u0113gta, p\u0101rvada tehniskais st\u0101voklis turpina pasliktin\u0101ties. Atbilsto\u0161i ekspertu sniegtajam atzinumam, p\u0101rvadu ir at\u013cauts ekspluat\u0113t tikai ar ikdienas g\u0101j\u0113ju un velosip\u0113du slodzi, k\u0101 ar\u012b nav pie\u013caujama nek\u0101da transporta kust\u012bba p\u0101r p\u0101rvadu &#8211; ne viegl\u0101 autotransporta satiksme vien\u0101 josl\u0101, ne div\u0101s josl\u0101s.<\/p>\n","protected":false},"excerpt":{"rendered":"Tas secin\u0101ts papildu ekspert\u012bz\u0113. K\u0101 teica m\u0113rs, bija cer\u012bba, ka p\u0101rvadu var\u0113s atv\u0113rt vienvirziena satiksmei no r\u012btiem R\u012bgas&hellip;\n","protected":false},"author":2,"featured_media":54611,"comment_status":"","ping_status":"","sticky":false,"template":"","format":"standard","meta":{"footnotes":""},"categories":[12],"tags":[23,28,29,32,33,22,30,31,35,39,38,36,37,34,40,20,26,27,1529,1528,7950,24,25,21],"class_list":{"0":"post-54610","1":"post","2":"type-post","3":"status-publish","4":"format-standard","5":"has-post-thumbnail","7":"category-latvija","8":"tag-aktualitates","9":"tag-breaking-news","10":"tag-breakingnews","11":"tag-featured-news","12":"tag-featurednews","13":"tag-headlines","14":"tag-latest-news","15":"tag-latestnews","16":"tag-latvia","17":"tag-latvian","18":"tag-latviesu","19":"tag-latviesu-valoda","20":"tag-latviesuvaloda","21":"tag-latvija","22":"tag-lv","23":"tag-news","24":"tag-popularakas-zinas","25":"tag-popularakaszinas","26":"tag-satiksme","27":"tag-satiksmes-drosiba","28":"tag-tilts","29":"tag-top-stories","30":"tag-topstories","31":"tag-zinas"},"share_on_mastodon":{"url":"https:\/\/pubeurope.com\/@lv\/115582143281160666","error":""},"_links":{"self":[{"href":"https:\/\/www.europesays.com\/lv\/wp-json\/wp\/v2\/posts\/54610","targetHints":{"allow":["GET"]}}],"collection":[{"href":"https:\/\/www.europesays.com\/lv\/wp-json\/wp\/v2\/posts"}],"about":[{"href":"https:\/\/www.europesays.com\/lv\/wp-json\/wp\/v2\/types\/post"}],"author":[{"embeddable":true,"href":"https:\/\/www.europesays.com\/lv\/wp-json\/wp\/v2\/users\/2"}],"replies":[{"embeddable":true,"href":"https:\/\/www.europesays.com\/lv\/wp-json\/wp\/v2\/comments?post=54610"}],"version-history":[{"count":0,"href":"https:\/\/www.europesays.com\/lv\/wp-json\/wp\/v2\/posts\/54610\/revisions"}],"wp:featuredmedia":[{"embeddable":true,"href":"https:\/\/www.europesays.com\/lv\/wp-json\/wp\/v2\/media\/54611"}],"wp:attachment":[{"href":"https:\/\/www.europesays.com\/lv\/wp-json\/wp\/v2\/media?parent=54610"}],"wp:term":[{"taxonomy":"category","embeddable":true,"href":"https:\/\/www.europesays.com\/lv\/wp-json\/wp\/v2\/categories?post=54610"},{"taxonomy":"post_tag","embeddable":true,"href":"https:\/\/www.europesays.com\/lv\/wp-json\/wp\/v2\/tags?post=54610"}],"curies":[{"name":"wp","href":"https:\/\/api.w.org\/{rel}","templated":true}]}}