{"id":54616,"date":"2025-11-20T13:03:08","date_gmt":"2025-11-20T13:03:08","guid":{"rendered":"https:\/\/www.europesays.com\/lv\/54616\/"},"modified":"2025-11-20T13:03:08","modified_gmt":"2025-11-20T13:03:08","slug":"svinka-iztur-saeimas-uzticibas-balsojumu-2","status":"publish","type":"post","link":"https:\/\/www.europesays.com\/lv\/54616\/","title":{"rendered":"\u0160vinka iztur Saeimas uztic\u012bbas balsojumu"},"content":{"rendered":"<p>Kulbergs pauda viedokli, ka ir j\u0101p\u0101rskata pa\u0161reiz\u0113jie l\u012bgumi un j\u0101nov\u0113r\u0161 biju\u0161\u0101 satiksmes ministra Linkaita laik\u0101 pie\u013caut\u0101s k\u013c\u016bdas.<\/p>\n<p>Pie frakcij\u0101m nepiedero\u0161\u0101 deput\u0101te Viktorija Ple\u0161k\u0101ne nor\u0101d\u012bja, ka katra deput\u0101ta pien\u0101kums esot atbalst\u012bt \u0161o demisijas piepras\u012bjumu, jo ar t\u0101du ministru un attieksmi k\u0101 \u0160vinkam neb\u016b\u0161ot nozares, sabiedrisk\u0101 transporta, ce\u013cu un ostu.<\/p>\n<p>Vi\u0146a akcent\u0113ja, ka ministra atbilde uz piepras\u012bjumu nevis klied\u0113 ba\u017eas, bet pier\u0101da, ka kr\u012bze ir dzi\u013c\u0101ka.<\/p>\n<p>&#8220;\u0160is balsojums ir par sirdsapzi\u0146u, par j\u016bsu v\u0113l\u0113t\u0101jiem, t\u0101 nav reforma, tas ir absurds uz nodok\u013cu maks\u0101t\u0101ju r\u0113\u0137ina,&#8221; pauda Ple\u0161k\u0101ne, nor\u0101dot, ka \u0160vinka esot atzinis, ka l\u0113mums par mar\u0161ruta t\u012bkla izmai\u0146\u0101m apstiprin\u0101ts pirms datu anal\u012bzes beig\u0101m, kas, vi\u0146as ieskat\u0101, ir &#8220;klaj\u0161 p\u0101rvald\u012bbas p\u0101rk\u0101pums&#8221;.<\/p>\n<p>Kaspars Bri\u0161kens (P) nor\u0101d\u012bja, ka \u0160vinka neesot pareizais \u0161\u012b deput\u0101tu piepras\u012bjuma adres\u0101ts. Deput\u0101ts nor\u0101d\u012bja, ka vi\u0146am ir iesp\u0113ja Saeimas Tautsaimniec\u012bbas komisij\u0101 nov\u0113rot da\u017e\u0101dus politiskos sp\u0113kus, kas da\u017e\u0101du mot\u012bvu vad\u012bti iest\u0101jas par autocentrismu.<\/p>\n<p>Bri\u0161kens pauda, ka, uzs\u0101kot darbu Satiksmes ministrij\u0101 (SM), vi\u0146\u0161 konstat\u0113jis, cik neilgtsp\u0113j\u012bgs ir pa\u0161reiz\u0113jais re\u0123ion\u0101lo sabiedrisko p\u0101rvad\u0101jumu finans\u0113\u0161anas modelis.<\/p>\n<p>&#8220;SM gadu no gada tiek nost\u0101d\u012bta &#8220;pazem\u012bga l\u016bdz\u0113ja lom\u0101&#8221;, gada beig\u0101s mekl\u0113jot iztr\u016bksto\u0161os padsmit miljonus eiro no l\u012bdzek\u013ciem neparedz\u0113tiem gad\u012bjumiem, lai faktiski izpild\u012btu \u013coti viegli prognoz\u0113jamas saist\u012bbas pret autobusu p\u0101rvad\u0101t\u0101jiem un kompens\u0113tu radu\u0161os zaud\u0113jumus,&#8221; apgalvoja Bri\u0161kens.<\/p>\n<p>K\u0101 nor\u0101d\u012bja Bri\u0161kens, &#8220;Progres\u012bvie&#8221; \u0161o reformu s\u0101ku\u0161i ar &#8220;\u0101rk\u0101rt\u012bgi problem\u0101tisku v\u0113sturisko mantojumu&#8221; &#8211; gan valstij neizdev\u012bgiem otr\u0101s paaudzes p\u0101rvad\u0101juma l\u012bgumiem, gan Konkurences padomes konstat\u0113taj\u0101m aizliegtas vieno\u0161an\u0101s paz\u012bm\u0113m starp p\u0101rvad\u0101t\u0101jiem, stihisk\u0101m, apjom\u012bg\u0101m reisu atcel\u0161an\u0101m, nesal\u0101gotiem kust\u012bbu grafikiem, nefunkcion\u0113jo\u0161u vienot\u0101s bi\u013cetes platformu.<\/p>\n","protected":false},"excerpt":{"rendered":"Kulbergs pauda viedokli, ka ir j\u0101p\u0101rskata pa\u0161reiz\u0113jie l\u012bgumi un j\u0101nov\u0113r\u0161 biju\u0161\u0101 satiksmes ministra Linkaita laik\u0101 pie\u013caut\u0101s k\u013c\u016bdas. Pie&hellip;\n","protected":false},"author":2,"featured_media":54597,"comment_status":"","ping_status":"","sticky":false,"template":"","format":"standard","meta":{"footnotes":""},"categories":[12],"tags":[23,4959,28,29,32,33,22,30,31,35,39,38,36,37,34,40,20,26,27,141,24,25,21],"class_list":{"0":"post-54616","1":"post","2":"type-post","3":"status-publish","4":"format-standard","5":"has-post-thumbnail","7":"category-latvija","8":"tag-aktualitates","9":"tag-atis-svinka","10":"tag-breaking-news","11":"tag-breakingnews","12":"tag-featured-news","13":"tag-featurednews","14":"tag-headlines","15":"tag-latest-news","16":"tag-latestnews","17":"tag-latvia","18":"tag-latvian","19":"tag-latviesu","20":"tag-latviesu-valoda","21":"tag-latviesuvaloda","22":"tag-latvija","23":"tag-lv","24":"tag-news","25":"tag-popularakas-zinas","26":"tag-popularakaszinas","27":"tag-saeima","28":"tag-top-stories","29":"tag-topstories","30":"tag-zinas"},"share_on_mastodon":{"url":"https:\/\/pubeurope.com\/@lv\/115582166811283259","error":""},"_links":{"self":[{"href":"https:\/\/www.europesays.com\/lv\/wp-json\/wp\/v2\/posts\/54616","targetHints":{"allow":["GET"]}}],"collection":[{"href":"https:\/\/www.europesays.com\/lv\/wp-json\/wp\/v2\/posts"}],"about":[{"href":"https:\/\/www.europesays.com\/lv\/wp-json\/wp\/v2\/types\/post"}],"author":[{"embeddable":true,"href":"https:\/\/www.europesays.com\/lv\/wp-json\/wp\/v2\/users\/2"}],"replies":[{"embeddable":true,"href":"https:\/\/www.europesays.com\/lv\/wp-json\/wp\/v2\/comments?post=54616"}],"version-history":[{"count":0,"href":"https:\/\/www.europesays.com\/lv\/wp-json\/wp\/v2\/posts\/54616\/revisions"}],"wp:featuredmedia":[{"embeddable":true,"href":"https:\/\/www.europesays.com\/lv\/wp-json\/wp\/v2\/media\/54597"}],"wp:attachment":[{"href":"https:\/\/www.europesays.com\/lv\/wp-json\/wp\/v2\/media?parent=54616"}],"wp:term":[{"taxonomy":"category","embeddable":true,"href":"https:\/\/www.europesays.com\/lv\/wp-json\/wp\/v2\/categories?post=54616"},{"taxonomy":"post_tag","embeddable":true,"href":"https:\/\/www.europesays.com\/lv\/wp-json\/wp\/v2\/tags?post=54616"}],"curies":[{"name":"wp","href":"https:\/\/api.w.org\/{rel}","templated":true}]}}