{"id":54617,"date":"2025-11-20T13:07:11","date_gmt":"2025-11-20T13:07:11","guid":{"rendered":"https:\/\/www.europesays.com\/lv\/54617\/"},"modified":"2025-11-20T13:07:11","modified_gmt":"2025-11-20T13:07:11","slug":"brazilija-cilsu-parstavji-proteste-ano-klimata-konferences-laika-pieprasot-aizsardzibu-amazonai-lente-lv","status":"publish","type":"post","link":"https:\/\/www.europesays.com\/lv\/54617\/","title":{"rendered":"Braz\u012blij\u0101 cil\u0161u p\u0101rst\u0101vji protest\u0113 ANO Klimata konferences laik\u0101, pieprasot aizsardz\u012bbu Amazonai\u00a0\u2014\u00a0Lente.lv"},"content":{"rendered":"<p>ANO Klimata konferences laik\u0101 Braz\u012blij\u0101 izskan protesta saucieni par iezemie\u0161u ties\u012bb\u0101m un Amazoni<\/p>\n<p>Braz\u012blijas pils\u0113t\u0101 Bel\u0113n\u0101 notieko\u0161\u0101s Apvienoto N\u0101ciju Organiz\u0101cijas (ANO) 30. Klimata konferences (COP30) ietvaros da\u017e\u0101du cil\u0161u p\u0101rst\u0101vji un klimata akt\u012bvisti ir uzs\u0101ku\u0161i v\u0113rien\u012bgu protestu akciju, lai piev\u0113rstu pasaules uzman\u012bbu Amazoni apdraudo\u0161aj\u0101m probl\u0113m\u0101m un uzsv\u0113rtu iezemie\u0161u kopienu ties\u012bbas.<\/p>\n<p>Izaicin\u0101jumi un pras\u012bbas: Cil\u0161u balsis COP30<\/p>\n<p>Sestdien, 15. novembr\u012b, t\u016bksto\u0161iem cilv\u0113ku pulc\u0113j\u0101s Bel\u0113nas iel\u0101s, lai ska\u013ci paustu savas pras\u012bbas. Daudzi no protest\u0113t\u0101jiem p\u0101rst\u0101v ciltis, kuru dz\u012bves telpa un kult\u016bra ir tie\u0161i pak\u013cauta klimata p\u0101rmai\u0146u posto\u0161aajai ietekmei. Vi\u0146u galven\u0101 cer\u012bba ir, ka \u0161ogad konference, kas notiek pa\u0161\u0101 Amazon\u0113, beidzot sp\u0113s nodro\u0161in\u0101t, ka iezemie\u0161u balsis tiek ne tikai sadzird\u0113tas, bet ar\u012b \u0146emtas v\u0113r\u0101 l\u0113mumu pie\u0146em\u0161an\u0101. \u0160\u012b ir pirm\u0101 reize, kad klimata konference notiek Amazon\u0113, un t\u0101s m\u0113r\u0137is ir tie\u0161i uzsv\u0113rt me\u017eu un biolo\u0123isk\u0101s daudzveid\u012bbas aizsardz\u012bbas noz\u012bmi.<\/p>\n<p>\u012apa\u0161i spilgti izskan\u0113ja Munduruku cilts p\u0101rst\u0101vju balss, kuri blo\u0137\u0113ja galveno ieeju konferences \u201czilaj\u0101 zon\u0101\u201d, kas paredz\u0113ta diplom\u0101tiem un sarunu ved\u0113jiem. Vi\u0146u pras\u012bba ir izbeigt projektus un izrakumu darb\u012bbas, kas apdraud iezemie\u0161u teritorijas, \u012bpa\u0161i Tapad\u017eosas un Singo upju baseinos. Vi\u0146i pieprasa nekav\u0113joties p\u0101rtraukt koksnes cir\u0161anu, naftas ieguvi, neleg\u0101lo kalnr\u016bpniec\u012bbu un nelikum\u012bgu me\u017eizstr\u0101di. Protest\u0113t\u0101ji uzsv\u0113ra, ka vi\u0146u zeme nav p\u0101rdo\u0161an\u0101 un ka vi\u0146i ir dabiskie me\u017eu sargi. Tiek piepras\u012bta ar\u012b iezemie\u0161u teritoriju demark\u0101cija, kas ir noz\u012bm\u012bgs solis c\u012b\u0146\u0101 pret klimata p\u0101rmai\u0146\u0101m.<\/p>\n<p>ENO atbilde un cer\u012bbas<\/p>\n<p>Konferences organizatori, tostarp COP30 izpilddirektore Ana Toni, atzina protestus k\u0101 \u201cle\u0123it\u012bmus\u201d un apliecin\u0101ja, ka vald\u012bba ieklaus\u0101s. Lai gan demonstr\u0101cijas rad\u012bja \u012bslaic\u012bgu kav\u0113\u0161anos piek\u013cuv\u0113 konferences telp\u0101m, protest\u0113t\u0101jiem tika pied\u0101v\u0101ta tik\u0161an\u0101s ar cil\u0161u ministru S\u014dniju Gvad\u017eajaru un vides un klimata p\u0101rmai\u0146u ministri Marinu Silvu. \u0160\u012b gada konference pulc\u0113 rekordlielu iezemie\u0161u dal\u012bbnieku skaitu \u2013 vair\u0101k nek\u0101 900, kas ir iev\u0113rojams pieaugums sal\u012bdzin\u0101jum\u0101 ar iepriek\u0161\u0113j\u0101m konferenc\u0113m. Tas liecina par centieniem nodro\u0161in\u0101t pla\u0161\u0101ku iezemie\u0161u kopienu l\u012bdzdal\u012bbu un ieklaus\u012b\u0161anos.<\/p>\n<p>Lai gan cer\u012bbas ir augstas, da\u017ei iezemie\u0161u l\u012bderi joproj\u0101m pau\u017e skepsi, nor\u0101dot, ka vi\u0146u l\u012bdzdal\u012bba un redzam\u012bba v\u0113l nenoz\u012bm\u0113 re\u0101lu varu un ietekmi uz sarun\u0101m. Vi\u0146i uzsver, ka \u0161\u012b ir \u201c\u012bsteno\u0161anas konference\u201d, kur\u0101 j\u0101par\u0101da konkr\u0113ti rezult\u0101ti, nevis tikai sol\u012bjumi.<\/p>\n<p>Klimata p\u0101rmai\u0146u posto\u0161\u0101 ietekme uz Amazoni<\/p>\n<p>Amazonas lietus me\u017ei, kas ir glob\u0101li noz\u012bm\u012bgs ekosist\u0113mu rezerve, piedz\u012bvo arvien liel\u0101kus draudus. Klimata p\u0101rmai\u0146as izpau\u017eas k\u0101 v\u0113l\u0101kas lietusg\u0101zes, intens\u012bv\u0101ki sausuma periodi, izcirtumi upju gultn\u0113s un palielin\u0101ts me\u017eu ugunsgr\u0113ku skaits. Tas tie\u0161i ietekm\u0113 iezemie\u0161u kopienu dz\u012bvi, apgr\u016btinot p\u0101rtikas ieguvi un saglab\u0101jot tradicion\u0101l\u0101s zin\u0101\u0161anas. Zin\u0101tnieki br\u012bdina, ka bez strauj\u0101m un efekt\u012bv\u0101m darb\u012bb\u0101m liela da\u013ca Amazones var p\u0101rv\u0113rsties par degrad\u0113tu savannu, kas rad\u012bs neatgriezeniskas sekas ne tikai re\u0123ionam, bet ar\u012b visai plan\u0113tai.<\/p>\n<p>Protestu laik\u0101 izskan\u0113ja ar\u012b aicin\u0101jumi ieviest \u201cnodokli miljardieriem\u201d, lai finans\u0113tu c\u012b\u0146u pret klimata kr\u012bzi, uzsverot, ka atbild\u012bba j\u0101uz\u0146emas ar\u012b lielajiem uz\u0146\u0113mumiem un bag\u0101t\u0101kajiem cilv\u0113kiem. Kust\u012bba ir noorganiz\u0113jusi ar\u012b simbolisku \u201cfosi\u0101lo degvielu laikmeta b\u0113res\u201d, lai izteiktu savu nost\u0101ju pret fosilo kurin\u0101mo.<\/p>\n<p>Cer\u012bba uz p\u0101rmai\u0146\u0101m<\/p>\n<p>COP30 norise pa\u0161\u0101 Amazones sird\u012b ir strat\u0113\u0123iski svar\u012bga, lai uzsv\u0113rtu probl\u0113mas steidzam\u012bbu un nodro\u0161in\u0101tu iezemie\u0161u balsu sadzird\u0113\u0161anu. Lai gan ce\u013c\u0161 uz efekt\u012bviem risin\u0101jumiem ir gar\u0161 un sare\u017e\u0123\u012bts, protesti un pieaugo\u0161\u0101 iezemie\u0161u un akt\u012bvistu mobiliz\u0101cija dod cer\u012bbu, ka \u0161\u012b konference var\u0113tu k\u013c\u016bt par pagrieziena punktu c\u012b\u0146\u0101 par klimata taisn\u012bgumu un Amazoni.<\/p>\n","protected":false},"excerpt":{"rendered":"ANO Klimata konferences laik\u0101 Braz\u012blij\u0101 izskan protesta saucieni par iezemie\u0161u ties\u012bb\u0101m un Amazoni Braz\u012blijas pils\u0113t\u0101 Bel\u0113n\u0101 notieko\u0161\u0101s Apvienoto&hellip;\n","protected":false},"author":2,"featured_media":54618,"comment_status":"","ping_status":"","sticky":false,"template":"","format":"standard","meta":{"footnotes":""},"categories":[16],"tags":[14848,14847,77,1408,76,12889,3761,35,39,38,36,37,34,40],"class_list":{"0":"post-54617","1":"post","2":"type-post","3":"status-publish","4":"format-standard","5":"has-post-thumbnail","7":"category-bizness","8":"tag-amazonas-cilsu-parstavji","9":"tag-ano-klimata-konference","10":"tag-bizness","11":"tag-brazilija","12":"tag-business","13":"tag-cop30","14":"tag-klimata-parmainas","15":"tag-latvia","16":"tag-latvian","17":"tag-latviesu","18":"tag-latviesu-valoda","19":"tag-latviesuvaloda","20":"tag-latvija","21":"tag-lv"},"share_on_mastodon":{"url":"https:\/\/pubeurope.com\/@lv\/115582182565931884","error":""},"_links":{"self":[{"href":"https:\/\/www.europesays.com\/lv\/wp-json\/wp\/v2\/posts\/54617","targetHints":{"allow":["GET"]}}],"collection":[{"href":"https:\/\/www.europesays.com\/lv\/wp-json\/wp\/v2\/posts"}],"about":[{"href":"https:\/\/www.europesays.com\/lv\/wp-json\/wp\/v2\/types\/post"}],"author":[{"embeddable":true,"href":"https:\/\/www.europesays.com\/lv\/wp-json\/wp\/v2\/users\/2"}],"replies":[{"embeddable":true,"href":"https:\/\/www.europesays.com\/lv\/wp-json\/wp\/v2\/comments?post=54617"}],"version-history":[{"count":0,"href":"https:\/\/www.europesays.com\/lv\/wp-json\/wp\/v2\/posts\/54617\/revisions"}],"wp:featuredmedia":[{"embeddable":true,"href":"https:\/\/www.europesays.com\/lv\/wp-json\/wp\/v2\/media\/54618"}],"wp:attachment":[{"href":"https:\/\/www.europesays.com\/lv\/wp-json\/wp\/v2\/media?parent=54617"}],"wp:term":[{"taxonomy":"category","embeddable":true,"href":"https:\/\/www.europesays.com\/lv\/wp-json\/wp\/v2\/categories?post=54617"},{"taxonomy":"post_tag","embeddable":true,"href":"https:\/\/www.europesays.com\/lv\/wp-json\/wp\/v2\/tags?post=54617"}],"curies":[{"name":"wp","href":"https:\/\/api.w.org\/{rel}","templated":true}]}}