{"id":54619,"date":"2025-11-20T13:09:09","date_gmt":"2025-11-20T13:09:09","guid":{"rendered":"https:\/\/www.europesays.com\/lv\/54619\/"},"modified":"2025-11-20T13:09:09","modified_gmt":"2025-11-20T13:09:09","slug":"satiksmes-ministrs-iztur-saeimas-uzticibas-balsojumu","status":"publish","type":"post","link":"https:\/\/www.europesays.com\/lv\/54619\/","title":{"rendered":"Satiksmes ministrs iztur Saeimas uztic\u012bbas balsojumu"},"content":{"rendered":"<p>Parlament\u0101rie\u0161u vair\u0101kums \u0161odien Saeimas s\u0113d\u0113 noraid\u012bja opoz\u012bcijas deput\u0101tu sagatavoto l\u0113muma projektu par neuztic\u012bbas izteik\u0161anu satiksmes ministram Atim \u0160vinkam (P).<\/p>\n<p>L\u0113muma projekts par neuztic\u012bbas izteik\u0161anu tapis p\u0113c opoz\u012bcijas deput\u0101tu piepras\u012bjuma \u0160vinkam par sabiedrisk\u0101 transporta pakalpojumu snieg\u0161anu ar autobusiem re\u0123ion\u0101l\u0101s noz\u012bmes mar\u0161rutos.<\/p>\n<p>Pret demisijas izteik\u0161anu nobalsoja 47 Saeimas deput\u0101ti, bet \u0160vinkas demisijas piepras\u012bjumu atbalst\u012bja 45 deput\u0101ti. Pie Saeimas frakcij\u0101m nepiedero\u0161ais deput\u0101ts Igors Rajevs balsojum\u0101 attur\u0113j\u0101s.<\/p>\n<p>\u0160vinkas demisiju atbalst\u012bja ar\u012b divi koal\u012bcijas deput\u0101ti &#8211; Uldis Augulis (ZZS) un J\u0101nis Vuc\u0101ns (ZZS).<\/p>\n<p>Opoz\u012bcijas deput\u0101ts Andris Kulbergs (AS) Saeimas s\u0113d\u0113 pirms balsojuma sac\u012bja, ka ir skaidrs, ka ministram ir \u013coti sare\u017e\u0123\u012bts uzdevums risin\u0101t \u0161os jaut\u0101jumus, kas &#8220;iev\u0101r\u012bti&#8221; satiksmes ministra T\u0101\u013ca Linkaita laikos. Vienlaikus ir j\u0101mekl\u0113 citi risin\u0101jumi, lai netiktu mazin\u0101ti reisi re\u0123ionos.<\/p>\n<p>Vi\u0146\u0161 nor\u0101d\u012bja, ka pa\u0161laik, nerisinot sabiedrisk\u0101 transporta jaut\u0101jumu re\u0123ionos, var non\u0101kt situ\u0101cij\u0101, kad vairs neb\u016bs ar\u012b pakalpojumu sniedz\u0113ju. Kulbergs kritiz\u0113ja ieceri ieviest &#8220;transportu p\u0113c piepras\u012bjuma&#8221;, nor\u0101dot, ka \u0161is pakalpojums neb\u016bs noslogots.<\/p>\n<p>Jau zi\u0146ots, ka dot\u0113tais re\u0123ion\u0101l\u0101s noz\u012bmes autobusu mar\u0161ruta t\u012bkls n\u0101kamgad pl\u0101nots 56,145 miljonu kilometru apm\u0113r\u0101, kas ir par 11,06 miljoniem kilometru jeb 16% maz\u0101k nek\u0101 prognoz\u0113ts 2025. gad\u0101, nol\u0113musi Sabiedrisk\u0101 transporta padome.<\/p>\n<p>Paredz\u0113ts, ka katr\u0101 mar\u0161ruta t\u012bkla da\u013c\u0101 tiks samazin\u0101ti reisi vai reisu da\u013cas ar zemu rentabilit\u0101tes un p\u0101rvad\u0101to pasa\u017eieru r\u0101d\u012bt\u0101ju.<\/p>\n<p><img decoding=\"async\" src=\"https:\/\/www.europesays.com\/lv\/wp-content\/uploads\/2025\/11\/5a11646344aa3fa8b18c47c5abaef4b6.jpg\" title=\"Satiksmes ministrs Atis \u0160vinka. Foto: LETA\" alt=\"Satiksmes ministrs Atis \u0160vinka. Foto: LETA\"\/><\/p>\n<p class=\"article-img-desc\">Satiksmes ministrs Atis \u0160vinka. Foto: LETA<\/p>\n","protected":false},"excerpt":{"rendered":"Parlament\u0101rie\u0161u vair\u0101kums \u0161odien Saeimas s\u0113d\u0113 noraid\u012bja opoz\u012bcijas deput\u0101tu sagatavoto l\u0113muma projektu par neuztic\u012bbas izteik\u0161anu satiksmes ministram Atim \u0160vinkam&hellip;\n","protected":false},"author":2,"featured_media":54620,"comment_status":"","ping_status":"","sticky":false,"template":"","format":"standard","meta":{"footnotes":""},"categories":[12],"tags":[129,5267,23,28,29,32,33,22,30,31,35,39,38,36,37,34,40,20,26,27,5268,5269,24,25,21],"class_list":{"0":"post-54619","1":"post","2":"type-post","3":"status-publish","4":"format-standard","5":"has-post-thumbnail","7":"category-latvija","8":"tag-__typenameadvicekeyword","9":"tag-id1005","10":"tag-aktualitates","11":"tag-breaking-news","12":"tag-breakingnews","13":"tag-featured-news","14":"tag-featurednews","15":"tag-headlines","16":"tag-latest-news","17":"tag-latestnews","18":"tag-latvia","19":"tag-latvian","20":"tag-latviesu","21":"tag-latviesu-valoda","22":"tag-latviesuvaloda","23":"tag-latvija","24":"tag-lv","25":"tag-news","26":"tag-popularakas-zinas","27":"tag-popularakaszinas","28":"tag-slugsatiksmes-ministrija","29":"tag-titlesatiksmes-ministrija","30":"tag-top-stories","31":"tag-topstories","32":"tag-zinas"},"share_on_mastodon":{"url":"https:\/\/pubeurope.com\/@lv\/115582190585203729","error":""},"_links":{"self":[{"href":"https:\/\/www.europesays.com\/lv\/wp-json\/wp\/v2\/posts\/54619","targetHints":{"allow":["GET"]}}],"collection":[{"href":"https:\/\/www.europesays.com\/lv\/wp-json\/wp\/v2\/posts"}],"about":[{"href":"https:\/\/www.europesays.com\/lv\/wp-json\/wp\/v2\/types\/post"}],"author":[{"embeddable":true,"href":"https:\/\/www.europesays.com\/lv\/wp-json\/wp\/v2\/users\/2"}],"replies":[{"embeddable":true,"href":"https:\/\/www.europesays.com\/lv\/wp-json\/wp\/v2\/comments?post=54619"}],"version-history":[{"count":0,"href":"https:\/\/www.europesays.com\/lv\/wp-json\/wp\/v2\/posts\/54619\/revisions"}],"wp:featuredmedia":[{"embeddable":true,"href":"https:\/\/www.europesays.com\/lv\/wp-json\/wp\/v2\/media\/54620"}],"wp:attachment":[{"href":"https:\/\/www.europesays.com\/lv\/wp-json\/wp\/v2\/media?parent=54619"}],"wp:term":[{"taxonomy":"category","embeddable":true,"href":"https:\/\/www.europesays.com\/lv\/wp-json\/wp\/v2\/categories?post=54619"},{"taxonomy":"post_tag","embeddable":true,"href":"https:\/\/www.europesays.com\/lv\/wp-json\/wp\/v2\/tags?post=54619"}],"curies":[{"name":"wp","href":"https:\/\/api.w.org\/{rel}","templated":true}]}}