{"id":54623,"date":"2025-11-20T13:11:25","date_gmt":"2025-11-20T13:11:25","guid":{"rendered":"https:\/\/www.europesays.com\/lv\/54623\/"},"modified":"2025-11-20T13:11:25","modified_gmt":"2025-11-20T13:11:25","slug":"aicina-atbalstit-latvijas-nacionalas-operas-foaje-vesturiska-interjera-atjaunosanu","status":"publish","type":"post","link":"https:\/\/www.europesays.com\/lv\/54623\/","title":{"rendered":"Aicina atbalst\u012bt Latvijas Nacion\u0101l\u0101s operas foaj\u0113 v\u0113sturisk\u0101 interjera atjauno\u0161anu"},"content":{"rendered":"<p>Latvijas Nacion\u0101l\u0101s operas \u0123ilde ASV un Latvijas Nacion\u0101l\u0101s operas fonds (LNOF) pirmo reizi apvienoju\u0161ies kop\u012bgam m\u0113r\u0137im \u2013 piesaist\u012bt ziedojumus Latvijas Nacion\u0101l\u0101s operas (LNO) v\u0113sturisk\u0101 nama ieejas foaj\u0113 interjera atjauno\u0161anai. Ikviens ir aicin\u0101ts atbalst\u012bt \u0161o projektu, kas paredz iekl\u0101t interjeram atbilsto\u0161u ornament\u0113tu gr\u012bdas v\u0113sturisko segumu, izce\u013cot te\u0101tra \u0113kas unik\u0101lo raksturu, port\u0101lu &#8220;Delfi&#8221; inform\u0113 Latvijas Nacion\u0101l\u0101s operas un baleta p\u0101rst\u0101ve Irbe Treile.<\/p>\n<p>Operas v\u0113sturisk\u0101 nama v\u0113rien\u012bg\u0101k\u0101 rekonstrukcija nosl\u0113dz\u0101s pirms tr\u012bsdesmit gadiem \u2013 1995. gada ruden\u012b, tom\u0113r vair\u0101ki pagaidu risin\u0101jumi interjer\u0101 saglab\u0101ju\u0161ies l\u012bdz pat m\u016bsdien\u0101m. Tai skait\u0101 ar\u012b ieejas foaj\u0113 gr\u012bda \u2013 betona segums, kas neatbilst v\u0113sturiskajam interjeram un ir nokalpojis savu laiku gan est\u0113tiski, gan funkcion\u0101li. Kop\u0161 pag\u0101ju\u0161\u0101s vasaras LNO nam\u0101 turpin\u0101s v\u0113sturisk\u0101s \u0113kas energoefektivit\u0101tes uzlabo\u0161anas darbi, kas ar Eiropas Savien\u012bbas Atvese\u013co\u0161an\u0101s fonda finans\u0113jumu ilgs l\u012bdz 2026. gada j\u016bnijam. To gait\u0101 jaunu elpu ieg\u016bs ar\u012b atsevi\u0161\u0137i v\u0113sturiskie interjeri, tom\u0113r ieejas foaj\u0113 gr\u012bdas seguma atjauno\u0161ana ierobe\u017eot\u0101 finans\u0113juma un projekta nosac\u012bjumu d\u0113\u013c taj\u0101 nav iesp\u0113jama, skaidro Treile. <\/p>\n<p>&#8220;Ar pateic\u012bbu un gandar\u012bjumu atbalst\u0101m \u0161o noz\u012bm\u012bgo projektu, kur\u0161 ne tikai \u013caus katram apmekl\u0113t\u0101jam jau ar pirmajiem so\u013ciem Baltaj\u0101 nam\u0101 piedz\u012bvot v\u0113sturisk\u0101 laikmeta garu un skaistumu, bet ar\u012b b\u016bs palieko\u0161s ieguld\u012bjums n\u0101kamaj\u0101m paaudz\u0113m. Aicinu ikvienu b\u016bt par da\u013cu no \u0161\u012b v\u0113stures atjauno\u0161anas projekta, kop\u012bgiem sp\u0113kiem atdz\u012bvinot m\u016bsu operas nama kr\u0101\u0161\u0146os interjerus,&#8221; saka LNOB valdes priek\u0161s\u0113d\u0113t\u0101js Sandis Voldi\u0146\u0161.<\/p>\n<p>Lasiet ar\u012b<\/p>\n<p><a href=\"https:\/\/www.delfi.lv\/kultura\/174\/music\/120086840\/elina-garanca-stiprina-saknes-dzimtene-apmacis-jaunos-vokalistus-un-dziedas-lno-aida\" class=\"headline__image-link\" itemprop=\"url\" rel=\"nofollow noopener\" target=\"_blank\"><img decoding=\"async\" loading=\"lazy\" itemprop=\"image\" src=\"https:\/\/www.europesays.com\/lv\/wp-content\/uploads\/2025\/11\/c849dff9-f35d-439b-8aa0-49799137299e.jpg\" alt=\"El\u012bna Garan\u010da stiprina saknes dzimten\u0113: apm\u0101c\u012bs jaunos vok\u0101listus un dzied\u0101s LNO &quot;A\u012bd\u0101&quot;\" title=\"El\u012bna Garan\u010da stiprina saknes dzimten\u0113: apm\u0101c\u012bs jaunos vok\u0101listus un dzied\u0101s LNO &quot;A\u012bd\u0101&quot;\" class=\"headline__image img-fluid w-100\"\/><\/a><a href=\"https:\/\/www.delfi.lv\/kultura\/32026447\/culturenvironment\/120083642\/remontdarbu-laika-operas-nama-atrasts-paslepts-vesturisks-karogs\" class=\"headline__image-link\" itemprop=\"url\" rel=\"nofollow noopener\" target=\"_blank\"><img decoding=\"async\" loading=\"lazy\" itemprop=\"image\" src=\"https:\/\/www.europesays.com\/lv\/wp-content\/uploads\/2025\/11\/39c4b1ae-54cd-4481-9c22-bdc000882193.jpg\" alt=\"Remontdarbu laik\u0101 Operas nam\u0101 atrasts pasl\u0113pts v\u0113sturisks karogs \" title=\"Remontdarbu laik\u0101 Operas nam\u0101 atrasts pasl\u0113pts v\u0113sturisks karogs \" class=\"headline__image img-fluid w-100\"\/><\/a><\/p>\n<p>Interjeru atjauno\u0161ana \u2013 gan pirms tr\u012bsdesmit gadiem, gan tagad \u2013 uztic\u0113ta arhitektei Liesmai Markovai. Vi\u0146a uzsver: &#8220;P\u0113c foaj\u0113 rekonstrukcijas Opera b\u016bs daudz tuv\u0101ka savam 19. gadsimta beigu un 20. gadsimta s\u0101kuma veidolam. Ien\u0101kot \u0113k\u0101, skat\u012bt\u0101js piedz\u012bvos pamatotu, v\u0113sturiskos avotos balst\u012btu rekonstrukciju. Foaj\u0113 ir k\u0101 uvert\u012bra, kas rada noska\u0146u. Apmekl\u0113t\u0101ji non\u0101ks vid\u0113, kas noska\u0146o ce\u013cam uz z\u0101li, kur\u0101 valda 19. gadsimta beigu interjera gars, k\u0101ds tas var\u0113ja b\u016bt R\u012bg\u0101 \u0161\u012b laikmeta s\u0101kum\u0101.&#8221;<\/p>\n<p>Latvijas Nacion\u0101l\u0101s operas \u0123ildes prezidents Ivars Slokenbergs saka: &#8220;L\u012bdz\u012bgi k\u0101 v\u0113sta sen\u0101 teika par R\u012bgu, kas nekad nedr\u012bkst b\u016bt gatava, lai nenogrimtu, ar\u012b m\u016bsu Baltais nams ir dz\u012bvs tikai kust\u012bb\u0101 un att\u012bst\u012bb\u0101. Tie\u0161i t\u0101d\u0113\u013c Latvijas Nacion\u0101l\u0101s operas \u0123ilde ir pievienojusies \u0161im v\u0113rien\u012bgajam projektam, un sadarb\u012bb\u0101 ar Latvijas Nacion\u0101l\u0101s operas fondu uz\u0146emsies r\u016bpes par operas nama ieejas foaj\u0113 v\u0113sturisk\u0101 interjera atjauno\u0161anu.&#8221;<\/p>\n<p>&#8220;M\u0113s v\u0113lamies k\u013c\u016bt par v\u0113stures da\u013cu un atst\u0101t ko palieko\u0161u un br\u012bni\u0161\u0137\u012bgu n\u0101kamaj\u0101m paaudz\u0113m, kas apmekl\u0113s un apbr\u012bnos opernamu. Ar patiesu degsmi aicin\u0101sim atbalst\u012bt \u0161o projektu!&#8221; t\u0101 LNOF valdes loceklis Aivo Leimanis.<\/p>\n<p><img decoding=\"async\" itemprop=\"image\" src=\"https:\/\/www.europesays.com\/lv\/wp-content\/uploads\/2025\/11\/9237ef49-ffbd-4b9f-ba14-2d1c5ce8df57.jpg\" title=\"Aicina atbalst\u012bt Latvijas Nacion\u0101l\u0101s operas foaj\u0113 v\u0113sturisk\u0101 interjera atjauno\u0161anu\" alt=\"Aicina atbalst\u012bt Latvijas Nacion\u0101l\u0101s operas foaj\u0113 v\u0113sturisk\u0101 interjera atjauno\u0161anu\" class=\"img-fluid w-100\" data-v-a1a92103=\"\"\/>Foto: J\u0101nis \u0136eris <\/p>\n<p>LNO \u0123ildes, LNOF un Latvijas Nacion\u0101l\u0101s operas un baleta parakst\u012btaj\u0101 nodomu protokol\u0101 pausta ap\u0146em\u0161an\u0101s piesaist\u012bt ziedojumos 150 t\u016bksto\u0161us ASV dol\u0101ru un 50 t\u016bksto\u0161us eiro.<\/p>\n<p>Lai godin\u0101tu d\u0101sn\u0101kos atbalst\u012bt\u0101jus, foaj\u0113 tiks izvietota \u012bpa\u0161a pl\u0101ksne ar to ziedot\u0101ju v\u0101rdiem, kuri projektam atv\u0113l\u0113ju\u0161i vair\u0101k nek\u0101 3000 ASV dol\u0101ru vai 2000 eiro.<\/p>\n<p>Ziedot\u0101ji, kas veiks ziedojumu LNOF ar nor\u0101di &#8220;foaj\u0113 v\u0113sturisk\u0101 interjera atjauno\u0161anai&#8221;, k\u013c\u016bs par LNOF biedriem un sa\u0146ems visas biedru priek\u0161roc\u012bbas \u2013 tostarp iesp\u0113ju pirmajiem ieg\u0101d\u0101ties bi\u013cetes uz LNOB piepras\u012bt\u0101kaj\u0101m izr\u0101d\u0113m un koncertiem.<\/p>\n<p>Ikviens ziedot\u0101js, projektam nosl\u0113dzoties, sa\u0146ems pateic\u012bbas z\u012bmi un tiks aicin\u0101ts uz svin\u012bgo atjaunot\u0101 foaj\u0113 atkl\u0101\u0161anas pas\u0101kumu.<\/p>\n<p><img decoding=\"async\" itemprop=\"image\" src=\"https:\/\/www.europesays.com\/lv\/wp-content\/uploads\/2025\/11\/84cdc2eb-3503-4e28-a03d-52beec166e60.jpg\" title=\"Aicina atbalst\u012bt Latvijas Nacion\u0101l\u0101s operas foaj\u0113 v\u0113sturisk\u0101 interjera atjauno\u0161anu\" alt=\"Aicina atbalst\u012bt Latvijas Nacion\u0101l\u0101s operas foaj\u0113 v\u0113sturisk\u0101 interjera atjauno\u0161anu\" class=\"img-fluid w-100\" data-v-a1a92103=\"\"\/>Foto: J\u0101nis \u0136eris <\/p>\n<p class=\"m-0\">Seko &#8220;Delfi&#8221; ar\u012b  <a target=\"_blank\" href=\"https:\/\/www.instagram.com\/delfi.lv\/\" rel=\"nofollow noopener\">Instagram<\/a>  un <a target=\"_blank\" href=\"https:\/\/www.youtube.com\/channel\/UCw5foWtcJvAbUm64rv7jwUQ\" rel=\"nofollow noopener\">YouTube<\/a>  profil\u0101 \u2013 pievienojies, lai uzzin\u0101tu svar\u012bg\u0101ko un interesant\u0101ko pirmais!<\/p>\n<p>Publik\u0101cijas saturs vai t\u0101s jebk\u0101da apjoma da\u013ca ir aizsarg\u0101ts autorties\u012bbu objekts Autorties\u012bbu likuma izpratn\u0113, un t\u0101 izmanto\u0161ana bez izdev\u0113ja at\u013caujas ir aizliegta. Vair\u0101k lasi  <a target=\"_blank\" href=\"https:\/\/www.delfi.lv\/noteikumi#autortiesibas\" rel=\"nofollow noopener\">\u0161eit<\/a><script async src=\"\/\/www.instagram.com\/embed.js\"><\/script><\/p>\n","protected":false},"excerpt":{"rendered":"Latvijas Nacion\u0101l\u0101s operas \u0123ilde ASV un Latvijas Nacion\u0101l\u0101s operas fonds (LNOF) pirmo reizi apvienoju\u0161ies kop\u012bgam m\u0113r\u0137im \u2013 piesaist\u012bt&hellip;\n","protected":false},"author":2,"featured_media":54624,"comment_status":"","ping_status":"","sticky":false,"template":"","format":"standard","meta":{"footnotes":""},"categories":[19],"tags":[89,14849,90,35,39,38,36,37,34,2950,7287,40],"class_list":{"0":"post-54623","1":"post","2":"type-post","3":"status-publish","4":"format-standard","5":"has-post-thumbnail","7":"category-izklaide","8":"tag-entertainment","9":"tag-ivars-slokenbergs","10":"tag-izklaide","11":"tag-latvia","12":"tag-latvian","13":"tag-latviesu","14":"tag-latviesu-valoda","15":"tag-latviesuvaloda","16":"tag-latvija","17":"tag-latvijas-nacionala-opera","18":"tag-latvijas-nacionala-opera-un-balets","19":"tag-lv"},"share_on_mastodon":{"url":"https:\/\/pubeurope.com\/@lv\/115582198501234715","error":""},"_links":{"self":[{"href":"https:\/\/www.europesays.com\/lv\/wp-json\/wp\/v2\/posts\/54623","targetHints":{"allow":["GET"]}}],"collection":[{"href":"https:\/\/www.europesays.com\/lv\/wp-json\/wp\/v2\/posts"}],"about":[{"href":"https:\/\/www.europesays.com\/lv\/wp-json\/wp\/v2\/types\/post"}],"author":[{"embeddable":true,"href":"https:\/\/www.europesays.com\/lv\/wp-json\/wp\/v2\/users\/2"}],"replies":[{"embeddable":true,"href":"https:\/\/www.europesays.com\/lv\/wp-json\/wp\/v2\/comments?post=54623"}],"version-history":[{"count":0,"href":"https:\/\/www.europesays.com\/lv\/wp-json\/wp\/v2\/posts\/54623\/revisions"}],"wp:featuredmedia":[{"embeddable":true,"href":"https:\/\/www.europesays.com\/lv\/wp-json\/wp\/v2\/media\/54624"}],"wp:attachment":[{"href":"https:\/\/www.europesays.com\/lv\/wp-json\/wp\/v2\/media?parent=54623"}],"wp:term":[{"taxonomy":"category","embeddable":true,"href":"https:\/\/www.europesays.com\/lv\/wp-json\/wp\/v2\/categories?post=54623"},{"taxonomy":"post_tag","embeddable":true,"href":"https:\/\/www.europesays.com\/lv\/wp-json\/wp\/v2\/tags?post=54623"}],"curies":[{"name":"wp","href":"https:\/\/api.w.org\/{rel}","templated":true}]}}