{"id":54666,"date":"2025-11-20T14:00:10","date_gmt":"2025-11-20T14:00:10","guid":{"rendered":"https:\/\/www.europesays.com\/lv\/54666\/"},"modified":"2025-11-20T14:00:10","modified_gmt":"2025-11-20T14:00:10","slug":"pirmajiem-deviniem-vienadi-punkti-pasaules-cempionata-dambrete-rapida-valnerim-tik-maz-pietrukst-lidz-medalai","status":"publish","type":"post","link":"https:\/\/www.europesays.com\/lv\/54666\/","title":{"rendered":"Pirmajiem devi\u0146iem vien\u0101di punkti pasaules \u010dempion\u0101t\u0101 dambret\u0113 rapid\u0101, Valnerim tik maz pietr\u016bkst l\u012bdz meda\u013cai"},"content":{"rendered":"<p>Pasaules \u010dempion\u0101ts rapid\u0101 norisin\u0101j\u0101s pasaules kausa posma \u201cXingqiu Cup\u201d ietvaros, kuram bija augst\u0101kais septi\u0146u zvaig\u017e\u0146u statuss. Ar\u012b \u0161aj\u0101s sacens\u012bb\u0101s piedal\u012bj\u0101s m\u016bsu dambretisti Guntis Valneris un Vsevolods Mitr\u0113vi\u010ds.<\/p>\n<p>Sacens\u012bbu rezult\u0101ti bija \u013coti bl\u012bvi. T\u0101 pirmo l\u012bdz dev\u012bto vietu ar ieg\u016btajiem 12 punktiem no 18 iesp\u0113jamajiem dal\u012bja devi\u0146i sp\u0113l\u0113t\u0101ji, starp kuriem bija ar\u012b Guntis Valneris. P\u0113c papildus r\u0101d\u012bt\u0101jiem Guntim nosl\u0113gum\u0101 4 vieta, <a href=\"https:\/\/sportacentrs.com\/citi\/19112025-valneris_izcina_bronzu_pasaules_cempionat\" target=\"_self\" rel=\"nofollow noopener\">pavisam nedaudz pietr\u016bkstot l\u012bdz meda\u013cai, ko vi\u0146\u0161 izc\u012bn\u012bja dienu iepriek\u0161<\/a>. Vsevolods Mitr\u0113vi\u010ds ar ieg\u016btajiem 10 punktiem izc\u012bn\u012bja 24 vietu.<\/p>\n<p>Pasaules kausa posm\u0101 piedal\u012bj\u0101s 67 dal\u012bbnieki no 11 valst\u012bm.<\/p>\n<p>Izmantotie resursi:<br \/><a target=\"_blank\" href=\"http:\/\/www.dambrete.lv\" rel=\"nofollow noopener\">Latvijas Dambretes Feder\u0101cija<\/a><\/p>\n","protected":false},"excerpt":{"rendered":"Pasaules \u010dempion\u0101ts rapid\u0101 norisin\u0101j\u0101s pasaules kausa posma \u201cXingqiu Cup\u201d ietvaros, kuram bija augst\u0101kais septi\u0146u zvaig\u017e\u0146u statuss. Ar\u012b \u0161aj\u0101s&hellip;\n","protected":false},"author":2,"featured_media":54667,"comment_status":"","ping_status":"","sticky":false,"template":"","format":"standard","meta":{"footnotes":""},"categories":[17],"tags":[1303,35,39,38,36,37,34,40,67],"class_list":{"0":"post-54666","1":"post","2":"type-post","3":"status-publish","4":"format-standard","5":"has-post-thumbnail","7":"category-sports","8":"tag-citi-sporta-veidi","9":"tag-latvia","10":"tag-latvian","11":"tag-latviesu","12":"tag-latviesu-valoda","13":"tag-latviesuvaloda","14":"tag-latvija","15":"tag-lv","16":"tag-sports"},"share_on_mastodon":{"url":"https:\/\/pubeurope.com\/@lv\/115582391019192811","error":""},"_links":{"self":[{"href":"https:\/\/www.europesays.com\/lv\/wp-json\/wp\/v2\/posts\/54666","targetHints":{"allow":["GET"]}}],"collection":[{"href":"https:\/\/www.europesays.com\/lv\/wp-json\/wp\/v2\/posts"}],"about":[{"href":"https:\/\/www.europesays.com\/lv\/wp-json\/wp\/v2\/types\/post"}],"author":[{"embeddable":true,"href":"https:\/\/www.europesays.com\/lv\/wp-json\/wp\/v2\/users\/2"}],"replies":[{"embeddable":true,"href":"https:\/\/www.europesays.com\/lv\/wp-json\/wp\/v2\/comments?post=54666"}],"version-history":[{"count":0,"href":"https:\/\/www.europesays.com\/lv\/wp-json\/wp\/v2\/posts\/54666\/revisions"}],"wp:featuredmedia":[{"embeddable":true,"href":"https:\/\/www.europesays.com\/lv\/wp-json\/wp\/v2\/media\/54667"}],"wp:attachment":[{"href":"https:\/\/www.europesays.com\/lv\/wp-json\/wp\/v2\/media?parent=54666"}],"wp:term":[{"taxonomy":"category","embeddable":true,"href":"https:\/\/www.europesays.com\/lv\/wp-json\/wp\/v2\/categories?post=54666"},{"taxonomy":"post_tag","embeddable":true,"href":"https:\/\/www.europesays.com\/lv\/wp-json\/wp\/v2\/tags?post=54666"}],"curies":[{"name":"wp","href":"https:\/\/api.w.org\/{rel}","templated":true}]}}