{"id":54675,"date":"2025-11-20T14:11:13","date_gmt":"2025-11-20T14:11:13","guid":{"rendered":"https:\/\/www.europesays.com\/lv\/54675\/"},"modified":"2025-11-20T14:11:13","modified_gmt":"2025-11-20T14:11:13","slug":"29-xi-sergejs-jegers-un-ieva-smite-koncerta-sidgunda","status":"publish","type":"post","link":"https:\/\/www.europesays.com\/lv\/54675\/","title":{"rendered":"29.XI Sergejs J\u0113gers un Ieva \u0160mite koncert\u0101 Sidgund\u0101"},"content":{"rendered":"<p>29.novembr\u012b plkst.17.00 Zeme\u0146u mui\u017ea Sidgund\u0101, Ziemassv\u0113tkus gaidot, aicina uz \u012bpa\u0161u koncertu, kur\u0101 uzst\u0101sies talant\u012bgais kontrtenors Sergejs J\u0113gers un koncertmeistare Ieva \u0160mite. Adventes laika noska\u0146\u0101s m\u0101kslinieki ne vien izpild\u012bs skaist\u0101ko it\u0101\u013cu un latvie\u0161u komponistu m\u016bziku, bet ar\u012b dal\u012bsies ar st\u0101stiem, piepildot vakaru ar mieru un gai\u0161umu.<\/p>\n","protected":false},"excerpt":{"rendered":"29.novembr\u012b plkst.17.00 Zeme\u0146u mui\u017ea Sidgund\u0101, Ziemassv\u0113tkus gaidot, aicina uz \u012bpa\u0161u koncertu, kur\u0101 uzst\u0101sies talant\u012bgais kontrtenors Sergejs J\u0113gers un&hellip;\n","protected":false},"author":2,"featured_media":54676,"comment_status":"","ping_status":"","sticky":false,"template":"","format":"standard","meta":{"footnotes":""},"categories":[19],"tags":[47,89,90,381,64,35,39,38,36,37,34,40,385,172,382,384,383,21],"class_list":{"0":"post-54675","1":"post","2":"type-post","3":"status-publish","4":"format-standard","5":"has-post-thumbnail","7":"category-izklaide","8":"tag-ekonomika","9":"tag-entertainment","10":"tag-izklaide","11":"tag-jaunumi","12":"tag-kultura","13":"tag-latvia","14":"tag-latvian","15":"tag-latviesu","16":"tag-latviesu-valoda","17":"tag-latviesuvaloda","18":"tag-latvija","19":"tag-lv","20":"tag-pieriga","21":"tag-riga","22":"tag-sabiedriba","23":"tag-sludinajumi","24":"tag-sports-afisa","25":"tag-zinas"},"share_on_mastodon":{"url":"https:\/\/pubeurope.com\/@lv\/115582434196215696","error":""},"_links":{"self":[{"href":"https:\/\/www.europesays.com\/lv\/wp-json\/wp\/v2\/posts\/54675","targetHints":{"allow":["GET"]}}],"collection":[{"href":"https:\/\/www.europesays.com\/lv\/wp-json\/wp\/v2\/posts"}],"about":[{"href":"https:\/\/www.europesays.com\/lv\/wp-json\/wp\/v2\/types\/post"}],"author":[{"embeddable":true,"href":"https:\/\/www.europesays.com\/lv\/wp-json\/wp\/v2\/users\/2"}],"replies":[{"embeddable":true,"href":"https:\/\/www.europesays.com\/lv\/wp-json\/wp\/v2\/comments?post=54675"}],"version-history":[{"count":0,"href":"https:\/\/www.europesays.com\/lv\/wp-json\/wp\/v2\/posts\/54675\/revisions"}],"wp:featuredmedia":[{"embeddable":true,"href":"https:\/\/www.europesays.com\/lv\/wp-json\/wp\/v2\/media\/54676"}],"wp:attachment":[{"href":"https:\/\/www.europesays.com\/lv\/wp-json\/wp\/v2\/media?parent=54675"}],"wp:term":[{"taxonomy":"category","embeddable":true,"href":"https:\/\/www.europesays.com\/lv\/wp-json\/wp\/v2\/categories?post=54675"},{"taxonomy":"post_tag","embeddable":true,"href":"https:\/\/www.europesays.com\/lv\/wp-json\/wp\/v2\/tags?post=54675"}],"curies":[{"name":"wp","href":"https:\/\/api.w.org\/{rel}","templated":true}]}}