{"id":54703,"date":"2025-11-20T14:37:12","date_gmt":"2025-11-20T14:37:12","guid":{"rendered":"https:\/\/www.europesays.com\/lv\/54703\/"},"modified":"2025-11-20T14:37:12","modified_gmt":"2025-11-20T14:37:12","slug":"atseviski-elektrum-klienti-sanemusi-kludainus-rekinus","status":"publish","type":"post","link":"https:\/\/www.europesays.com\/lv\/54703\/","title":{"rendered":"Atsevi\u0161\u0137i &#8220;Elektrum&#8221; klienti sa\u0146\u0113mu\u0161i k\u013c\u016bdainus r\u0113\u0137inus"},"content":{"rendered":"<p>Atsevi\u0161\u0137i elektroener\u0123ijas tirgot\u0101ja &#8220;Elektrum&#8221; klienti sa\u0146\u0113mu\u0161i k\u013c\u016bdainus r\u0113\u0137inus par oktobri \u2013 \u0161\u0101da situ\u0101cija gad\u012bjusies gan Latvij\u0101, gan Igaunij\u0101.<\/p>\n<p>&#8220;Tiem klientiem, kuri jau ir apmaks\u0101ju\u0161i r\u0113\u0137inu, pamatojoties uz nepareiziem datiem, summa autom\u0101tiski paliks k\u0101 avansa maks\u0101jums. Ja klients v\u0113l\u0113sies, m\u0113s p\u0101rmaksu atmaks\u0101sim, par ko vi\u0146iem j\u0101sazin\u0101s ar &#8220;Elektrum&#8221; klientu apkalpo\u0161anas dienestu,&#8221; sac\u012bja Igaunijas &#8220;Elektrum&#8221; vad\u012bt\u0101ja Agnese Maka. <\/p>\n<p class=\"m-0\">Seko &#8220;Delfi&#8221; ar\u012b  <a target=\"_blank\" href=\"https:\/\/www.instagram.com\/delfi.lv\/\" rel=\"nofollow noopener\">Instagram<\/a>  un <a target=\"_blank\" href=\"https:\/\/www.youtube.com\/channel\/UCw5foWtcJvAbUm64rv7jwUQ\" rel=\"nofollow noopener\">YouTube<\/a>  profil\u0101 \u2013 pievienojies, lai uzzin\u0101tu svar\u012bg\u0101ko un interesant\u0101ko pirmais!<\/p>\n<p>Publik\u0101cijas saturs vai t\u0101s jebk\u0101da apjoma da\u013ca ir aizsarg\u0101ts autorties\u012bbu objekts Autorties\u012bbu likuma izpratn\u0113, un t\u0101 izmanto\u0161ana bez izdev\u0113ja at\u013caujas ir aizliegta. Vair\u0101k lasi  <a target=\"_blank\" href=\"https:\/\/www.delfi.lv\/noteikumi#autortiesibas\" rel=\"nofollow noopener\">\u0161eit<\/a><script async src=\"\/\/www.instagram.com\/embed.js\"><\/script><\/p>\n","protected":false},"excerpt":{"rendered":"Atsevi\u0161\u0137i elektroener\u0123ijas tirgot\u0101ja &#8220;Elektrum&#8221; klienti sa\u0146\u0113mu\u0161i k\u013c\u016bdainus r\u0113\u0137inus par oktobri \u2013 \u0161\u0101da situ\u0101cija gad\u012bjusies gan Latvij\u0101, gan Igaunij\u0101.&hellip;\n","protected":false},"author":2,"featured_media":54704,"comment_status":"","ping_status":"","sticky":false,"template":"","format":"standard","meta":{"footnotes":""},"categories":[16],"tags":[77,76,13165,35,39,38,36,37,34,40],"class_list":{"0":"post-54703","1":"post","2":"type-post","3":"status-publish","4":"format-standard","5":"has-post-thumbnail","7":"category-bizness","8":"tag-bizness","9":"tag-business","10":"tag-elektroenergijas-cenas","11":"tag-latvia","12":"tag-latvian","13":"tag-latviesu","14":"tag-latviesu-valoda","15":"tag-latviesuvaloda","16":"tag-latvija","17":"tag-lv"},"share_on_mastodon":{"url":"https:\/\/pubeurope.com\/@lv\/115582536632099400","error":""},"_links":{"self":[{"href":"https:\/\/www.europesays.com\/lv\/wp-json\/wp\/v2\/posts\/54703","targetHints":{"allow":["GET"]}}],"collection":[{"href":"https:\/\/www.europesays.com\/lv\/wp-json\/wp\/v2\/posts"}],"about":[{"href":"https:\/\/www.europesays.com\/lv\/wp-json\/wp\/v2\/types\/post"}],"author":[{"embeddable":true,"href":"https:\/\/www.europesays.com\/lv\/wp-json\/wp\/v2\/users\/2"}],"replies":[{"embeddable":true,"href":"https:\/\/www.europesays.com\/lv\/wp-json\/wp\/v2\/comments?post=54703"}],"version-history":[{"count":0,"href":"https:\/\/www.europesays.com\/lv\/wp-json\/wp\/v2\/posts\/54703\/revisions"}],"wp:featuredmedia":[{"embeddable":true,"href":"https:\/\/www.europesays.com\/lv\/wp-json\/wp\/v2\/media\/54704"}],"wp:attachment":[{"href":"https:\/\/www.europesays.com\/lv\/wp-json\/wp\/v2\/media?parent=54703"}],"wp:term":[{"taxonomy":"category","embeddable":true,"href":"https:\/\/www.europesays.com\/lv\/wp-json\/wp\/v2\/categories?post=54703"},{"taxonomy":"post_tag","embeddable":true,"href":"https:\/\/www.europesays.com\/lv\/wp-json\/wp\/v2\/tags?post=54703"}],"curies":[{"name":"wp","href":"https:\/\/api.w.org\/{rel}","templated":true}]}}