{"id":54707,"date":"2025-11-20T14:40:09","date_gmt":"2025-11-20T14:40:09","guid":{"rendered":"https:\/\/www.europesays.com\/lv\/54707\/"},"modified":"2025-11-20T14:40:09","modified_gmt":"2025-11-20T14:40:09","slug":"foto-%e2%9f%a9-aizvadits-pikets-saistiba-ar-norisem-siguldas-novada-dome","status":"publish","type":"post","link":"https:\/\/www.europesays.com\/lv\/54707\/","title":{"rendered":"FOTO \u27e9 Aizvad\u012bts pikets saist\u012bb\u0101 ar noris\u0113m Siguldas novada dom\u0113"},"content":{"rendered":"<p>Savuk\u0101rt par Vimbas atbr\u012bvo\u0161anu nobalsoja 11 \u0161o piepras\u012bjumu iesniegu\u0161ie deput\u0101ti, k\u0101 ar\u012b domes priek\u0161s\u0113d\u0113t\u0101ja vietniece Ina Stupele (JV) un M\u0101rti\u0146\u0161 Rupmejs (JV). Pret nobalsoja pieci deput\u0101ti, bet viens deput\u0101ts attur\u0113j\u0101s. Domes s\u0113d\u0113 nepiedal\u012bj\u0101s Vi\u013c\u0137ina (LZP un LZS apvienotais saraksts).<\/p>\n<p>Domes s\u0113d\u0113 13. novembr\u012b deput\u0101ti Vimbam p\u0101rmeta iedz\u012bvot\u0101ju pausto neapmierin\u0101t\u012bbu ar Vimbas darbu, iekav\u0113tiem ielu remontiem un iepirkumiem, nesadarbo\u0161anos ar kol\u0113\u0123iem.<\/p>\n<p>Vimba sav\u0101 uzruna domes deput\u0101tiem uzsv\u0113ra, ka neviena no PR kampa\u0146\u0101m l\u012bdz \u0161im nav tikusi veidota tikai vi\u0146am. Tie\u0161i otr\u0101di &#8211; vi\u0146\u0161 esot aicin\u0101jis savus vietniekus un ar\u012b domes deput\u0101tus piedal\u012bties publiskos pas\u0101kumos visa novad\u0101. Video materi\u0101li ir tapu\u0161i, lai atspogu\u013cotu notikumus novad\u0101, inform\u0113tu sabiedr\u012bbu un vairotu novada popularit\u0101ti t\u016bristu vid\u016b.<\/p>\n<p>Vimba esot ticies un atbild\u0113jis novada iedz\u012bvot\u0101jiem, biedr\u012bb\u0101m, padom\u0113m un visiem, kas ir izteiku\u0161i \u0161\u0101du v\u0113lmi gan kl\u0101tien\u0113, gan atbildot uz e-pastiem un telefona zvaniem, nedalot, vai tas ir vai nav izdev\u012bgi politiskajiem reitingiem.<\/p>\n<p>Vi\u0146\u0161 esot bijis iesaist\u012bts visos liel\u0101kajos ar novada att\u012bst\u012bbu saist\u012btajos jaut\u0101jumos &#8211; gan darba grup\u0101s, gan individu\u0101li ar pa\u0161vald\u012bbas darbiniekiem, apgalvoja priek\u0161s\u0113d\u0113t\u0101js.<\/p>\n<p>Vi\u0146\u0161 uzskata, ka ir ietur\u0113jis konstrukt\u012bvu, cie\u0146pilnu, uz risin\u0101jumu v\u0113rstu komunik\u0101ciju gan ar Siguldas novada pa\u0161vald\u012bbas darbiniekiem, gan iedz\u012bvot\u0101jiem, gan sadarb\u012bbas partneriem.<\/p>\n<p>&#8220;Uzskatu, ka piepras\u012bjums par manu atk\u0101p\u0161anos ir nepamatots,&#8221; sac\u012bja Vimba.<\/p>\n","protected":false},"excerpt":{"rendered":"Savuk\u0101rt par Vimbas atbr\u012bvo\u0161anu nobalsoja 11 \u0161o piepras\u012bjumu iesniegu\u0161ie deput\u0101ti, k\u0101 ar\u012b domes priek\u0161s\u0113d\u0113t\u0101ja vietniece Ina Stupele (JV)&hellip;\n","protected":false},"author":2,"featured_media":54708,"comment_status":"","ping_status":"","sticky":false,"template":"","format":"standard","meta":{"footnotes":""},"categories":[5],"tags":[23,28,29,32,33,22,30,31,35,39,38,36,37,34,40,20,26,27,615,24,25,21],"class_list":{"0":"post-54707","1":"post","2":"type-post","3":"status-publish","4":"format-standard","5":"has-post-thumbnail","7":"category-aktualitates","8":"tag-aktualitates","9":"tag-breaking-news","10":"tag-breakingnews","11":"tag-featured-news","12":"tag-featurednews","13":"tag-headlines","14":"tag-latest-news","15":"tag-latestnews","16":"tag-latvia","17":"tag-latvian","18":"tag-latviesu","19":"tag-latviesu-valoda","20":"tag-latviesuvaloda","21":"tag-latvija","22":"tag-lv","23":"tag-news","24":"tag-popularakas-zinas","25":"tag-popularakaszinas","26":"tag-sigulda","27":"tag-top-stories","28":"tag-topstories","29":"tag-zinas"},"share_on_mastodon":{"url":"https:\/\/pubeurope.com\/@lv\/115582548318393696","error":""},"_links":{"self":[{"href":"https:\/\/www.europesays.com\/lv\/wp-json\/wp\/v2\/posts\/54707","targetHints":{"allow":["GET"]}}],"collection":[{"href":"https:\/\/www.europesays.com\/lv\/wp-json\/wp\/v2\/posts"}],"about":[{"href":"https:\/\/www.europesays.com\/lv\/wp-json\/wp\/v2\/types\/post"}],"author":[{"embeddable":true,"href":"https:\/\/www.europesays.com\/lv\/wp-json\/wp\/v2\/users\/2"}],"replies":[{"embeddable":true,"href":"https:\/\/www.europesays.com\/lv\/wp-json\/wp\/v2\/comments?post=54707"}],"version-history":[{"count":0,"href":"https:\/\/www.europesays.com\/lv\/wp-json\/wp\/v2\/posts\/54707\/revisions"}],"wp:featuredmedia":[{"embeddable":true,"href":"https:\/\/www.europesays.com\/lv\/wp-json\/wp\/v2\/media\/54708"}],"wp:attachment":[{"href":"https:\/\/www.europesays.com\/lv\/wp-json\/wp\/v2\/media?parent=54707"}],"wp:term":[{"taxonomy":"category","embeddable":true,"href":"https:\/\/www.europesays.com\/lv\/wp-json\/wp\/v2\/categories?post=54707"},{"taxonomy":"post_tag","embeddable":true,"href":"https:\/\/www.europesays.com\/lv\/wp-json\/wp\/v2\/tags?post=54707"}],"curies":[{"name":"wp","href":"https:\/\/api.w.org\/{rel}","templated":true}]}}