{"id":5471,"date":"2025-09-26T09:30:08","date_gmt":"2025-09-26T09:30:08","guid":{"rendered":"https:\/\/www.europesays.com\/lv\/5471\/"},"modified":"2025-09-26T09:30:08","modified_gmt":"2025-09-26T09:30:08","slug":"ceturtdien-avarijas-cietusi-tris-velosipedisti-un-divi-gajeji","status":"publish","type":"post","link":"https:\/\/www.europesays.com\/lv\/5471\/","title":{"rendered":"Ceturtdien av\u0101rij\u0101s cietu\u0161i tr\u012bs velosip\u0113disti un divi g\u0101j\u0113ji"},"content":{"rendered":"<p>Kopum\u0101 valst\u012b fiks\u0113ti 113 ce\u013cu satiksmes negad\u012bjumi, no kuriem desmit biju\u0161i ar cietu\u0161ajiem. Visvair\u0101k negad\u012bjumu ar ievainotiem cilv\u0113kiem notiku\u0161i R\u012bgas re\u0123ion\u0101, kur septi\u0146\u0101s av\u0101rij\u0101s cietu\u0161i septi\u0146i cilv\u0113ki, tostarp abi g\u0101j\u0113ji un visi tr\u012bs velosip\u0113disti. Latgales re\u0123ion\u0101 ce\u013cu satiksmes negad\u012bjumos cietu\u0161i \u010detri cilv\u0113ki, bet Kurzem\u0113 viens.<\/p>\n<p>Aizvad\u012btaj\u0101 diennakt\u012b pie\u0137erti divi transportl\u012bdzek\u013cu vad\u012bt\u0101ji alkohola reibum\u0101 &#8211; pa vienam Latgal\u0113 un Zemgal\u0113. Abos gad\u012bjumos s\u0101kti krimin\u0101lprocesi, kas, visticam\u0101k, noz\u012bm\u0113, ka vi\u0146i bija stipri piedz\u0113ru\u0161ies.<\/p>\n<p>Par \u0101truma p\u0101rsnieg\u0161anu kopum\u0101 valst\u012b noform\u0113ti 252 administrat\u012bv\u0101 p\u0101rk\u0101puma protokoli, bet agres\u012bv\u0101 brauk\u0161an\u0101 pie\u0137erti tr\u012bs vad\u012bt\u0101ji &#8211; pa vienam R\u012bgas, Vidzemes un Latgales re\u0123ion\u0101, liecina policijas apkopot\u0101 statistika.<\/p>\n","protected":false},"excerpt":{"rendered":"Kopum\u0101 valst\u012b fiks\u0113ti 113 ce\u013cu satiksmes negad\u012bjumi, no kuriem desmit biju\u0161i ar cietu\u0161ajiem. Visvair\u0101k negad\u012bjumu ar ievainotiem cilv\u0113kiem&hellip;\n","protected":false},"author":2,"featured_media":5472,"comment_status":"","ping_status":"","sticky":false,"template":"","format":"standard","meta":{"footnotes":""},"categories":[5],"tags":[23,1465,28,29,32,33,22,30,31,35,39,38,36,37,34,40,20,26,27,24,25,138,21],"class_list":{"0":"post-5471","1":"post","2":"type-post","3":"status-publish","4":"format-standard","5":"has-post-thumbnail","7":"category-aktualitates","8":"tag-aktualitates","9":"tag-autoavarijas","10":"tag-breaking-news","11":"tag-breakingnews","12":"tag-featured-news","13":"tag-featurednews","14":"tag-headlines","15":"tag-latest-news","16":"tag-latestnews","17":"tag-latvia","18":"tag-latvian","19":"tag-latviesu","20":"tag-latviesu-valoda","21":"tag-latviesuvaloda","22":"tag-latvija","23":"tag-lv","24":"tag-news","25":"tag-popularakas-zinas","26":"tag-popularakaszinas","27":"tag-top-stories","28":"tag-topstories","29":"tag-valsts-policija","30":"tag-zinas"},"share_on_mastodon":{"url":"","error":""},"_links":{"self":[{"href":"https:\/\/www.europesays.com\/lv\/wp-json\/wp\/v2\/posts\/5471","targetHints":{"allow":["GET"]}}],"collection":[{"href":"https:\/\/www.europesays.com\/lv\/wp-json\/wp\/v2\/posts"}],"about":[{"href":"https:\/\/www.europesays.com\/lv\/wp-json\/wp\/v2\/types\/post"}],"author":[{"embeddable":true,"href":"https:\/\/www.europesays.com\/lv\/wp-json\/wp\/v2\/users\/2"}],"replies":[{"embeddable":true,"href":"https:\/\/www.europesays.com\/lv\/wp-json\/wp\/v2\/comments?post=5471"}],"version-history":[{"count":0,"href":"https:\/\/www.europesays.com\/lv\/wp-json\/wp\/v2\/posts\/5471\/revisions"}],"wp:featuredmedia":[{"embeddable":true,"href":"https:\/\/www.europesays.com\/lv\/wp-json\/wp\/v2\/media\/5472"}],"wp:attachment":[{"href":"https:\/\/www.europesays.com\/lv\/wp-json\/wp\/v2\/media?parent=5471"}],"wp:term":[{"taxonomy":"category","embeddable":true,"href":"https:\/\/www.europesays.com\/lv\/wp-json\/wp\/v2\/categories?post=5471"},{"taxonomy":"post_tag","embeddable":true,"href":"https:\/\/www.europesays.com\/lv\/wp-json\/wp\/v2\/tags?post=5471"}],"curies":[{"name":"wp","href":"https:\/\/api.w.org\/{rel}","templated":true}]}}