{"id":54779,"date":"2025-11-20T17:10:14","date_gmt":"2025-11-20T17:10:14","guid":{"rendered":"https:\/\/www.europesays.com\/lv\/54779\/"},"modified":"2025-11-20T17:10:14","modified_gmt":"2025-11-20T17:10:14","slug":"polija-pieprasijusi-baltkrievijai-izdot-sliezu-celu-spridzinasana-aizdomas-turamos-ukrainus","status":"publish","type":"post","link":"https:\/\/www.europesays.com\/lv\/54779\/","title":{"rendered":"Polija piepras\u012bjusi Baltkrievijai izdot slie\u017eu ce\u013cu spridzin\u0101\u0161an\u0101 aizdom\u0101s turamos ukrai\u0146us"},"content":{"rendered":"<p>K\u0101 zi\u0146ots, sabot\u0101\u017eas akti ned\u0113\u013cas nogal\u0113 notika uz dzelzce\u013ca l\u012bnijas Var\u0161ava-\u013bub\u013cina, kam ir svar\u012bga vieta gan iek\u0161zemes satiksm\u0113, gan pal\u012bdz\u012bbas kravu pieg\u0101d\u0113 Ukrainai.<\/p>\n<p>Varasiest\u0101des uzskata, ka boj\u0101jumi, kas div\u0101s viet\u0101s nodar\u012bti slie\u017eu ce\u013ciem, ir apzin\u0101ts kait\u0113jums, un premjerministrs Donalds Tusks vienu no slie\u017eu ce\u013cu boj\u0101jumiem nosaucis par m\u0113\u0123in\u0101jumu uzspridzin\u0101t vilcienu, atz\u012bstot, ka tas ir nepieredz\u0113ts sabot\u0101\u017eas akts.<\/p>\n<p>Tusks pazi\u0146oja, ka divas personas, kas bija iesaist\u012btas dzelzce\u013ca slie\u017eu ce\u013cu spridzin\u0101\u0161an\u0101, ir identific\u0113tas k\u0101 Ukrainas pilso\u0146i, kuri &#8220;jau ilgu laiku sadarbojas ar Krievijas izl\u016bkdienestiem&#8221;.<\/p>\n<p>Saska\u0146\u0101 ar Polijas varasiest\u0101\u017eu sniegto inform\u0101ciju aizdom\u0101s tur\u0113tie pametu\u0161i valsti caur Brestas-Terespoles robe\u017e\u0161\u0137\u0113rso\u0161anas punktu uz robe\u017eas ar Baltkrieviju. Maskava noliedz savu saist\u012bbu ar Polijas dzelzce\u013ca spridzin\u0101\u0161anu.<\/p>\n","protected":false},"excerpt":{"rendered":"K\u0101 zi\u0146ots, sabot\u0101\u017eas akti ned\u0113\u013cas nogal\u0113 notika uz dzelzce\u013ca l\u012bnijas Var\u0161ava-\u013bub\u013cina, kam ir svar\u012bga vieta gan iek\u0161zemes satiksm\u0113,&hellip;\n","protected":false},"author":2,"featured_media":54780,"comment_status":"","ping_status":"","sticky":false,"template":"","format":"standard","meta":{"footnotes":""},"categories":[5],"tags":[23,2416,28,29,32,33,22,74,30,31,35,39,38,36,37,34,40,20,72,26,27,2197,24,25,21],"class_list":{"0":"post-54779","1":"post","2":"type-post","3":"status-publish","4":"format-standard","5":"has-post-thumbnail","7":"category-aktualitates","8":"tag-aktualitates","9":"tag-baltkrievija","10":"tag-breaking-news","11":"tag-breakingnews","12":"tag-featured-news","13":"tag-featurednews","14":"tag-headlines","15":"tag-krievijas-iebrukums-ukraina","16":"tag-latest-news","17":"tag-latestnews","18":"tag-latvia","19":"tag-latvian","20":"tag-latviesu","21":"tag-latviesu-valoda","22":"tag-latviesuvaloda","23":"tag-latvija","24":"tag-lv","25":"tag-news","26":"tag-polija","27":"tag-popularakas-zinas","28":"tag-popularakaszinas","29":"tag-sabotaza","30":"tag-top-stories","31":"tag-topstories","32":"tag-zinas"},"share_on_mastodon":{"url":"https:\/\/pubeurope.com\/@lv\/115583138050936627","error":""},"_links":{"self":[{"href":"https:\/\/www.europesays.com\/lv\/wp-json\/wp\/v2\/posts\/54779","targetHints":{"allow":["GET"]}}],"collection":[{"href":"https:\/\/www.europesays.com\/lv\/wp-json\/wp\/v2\/posts"}],"about":[{"href":"https:\/\/www.europesays.com\/lv\/wp-json\/wp\/v2\/types\/post"}],"author":[{"embeddable":true,"href":"https:\/\/www.europesays.com\/lv\/wp-json\/wp\/v2\/users\/2"}],"replies":[{"embeddable":true,"href":"https:\/\/www.europesays.com\/lv\/wp-json\/wp\/v2\/comments?post=54779"}],"version-history":[{"count":0,"href":"https:\/\/www.europesays.com\/lv\/wp-json\/wp\/v2\/posts\/54779\/revisions"}],"wp:featuredmedia":[{"embeddable":true,"href":"https:\/\/www.europesays.com\/lv\/wp-json\/wp\/v2\/media\/54780"}],"wp:attachment":[{"href":"https:\/\/www.europesays.com\/lv\/wp-json\/wp\/v2\/media?parent=54779"}],"wp:term":[{"taxonomy":"category","embeddable":true,"href":"https:\/\/www.europesays.com\/lv\/wp-json\/wp\/v2\/categories?post=54779"},{"taxonomy":"post_tag","embeddable":true,"href":"https:\/\/www.europesays.com\/lv\/wp-json\/wp\/v2\/tags?post=54779"}],"curies":[{"name":"wp","href":"https:\/\/api.w.org\/{rel}","templated":true}]}}