{"id":54807,"date":"2025-11-20T18:28:17","date_gmt":"2025-11-20T18:28:17","guid":{"rendered":"https:\/\/www.europesays.com\/lv\/54807\/"},"modified":"2025-11-20T18:28:17","modified_gmt":"2025-11-20T18:28:17","slug":"liepajas-karostas-pludmale-izskalots-drons-specialisti-apliecina-ka-draudu-nav-lente-lv","status":"publish","type":"post","link":"https:\/\/www.europesays.com\/lv\/54807\/","title":{"rendered":"Liep\u0101jas Karostas pludmal\u0113 izskalots drons \u2013 speci\u0101listi apliecina, ka draudu nav\u00a0\u2014\u00a0Lente.lv"},"content":{"rendered":"<p>Aizdom\u012bgs objekts izskalots Liep\u0101jas Karostas pludmal\u0113<\/p>\n<p>Tre\u0161dien, 19. novembr\u012b, Liep\u0101jas Karostas pludmal\u0113 tika atrasts neparasts atradums \u2013 krast\u0101 izskalots drons. Zi\u0146a \u0101tri izplat\u012bj\u0101s, liecinot par sp\u0113kavado\u0146u publiski sniegto inform\u0101ciju, kas izrais\u012bja zin\u0101mu satraukumu sabiedr\u012bb\u0101. Tom\u0113r, par laimi, s\u0101kotn\u0113j\u0101 izmekl\u0113\u0161ana neliecina par draudiem.<\/p>\n<p>Dro\u0161\u012bbas dienestu r\u012bc\u012bba un izmekl\u0113\u0161ana<\/p>\n<p>Valsts policija nekav\u0113joties tika inform\u0113ta par notikumu un steidz\u0101s uz Karostas pludmali, lai nov\u0113rt\u0113tu situ\u0101ciju. Paral\u0113li tika inform\u0113ti ar\u012b Nacion\u0101lie bru\u0146otie sp\u0113ki (NBS), kuri savuk\u0101rt uz notikuma vietu nos\u016bt\u012bja spr\u0101dzienb\u012bstamu priek\u0161metu izn\u012bcin\u0101\u0161anas speci\u0101listus. Vi\u0146u uzdevums bija r\u016bp\u012bgi izv\u0113rt\u0113t atradumu un p\u0101rliecin\u0101ties par t\u0101 dro\u0161umu. K\u0101 v\u0113l\u0101k tika apstiprin\u0101ts, objekts nav spr\u0101dzienb\u012bstams un nerada nek\u0101du apdraud\u0113jumu sabiedr\u012bbai. \u0160is atradums raisa asoci\u0101cijas ar iepriek\u0161\u0113j\u0101m reiz\u0113m, kad Latvijas krastos tika izskaloti dronu fragmenti, kas, visticam\u0101k, biju\u0161i da\u013ca no Krievijas m\u0101nek\u013ca drona &#8220;Gerbera&#8221;.<\/p>\n<p>Pla\u0161\u0101ks konteksts un starptautisk\u0101 situ\u0101cija<\/p>\n<p>\u0160is gad\u012bjums nav vien\u012bgais, kas noticis Latvijas krastos \u0161oruden, jo jau iepriek\u0161 ir biju\u0161i l\u012bdz\u012bgi atradumi. Tas nor\u0101da uz pla\u0161\u0101ku tendenci, kas var\u0113tu b\u016bt saist\u012bta ar \u0123eopolitisko situ\u0101ciju. Atg\u0101din\u0101m, ka septembra s\u0101kum\u0101 Polijas gaisa telp\u0101 tika nov\u0113roti aptuveni 20 Krievijas droni, un tie, kas rad\u012bja draudus, tika notriekti, kas bija pirm\u0101 reize virs NATO teritorijas. \u0160\u0101di incidenti uzsver nepiecie\u0161am\u012bbu p\u0113c past\u0101v\u012bgas gatav\u012bbas un sadarb\u012bbas starp valst\u012bm dro\u0161\u012bbas jaut\u0101jumos.<\/p>\n<p>Liep\u0101jas pils\u0113tas reakcija<\/p>\n<p>Par notiku\u0161o tika inform\u0113ts ar\u012b Liep\u0101jas pils\u0113tas m\u0113rs Gun\u0101rs Ansi\u0146\u0161, kur\u0161 pauda p\u0101rliec\u012bbu, ka iedz\u012bvot\u0101ju dro\u0161\u012bba nav apdraud\u0113ta. Tas sniedz papildu mierin\u0101jumu gan viet\u0113jiem iedz\u012bvot\u0101jiem, gan viesiem, kas apmekl\u0113 \u0161o popul\u0101ro piekrastes pils\u0113tu.<\/p>\n","protected":false},"excerpt":{"rendered":"Aizdom\u012bgs objekts izskalots Liep\u0101jas Karostas pludmal\u0113 Tre\u0161dien, 19. novembr\u012b, Liep\u0101jas Karostas pludmal\u0113 tika atrasts neparasts atradums \u2013 krast\u0101&hellip;\n","protected":false},"author":2,"featured_media":54808,"comment_status":"","ping_status":"","sticky":false,"template":"","format":"standard","meta":{"footnotes":""},"categories":[5],"tags":[23,28,29,2008,334,32,33,22,30,31,35,39,38,36,37,34,14878,40,3289,20,5054,26,27,24,25,21],"class_list":{"0":"post-54807","1":"post","2":"type-post","3":"status-publish","4":"format-standard","5":"has-post-thumbnail","7":"category-aktualitates","8":"tag-aktualitates","9":"tag-breaking-news","10":"tag-breakingnews","11":"tag-drons","12":"tag-drosiba","13":"tag-featured-news","14":"tag-featurednews","15":"tag-headlines","16":"tag-latest-news","17":"tag-latestnews","18":"tag-latvia","19":"tag-latvian","20":"tag-latviesu","21":"tag-latviesu-valoda","22":"tag-latviesuvaloda","23":"tag-latvija","24":"tag-liepajas-karosta","25":"tag-lv","26":"tag-nacionalie-brunotie-speki","27":"tag-news","28":"tag-pludmale","29":"tag-popularakas-zinas","30":"tag-popularakaszinas","31":"tag-top-stories","32":"tag-topstories","33":"tag-zinas"},"share_on_mastodon":{"url":"https:\/\/pubeurope.com\/@lv\/115583444799538944","error":""},"_links":{"self":[{"href":"https:\/\/www.europesays.com\/lv\/wp-json\/wp\/v2\/posts\/54807","targetHints":{"allow":["GET"]}}],"collection":[{"href":"https:\/\/www.europesays.com\/lv\/wp-json\/wp\/v2\/posts"}],"about":[{"href":"https:\/\/www.europesays.com\/lv\/wp-json\/wp\/v2\/types\/post"}],"author":[{"embeddable":true,"href":"https:\/\/www.europesays.com\/lv\/wp-json\/wp\/v2\/users\/2"}],"replies":[{"embeddable":true,"href":"https:\/\/www.europesays.com\/lv\/wp-json\/wp\/v2\/comments?post=54807"}],"version-history":[{"count":0,"href":"https:\/\/www.europesays.com\/lv\/wp-json\/wp\/v2\/posts\/54807\/revisions"}],"wp:featuredmedia":[{"embeddable":true,"href":"https:\/\/www.europesays.com\/lv\/wp-json\/wp\/v2\/media\/54808"}],"wp:attachment":[{"href":"https:\/\/www.europesays.com\/lv\/wp-json\/wp\/v2\/media?parent=54807"}],"wp:term":[{"taxonomy":"category","embeddable":true,"href":"https:\/\/www.europesays.com\/lv\/wp-json\/wp\/v2\/categories?post=54807"},{"taxonomy":"post_tag","embeddable":true,"href":"https:\/\/www.europesays.com\/lv\/wp-json\/wp\/v2\/tags?post=54807"}],"curies":[{"name":"wp","href":"https:\/\/api.w.org\/{rel}","templated":true}]}}