{"id":5483,"date":"2025-09-26T09:43:22","date_gmt":"2025-09-26T09:43:22","guid":{"rendered":"https:\/\/www.europesays.com\/lv\/5483\/"},"modified":"2025-09-26T09:43:22","modified_gmt":"2025-09-26T09:43:22","slug":"cels-no-latgales-lidz-pasaules-spozakajam-skatuvem-un-filmas-ergeles-nakti-atklasmes-lente-lv","status":"publish","type":"post","link":"https:\/\/www.europesays.com\/lv\/5483\/","title":{"rendered":"Ce\u013c\u0161 no Latgales l\u012bdz pasaules spo\u017e\u0101kaj\u0101m skatuv\u0113m un filmas &#8220;\u0112r\u0123eles nakt\u012b&#8221; atkl\u0101smes\u00a0\u2014\u00a0Lente.lv"},"content":{"rendered":"<p>Iveta Apkalna: Ce\u013c\u0161 no Latgales l\u012bdz pasaules spo\u017e\u0101kaj\u0101m zvaigzn\u0113m<\/p>\n<p>Re\u017eisores Agitas C\u0101nes-\u0136\u012bles jaun\u0101k\u0101 dokument\u0101l\u0101 filma &#8220;\u0112r\u0123eles nakt\u012b. Iveta Apkalna&#8221; pied\u0101v\u0101 dzi\u013cu un int\u012bmu ieskatu pasaulslaven\u0101s latvie\u0161u \u0113r\u0123elnieces Ivetas Apkalnas dz\u012bv\u0113 un karjer\u0101. Filma, kas septembr\u012b piedz\u012bvoja pirmizr\u0101di, atkl\u0101j Apkalnas ce\u013cu no dzimt\u0101s Latgales l\u012bdz pat pasaules presti\u017e\u0101kaj\u0101m skatuv\u0113m, m\u0113\u0123inot izprast, kas sl\u0113pjas aiz izcil\u0101s m\u0101kslinieces spo\u017e\u0101s person\u012bbas. \u0160is kinodarbs ir ne tikai apliecin\u0101jums vi\u0146as glob\u0101lajai atpaz\u012bstam\u012bbai, bet ar\u012b daudzpus\u012bbai k\u0101 m\u0101ksliniecei un cilv\u0113kam.<\/p>\n<p>M\u016bzikas virsotnes un person\u012bg\u0101s dzi\u013cumos<\/p>\n<p>Iveta Apkalna ir starptautiski atz\u012bta \u0113r\u0123elniece, kuru d\u0113v\u0113 par vienu no pasaules vado\u0161aj\u0101m solist\u0113m-instrument\u0101list\u0113m. Vi\u0146as karjera ir spilgts piem\u0113rs neatlaid\u012bbai, talantam un sp\u0113c\u012bgai p\u0101rliec\u012bbai. Kop\u0161 savas debijas ar Berl\u012bnes Filharmoni\u0137iem 2007. gad\u0101 diri\u0123enta Klaudio Abado vad\u012bb\u0101, Apkalna ir uzst\u0101jusies ar pasaules lab\u0101kajiem or\u0137estriem, tostarp Bav\u0101rijas Radio simfonisko or\u0137estri, Amsterdamas Karalisko Concertgebouw or\u0137estri un Losand\u017eelosas filharmoni\u0137iem. Vi\u0146a ir regul\u0101rs viesis noz\u012bm\u012bg\u0101kajos festiv\u0101los Eirop\u0101 un pasaul\u0113, un kop\u0161 2017. gada ie\u0146em Hamburgas Elbas Filharmonijas goda \u0113r\u0123elnieces amatu, kur piedal\u012bjusies ar\u012b vair\u0101ku jaunu ska\u0146darbu pirmatska\u0146ojumos. \u0160ie pan\u0101kumi ir vainagoju\u0161ies ar neskait\u0101m\u0101m balv\u0101m un atzin\u012bb\u0101m, tai skait\u0101 \u010detras reizes sa\u0146emtais Lielais m\u016bzikas balvas apbalvojums Latvij\u0101 un 2005. gad\u0101 k\u0101 pirmajai \u0113r\u0123elniecei pie\u0161\u0137irtais ECHO Klassik &#8220;Gada izpild\u012bt\u0101ja&#8221; tituls. Vi\u0146as sasniegumi ir nov\u0113rt\u0113ti ar\u012b ar Latvijas augst\u0101ko apbalvojumu \u2013 Triju Zvaig\u017e\u0146u ordeni, un vi\u0146a iecelta par Latvijas kult\u016bras v\u0113stnieci.<\/p>\n<p>Tom\u0113r filma &#8220;\u0112r\u0123eles nakt\u012b&#8221; neaprobe\u017eojas tikai ar profesion\u0101lajiem pan\u0101kumiem. T\u0101 iel\u016bkojas ar\u012b dzi\u013c\u0101k, atkl\u0101jot Apkalnas person\u012bg\u0101s dz\u012bves izaicin\u0101jumus un mekl\u0113jumus, lai rastu l\u012bdzsvaru starp intens\u012bvo karjeru un \u0123imenes dz\u012bvi. Scen\u0101rija autore Zane Ozoli\u0146a uzsver, ka filmas m\u0113r\u0137is bijis saprast, kas veido Ivetu ne tikai k\u0101 m\u0101kslinieci, bet ar\u012b k\u0101 sievieti un m\u0101ti. Re\u017eisore Agita C\u0101ne-\u0136\u012ble atz\u012bst, ka film\u0113\u0161anas proces\u0101 vi\u0146iem bija svar\u012bga m\u0101kslinieces uztic\u0113\u0161an\u0101s un atkl\u0101t\u012bba, kas \u013c\u0101va rad\u012bt patiesi person\u012bgu un emocion\u0101lu st\u0101stu.<\/p>\n<p>No Latgales sirds l\u012bdz koncertu z\u0101\u013cu karalienei<\/p>\n<p>Ivetas Apkalnas ce\u013c\u0161 m\u016bzik\u0101 ir ies\u0101kies dzimtaj\u0101 Latgal\u0113, R\u0113zekn\u0113. Vi\u0146a jau agr\u0101 b\u0113rn\u012bb\u0101 izr\u0101d\u012bja interesi par m\u016bziku, s\u0101kot apg\u016bt klaviersp\u0113li piecu gadu vecum\u0101, bet desmit gadu v\u0113l\u0101k pievienojot \u0113r\u0123e\u013csp\u0113li. P\u0113c studij\u0101m J\u0101zepa V\u012btola Latvijas M\u016bzikas akad\u0113mij\u0101, kur vi\u0146a var\u0113ja stud\u0113t abus instrumentus vienlaikus \u2013 kas tolaik bija jaunums \u2013, Apkalna savu meistar\u012bbu pilnveidoja Londonas M\u016bzikas un dr\u0101mas skol\u0101 un \u0160tutgartes M\u016bzikas un m\u0101kslas augstskol\u0101. Vi\u0146as ap\u0146\u0113m\u012bba un talants ir \u013c\u0101vis main\u012bt priek\u0161status par \u0113r\u0123el\u0113m k\u0101 instrumentu, par\u0101dot t\u0101 pla\u0161\u0101s iesp\u0113jas un emocion\u0101lo dzi\u013cumu ar\u012b \u0101rpus bazn\u012bcu sien\u0101m, koncertz\u0101l\u0113s.<\/p>\n<p>Filma ataino Apkalnas sp\u0113ju ne tikai virtuoziski izpild\u012bt ska\u0146darbus, bet ar\u012b iedzi\u013cin\u0101ties to emocion\u0101laj\u0101 v\u0113st\u012bjum\u0101. Vi\u0146a ir paz\u012bstama ar savu aizraut\u012bbu pret laikmet\u012bgo m\u016bziku, sadarbojoties ar m\u016bsdienu komponistiem un atska\u0146ojot vi\u0146u darbus, tai skait\u0101 Esa-Pekka Salonen, Pascal Dusapin un P\u00e9ter E\u00f6tv\u00f6s, kuriem uzrakst\u012bju\u0161i ska\u0146darbus tie\u0161i vi\u0146ai. \u0160\u012b gatav\u012bba eksperiment\u0113t un iepaz\u012bstin\u0101t publiku ar jauniem ska\u0146darbiem padara vi\u0146u par \u012bpa\u0161u un novatorisku m\u0101kslinieci. Vi\u0146a pati saka: &#8220;Es v\u0113los par\u0101d\u012bt, ka papildus bazn\u012bcas m\u016bzikai past\u0101v br\u012bni\u0161\u0137\u012bga \u0113r\u0123e\u013cm\u016bzika ar\u012b koncertz\u0101l\u0113m.&#8221; \u0160\u012b misija vi\u0146ai izdodas ar spo\u017eiem pan\u0101kumiem, iekarojot arvien jaunus klaus\u012bt\u0101ju sirdis vis\u0101 pasaul\u0113.<\/p>\n<p>Spo\u017eas virsotnes un dzi\u013cas aizas<\/p>\n<p>Filmas &#8220;\u0112r\u0123eles nakt\u012b&#8221; nosaukums lieliski atspogu\u013co Apkalnas pieredzi \u2013 spo\u017eas virsotnes, kas saist\u012btas ar pan\u0101kumiem un atzin\u012bbu, un dzi\u013cas aizas, kas simboliz\u0113 intens\u012bvo darbu, vientul\u012bbu un person\u012bg\u0101s dz\u012bves izaicin\u0101jumus. Re\u017eisore Agita C\u0101ne-\u0136\u012ble uzsver, ka filmas pamat\u0101 ir Ivetas izseko\u0161ana, dz\u012bvojot l\u012bdzi vi\u0146as ikdienai, m\u0113\u0123in\u0101jumiem un koncertiem. \u0160is process \u013c\u0101va atkl\u0101t cilv\u0113ku aiz skatuves personas \u2013 vi\u0146as sp\u0113ku, ener\u0123iju un nesatricin\u0101mo darbasp\u0113ku. Filma par\u0101da gan spo\u017eos un adrenal\u012bna pilnos koncertus, gan ar\u012b klus\u0101s, vienatn\u012bg\u0101s nakts stundas pie instrumenta, kur\u0101s tiek sl\u012bp\u0113ta katra nots un mekl\u0113ta piln\u012bba.<\/p>\n<p>Iveta Apkalna atz\u012bst, ka izvair\u0101s sev uzdot jaut\u0101jumu par laika un balansa atra\u0161anu starp karjeru, \u0123imeni un nemit\u012bgajiem p\u0101rbraucieniem. Vi\u0146a vienk\u0101r\u0161i dara to, kas ir vi\u0146as aicin\u0101jums, cen\u0161oties sniegt prieku un atkl\u0101smes mirk\u013cus klaus\u012bt\u0101jiem caur m\u016bziku. Vi\u0146a uzskata, ka katrs koncerts ir unik\u0101ls un ka pietiek ar vienu apmekl\u0113jumu, lai saprastu, kas ir Iveta Apkalna k\u0101 m\u0101ksliniece. Filma ir aicin\u0101jums skat\u012bt\u0101jiem, kuri v\u0113l nav dzird\u0113ju\u0161i vi\u0146as sniegumu dz\u012bvaj\u0101, steigt to piedz\u012bvot, jo vi\u0146a bie\u017ei koncert\u0113 ar\u012b Latvij\u0101.<\/p>\n<p>Filmas un t\u0101s veidot\u0101ju v\u0113st\u012bjums<\/p>\n<p>Dokument\u0101l\u0101 filma &#8220;\u0112r\u0123eles nakt\u012b. Iveta Apkalna&#8221; tapusi Latvijas Telev\u012bzijas un starptautisko partneru ARTE un NDR kopdarb\u0101. T\u0101 tika prezent\u0113ta jau Berl\u012bnes &#8220;Avant Premiere&#8221; Kult\u016bras filmu tirgus programm\u0101, piesaistot starptautisk\u0101s publikas uzman\u012bbu. Filmas veidot\u0101ji ir ne tikai atkl\u0101ju\u0161i jaunas \u0161\u0137autnes Ivetas Apkalnas dz\u012bv\u0113, bet ar\u012b rad\u012bju\u0161i darbu, kas iedvesmo un par\u0101da, cik svar\u012bgi ir sekot savam aicin\u0101jumam un sasniegt augst\u0101k\u0101s virsotnes, neaizmirstot par savu cilv\u0113cisko b\u016bt\u012bbu.<\/p>\n<p>Re\u017eisore Agita C\u0101ne-\u0136\u012ble, kura paz\u012bstama ar savu r\u016bp\u012bgo pieeju un uzman\u012bbu deta\u013c\u0101m, kop\u0101 ar scen\u0101rija autori Zani Ozoli\u0146u un p\u0101r\u0113jo rado\u0161o komandu ir rad\u012bjusi darbu, kas ir gan m\u0101kslinieciski v\u0113rt\u012bgs, gan dzi\u013ci personisks. Vi\u0146u m\u0113r\u0137is bija atkl\u0101t to, kas notiek aiz profesion\u0101l\u0101s virsotnes spozmes \u2013 cilv\u0113ka b\u016bt\u012bbu, vi\u0146a centienus un emocion\u0101l\u0101s p\u0101rmai\u0146as. Filma &#8220;\u0112r\u0123eles nakt\u012b&#8221; nav tikai par \u0113r\u0123el\u0113m un m\u016bziku, t\u0101 ir par dz\u012bvi \u2013 par amb\u012bcij\u0101m, upuriem un neizm\u0113rojamo kaisli, kas virza cilv\u0113ku sasniegt savus sap\u0146us.<\/p>\n","protected":false},"excerpt":{"rendered":"Iveta Apkalna: Ce\u013c\u0161 no Latgales l\u012bdz pasaules spo\u017e\u0101kaj\u0101m zvaigzn\u0113m Re\u017eisores Agitas C\u0101nes-\u0136\u012bles jaun\u0101k\u0101 dokument\u0101l\u0101 filma &#8220;\u0112r\u0123eles nakt\u012b. Iveta&hellip;\n","protected":false},"author":2,"featured_media":5484,"comment_status":"","ping_status":"","sticky":false,"template":"","format":"standard","meta":{"footnotes":""},"categories":[19],"tags":[2457,2456,89,2455,678,90,35,39,38,2458,36,37,34,40],"class_list":{"0":"post-5483","1":"post","2":"type-post","3":"status-publish","4":"format-standard","5":"has-post-thumbnail","7":"category-izklaide","8":"tag-agita-cane-kile","9":"tag-dokumentala-filma","10":"tag-entertainment","11":"tag-ergeles-nakti","12":"tag-iveta-apkalna","13":"tag-izklaide","14":"tag-latvia","15":"tag-latvian","16":"tag-latviesu","17":"tag-latviesu-ergelniece","18":"tag-latviesu-valoda","19":"tag-latviesuvaloda","20":"tag-latvija","21":"tag-lv"},"share_on_mastodon":{"url":"","error":""},"_links":{"self":[{"href":"https:\/\/www.europesays.com\/lv\/wp-json\/wp\/v2\/posts\/5483","targetHints":{"allow":["GET"]}}],"collection":[{"href":"https:\/\/www.europesays.com\/lv\/wp-json\/wp\/v2\/posts"}],"about":[{"href":"https:\/\/www.europesays.com\/lv\/wp-json\/wp\/v2\/types\/post"}],"author":[{"embeddable":true,"href":"https:\/\/www.europesays.com\/lv\/wp-json\/wp\/v2\/users\/2"}],"replies":[{"embeddable":true,"href":"https:\/\/www.europesays.com\/lv\/wp-json\/wp\/v2\/comments?post=5483"}],"version-history":[{"count":0,"href":"https:\/\/www.europesays.com\/lv\/wp-json\/wp\/v2\/posts\/5483\/revisions"}],"wp:featuredmedia":[{"embeddable":true,"href":"https:\/\/www.europesays.com\/lv\/wp-json\/wp\/v2\/media\/5484"}],"wp:attachment":[{"href":"https:\/\/www.europesays.com\/lv\/wp-json\/wp\/v2\/media?parent=5483"}],"wp:term":[{"taxonomy":"category","embeddable":true,"href":"https:\/\/www.europesays.com\/lv\/wp-json\/wp\/v2\/categories?post=5483"},{"taxonomy":"post_tag","embeddable":true,"href":"https:\/\/www.europesays.com\/lv\/wp-json\/wp\/v2\/tags?post=5483"}],"curies":[{"name":"wp","href":"https:\/\/api.w.org\/{rel}","templated":true}]}}