{"id":54914,"date":"2025-11-20T22:00:08","date_gmt":"2025-11-20T22:00:08","guid":{"rendered":"https:\/\/www.europesays.com\/lv\/54914\/"},"modified":"2025-11-20T22:00:08","modified_gmt":"2025-11-20T22:00:08","slug":"lacplesa-diena-riga-izskan-patriotiskais-deju-lieluzvedums-indulis-un-arija-dzirnam-40-lente-lv","status":"publish","type":"post","link":"https:\/\/www.europesays.com\/lv\/54914\/","title":{"rendered":"L\u0101\u010dpl\u0113\u0161a dien\u0101 R\u012bg\u0101 izskan patriotiskais deju lieluzvedums &#8220;Indulis un \u0100rija. Dzirn\u0101m 40&#8221;\u00a0\u2014\u00a0Lente.lv"},"content":{"rendered":"<p>L\u0101\u010dpl\u0113\u0161a dien\u0101 izskan patriotiskais deju lieluzvedums &#8220;Indulis un \u0100rija. Dzirn\u0101m 40&#8221;<\/p>\n<p>R\u012bg\u0101, \u201cXiaomi Ar\u0113n\u0101\u201d, L\u0101\u010dpl\u0113\u0161a dien\u0101, 11. novembr\u012b, div\u0101s izr\u0101d\u0113s ar ov\u0101cij\u0101m tika sveikts deju skolas \u201cDzirnas\u201d kolekt\u012bvs, vad\u012bba un visas rado\u0161\u0101 komanda, kas rad\u012bju\u0161i iespaid\u012bgu patriotisko deju lieluzvedumu \u201cIndulis un \u0100rija. Dzirn\u0101m 40\u201d. \u0160is notikums, kas apvienoja divas noz\u012bm\u012bgas jubilejas \u2013 Rai\u0146a 160. gadadienu un deju skolas \u201cDzirnas\u201d 40. gadsk\u0101rtu, sniedza skat\u012bt\u0101jiem daudzsl\u0101\u0146ainu m\u0101kslas pieredzi.<\/p>\n<p>Rai\u0146a mantojums deju valod\u0101<\/p>\n<p>Iestud\u0113jums, kas tapis p\u0113c Rai\u0146a romantisk\u0101s tra\u0123\u0113dijas mot\u012bviem, ir re\u017eisora Intara Re\u0161etina-P\u0113tersona, komponista Valtera P\u016bces un horeogr\u0101fa Agra Da\u0146i\u013cevi\u010da kopdarbs. Valters P\u016bce \u012bpa\u0161i \u0161im uzvedumam rad\u012bjis ori\u0123in\u0101lm\u016bziku, ko dz\u012bvaj\u0101 izpild\u012bjum\u0101 atska\u0146oja kameror\u0137estris \u201cSinfonietta R\u012bga\u201d un jaunie\u0161u koris \u201cBalsis\u201d. Darbs nav tie\u0161a cit\u0113\u0161ana no iepriek\u0161\u0113j\u0101m izr\u0101d\u0113m, bet gan jauna interpret\u0101cija, kas saglab\u0101 Agra Da\u0146i\u013cevi\u010da rokrakstu un Rai\u0146a domas dzi\u013cumu. Horeogr\u0101fs Agris Da\u0146i\u013cevi\u010ds atz\u012bst, ka Rainis bie\u017ei vien uzdod vair\u0101k jaut\u0101jumu nek\u0101 sniedz atbildes, un ar\u012b izr\u0101de ir veidota, lai rosin\u0101tu skat\u012bt\u0101jus dom\u0101t un just, nevis moraliz\u0113tu. Re\u017eisors Intars Re\u0161etins-P\u0113tersons, kur\u0161 pats ir ar\u012b zemessargs, uzsver iestud\u0113juma patriotisko v\u0113st\u012bjumu, kas run\u0101 par n\u0101ciju, likteni un sen\u010diem, un ir \u012bpa\u0161i aktu\u0101ls m\u016bsdienu \u0123eopolitiskaj\u0101 situ\u0101cij\u0101. Vi\u0146\u0161 nor\u0101da: \u201cM\u0113s visi v\u0113lamies Latvijai Dzirnu dzim\u0161anas dien\u0101 uzd\u0101vin\u0101t patriotisku st\u0101stu, kas run\u0101 par n\u0101ciju, likteni un sen\u010diem \u2013 un ir tik \u013coti aktu\u0101ls ar\u012b \u0161odienas \u0123eopolitiskaj\u0101 situ\u0101cij\u0101.\u201d<\/p>\n<p>Paaud\u017eu vienot\u012bba un pla\u0161ais dal\u012bbnieku loks<\/p>\n<p>Uzvedum\u0101 piedal\u012bj\u0101s vair\u0101k nek\u0101 600 dejot\u0101ju, apvienojot visu paaud\u017eu \u201cDzirnu\u201d audz\u0113k\u0146us, pieaicin\u0101tos deju kolekt\u012bvus, k\u0101 ar\u012b dejot\u0101jus kop\u0101 ar saviem vec\u0101kiem. \u0160\u012b pla\u0161\u0101 dal\u012bbnieku kopskaits simboliz\u0113 paaud\u017eu vienot\u012bbu un kop\u012bbas saj\u016btu, kas ir viens no galvenajiem \u0161\u012b m\u0101kslas notikuma v\u0113st\u012bjumiem. Da\u017ei skat\u012bt\u0101ji izteiku\u0161i no\u017e\u0113lu, ka tik noz\u012bm\u012bgs notikums netika film\u0113ts telev\u012bzijai, lai to var\u0113tu baud\u012bt pla\u0161\u0101ka auditorija.<\/p>\n<p>Iestud\u0113juma m\u0101ksliniecisk\u0101 komanda un v\u0113rt\u012bbas<\/p>\n<p>Lieluzveduma tap\u0161an\u0101 iesaist\u012bjusies spilgta rado\u0161\u0101 komanda: re\u017eisors Intars Re\u0161etins-P\u0113tersons, horeogr\u0101fs un inscen\u0113t\u0101js Agris Da\u0146i\u013cevi\u010ds, komponists Valters P\u016bce, scenogr\u0101fs Aigars Ozoli\u0146\u0161, video m\u0101ksliniece Ineta Sipunova un kost\u012bmu m\u0101ksliniece Jana \u010civ\u017eele. Tekstu autore ir Zane Zusta. Muzik\u0101lo skan\u0113jumu nodro\u0161in\u0101ja kameror\u0137estris \u201cSinfonietta R\u012bga\u201d un jaunie\u0161u koris \u201cBalsis\u201d. Izr\u0101de run\u0101 par tautas likteni, sakn\u0113m, kas atbalsojas \u0161odien\u0101 un n\u0101kotn\u0113, k\u0101 ar\u012b par cilv\u0113km\u012blest\u012bbu un nepiecie\u0161am\u012bbu viens otru vair\u0101k iem\u012bl\u0113t. Tas ir patriotisks st\u0101sts, kas aicina salied\u0113ties un st\u0101v\u0113t plecu pie pleca gai\u0161\u0101 n\u0101kotn\u0113.<\/p>\n","protected":false},"excerpt":{"rendered":"L\u0101\u010dpl\u0113\u0161a dien\u0101 izskan patriotiskais deju lieluzvedums &#8220;Indulis un \u0100rija. Dzirn\u0101m 40&#8221; R\u012bg\u0101, \u201cXiaomi Ar\u0113n\u0101\u201d, L\u0101\u010dpl\u0113\u0161a dien\u0101, 11. novembr\u012b,&hellip;\n","protected":false},"author":2,"featured_media":54915,"comment_status":"","ping_status":"","sticky":false,"template":"","format":"standard","meta":{"footnotes":""},"categories":[19],"tags":[14904,5104,89,1377,90,11267,35,39,38,36,37,34,40,1378],"class_list":{"0":"post-54914","1":"post","2":"type-post","3":"status-publish","4":"format-standard","5":"has-post-thumbnail","7":"category-izklaide","8":"tag-deju-lieluzvedums","9":"tag-dzirnas","10":"tag-entertainment","11":"tag-indulis-un-arija","12":"tag-izklaide","13":"tag-lacplesa-diena","14":"tag-latvia","15":"tag-latvian","16":"tag-latviesu","17":"tag-latviesu-valoda","18":"tag-latviesuvaloda","19":"tag-latvija","20":"tag-lv","21":"tag-rainis"},"share_on_mastodon":{"url":"https:\/\/pubeurope.com\/@lv\/115584278376726259","error":""},"_links":{"self":[{"href":"https:\/\/www.europesays.com\/lv\/wp-json\/wp\/v2\/posts\/54914","targetHints":{"allow":["GET"]}}],"collection":[{"href":"https:\/\/www.europesays.com\/lv\/wp-json\/wp\/v2\/posts"}],"about":[{"href":"https:\/\/www.europesays.com\/lv\/wp-json\/wp\/v2\/types\/post"}],"author":[{"embeddable":true,"href":"https:\/\/www.europesays.com\/lv\/wp-json\/wp\/v2\/users\/2"}],"replies":[{"embeddable":true,"href":"https:\/\/www.europesays.com\/lv\/wp-json\/wp\/v2\/comments?post=54914"}],"version-history":[{"count":0,"href":"https:\/\/www.europesays.com\/lv\/wp-json\/wp\/v2\/posts\/54914\/revisions"}],"wp:featuredmedia":[{"embeddable":true,"href":"https:\/\/www.europesays.com\/lv\/wp-json\/wp\/v2\/media\/54915"}],"wp:attachment":[{"href":"https:\/\/www.europesays.com\/lv\/wp-json\/wp\/v2\/media?parent=54914"}],"wp:term":[{"taxonomy":"category","embeddable":true,"href":"https:\/\/www.europesays.com\/lv\/wp-json\/wp\/v2\/categories?post=54914"},{"taxonomy":"post_tag","embeddable":true,"href":"https:\/\/www.europesays.com\/lv\/wp-json\/wp\/v2\/tags?post=54914"}],"curies":[{"name":"wp","href":"https:\/\/api.w.org\/{rel}","templated":true}]}}