{"id":54930,"date":"2025-11-20T22:36:14","date_gmt":"2025-11-20T22:36:14","guid":{"rendered":"https:\/\/www.europesays.com\/lv\/54930\/"},"modified":"2025-11-20T22:36:14","modified_gmt":"2025-11-20T22:36:14","slug":"ej-ar-so-kameru-pasaule-un-pelni-naudu-fotografu-ulvi-albertu-pieminot","status":"publish","type":"post","link":"https:\/\/www.europesays.com\/lv\/54930\/","title":{"rendered":"&#8220;Ej ar \u0161o kameru pasaul\u0113 un pelni naudu!&#8221; Fotogr\u0101fu Ulvi Albertu pieminot"},"content":{"rendered":"<p><a href=\"https:\/\/sejas.tvnet.lv\/term\/587500\/ulvis-alberts\" class=\"topicLink\" target=\"_blank\" rel=\"nofollow noopener\">Ulvis Alberts<\/a> dzimis 1942. gada 8. maij\u0101 R\u012bg\u0101, Ugas un Mirdzas Albertu \u0123imen\u0113. Otr\u0101 pasaules kara laik\u0101 trijotne izce\u013co uz V\u0101ciju, R\u0101vensburgu, kur pasaul\u0113 n\u0101k Ulvja m\u0101sa Maira. 1949. gad\u0101 no R\u0101vensburgas Alberti dodas t\u0101l\u0101k\u0101 trimd\u0101 uz <a href=\"https:\/\/sejas.tvnet.lv\/term\/555410\/asv\" class=\"topicLink\" target=\"_blank\" rel=\"nofollow noopener\">ASV<\/a> \u2013 vispirms uz Takomu Va\u0161ingtonas pavalst\u012b.<\/p>\n<p>Fotogr\u0101fa t\u0113vs bija m\u0101kslinieks, gleznot\u0101js un arhitekts. &#8220;Lai ar\u012b lielu m\u016b\u017ea da\u013cu t\u0113vs nodz\u012bvoja Amerik\u0101, Latviju vi\u0146\u0161 t\u0101 ar\u012b nekad neaizmirsa,&#8221; fotogr\u0101fs 2002. gad\u0101 st\u0101st\u012bja intervij\u0101 laikrakstam &#8220;Vakara Zi\u0146as&#8221;.<\/p>\n<p>\u201cT\u0113vs bija liels patriots, un latviskie mot\u012bvi bija vis\u0101s vi\u0146a glezn\u0101s, vi\u0146a t\u0113li bija iet\u0113rpti tautast\u0113rpos, un t\u0113mas \u2013 R\u012bga, dejot\u0101ji, L\u012bgosv\u0113tki. \u017d\u0113l, ka Latvij\u0101 vi\u0146\u0161 nebija paz\u012bstams k\u0101 gleznot\u0101js. T\u0113vs bija m\u0101c\u012bjies tikai priv\u0101t\u0101s glezno\u0161anas studij\u0101s, bet vi\u0146am bija liels talants. Vi\u0146\u0161 prata gleznot ar br\u012bvu roku, br\u012bv\u0101s kr\u0101s\u0101s, visi cilv\u0113ki bija it k\u0101 apst\u0101ju\u0161ies kust\u012bb\u0101.&#8221;<\/p>\n","protected":false},"excerpt":{"rendered":"Ulvis Alberts dzimis 1942. gada 8. maij\u0101 R\u012bg\u0101, Ugas un Mirdzas Albertu \u0123imen\u0113. Otr\u0101 pasaules kara laik\u0101 trijotne&hellip;\n","protected":false},"author":2,"featured_media":54931,"comment_status":"","ping_status":"","sticky":false,"template":"","format":"standard","meta":{"footnotes":""},"categories":[19],"tags":[292,89,14907,90,35,39,38,36,37,34,40,14908,14906],"class_list":{"0":"post-54930","1":"post","2":"type-post","3":"status-publish","4":"format-standard","5":"has-post-thumbnail","7":"category-izklaide","8":"tag-asv","9":"tag-entertainment","10":"tag-fotografijas-vesture","11":"tag-izklaide","12":"tag-latvia","13":"tag-latvian","14":"tag-latviesu","15":"tag-latviesu-valoda","16":"tag-latviesuvaloda","17":"tag-latvija","18":"tag-lv","19":"tag-pasaules-latviesu-makslas-centrs","20":"tag-ulvis-alberts"},"share_on_mastodon":{"url":"https:\/\/pubeurope.com\/@lv\/115584419998315838","error":""},"_links":{"self":[{"href":"https:\/\/www.europesays.com\/lv\/wp-json\/wp\/v2\/posts\/54930","targetHints":{"allow":["GET"]}}],"collection":[{"href":"https:\/\/www.europesays.com\/lv\/wp-json\/wp\/v2\/posts"}],"about":[{"href":"https:\/\/www.europesays.com\/lv\/wp-json\/wp\/v2\/types\/post"}],"author":[{"embeddable":true,"href":"https:\/\/www.europesays.com\/lv\/wp-json\/wp\/v2\/users\/2"}],"replies":[{"embeddable":true,"href":"https:\/\/www.europesays.com\/lv\/wp-json\/wp\/v2\/comments?post=54930"}],"version-history":[{"count":0,"href":"https:\/\/www.europesays.com\/lv\/wp-json\/wp\/v2\/posts\/54930\/revisions"}],"wp:featuredmedia":[{"embeddable":true,"href":"https:\/\/www.europesays.com\/lv\/wp-json\/wp\/v2\/media\/54931"}],"wp:attachment":[{"href":"https:\/\/www.europesays.com\/lv\/wp-json\/wp\/v2\/media?parent=54930"}],"wp:term":[{"taxonomy":"category","embeddable":true,"href":"https:\/\/www.europesays.com\/lv\/wp-json\/wp\/v2\/categories?post=54930"},{"taxonomy":"post_tag","embeddable":true,"href":"https:\/\/www.europesays.com\/lv\/wp-json\/wp\/v2\/tags?post=54930"}],"curies":[{"name":"wp","href":"https:\/\/api.w.org\/{rel}","templated":true}]}}