{"id":54975,"date":"2025-11-21T03:01:07","date_gmt":"2025-11-21T03:01:07","guid":{"rendered":"https:\/\/www.europesays.com\/lv\/54975\/"},"modified":"2025-11-21T03:01:07","modified_gmt":"2025-11-21T03:01:07","slug":"dairis-bertans-emocionali-atvadas-no-latvijas-valstsvienibas-ir-laiks-lente-lv","status":"publish","type":"post","link":"https:\/\/www.europesays.com\/lv\/54975\/","title":{"rendered":"Dairis Bert\u0101ns emocion\u0101li atvad\u0101s no Latvijas valstsvien\u012bbas: &#8220;Ir laiks!&#8221;\u00a0\u2014\u00a0Lente.lv"},"content":{"rendered":"<p>Emocion\u0101ls atv\u0113rts Dairis Bert\u0101ns: &#8220;Ir laiks!&#8221; \u2013 atvad\u0101s no Latvijas valstsvien\u012bbas<\/p>\n<p>Latvijas basketbola valstsvien\u012bbas kapteinis Dairis Bert\u0101ns, kur\u0161 ilgus gadus bijis viens no komandas l\u012bderiem un sirdis, ir n\u0101cis klaj\u0101 ar emocion\u0101lu pazi\u0146ojumu par savas karjeras nosl\u0113g\u0161anu nacion\u0101laj\u0101 izlas\u0113. \u0160is solis iez\u012bm\u0113 noz\u012bm\u012bgu \u0113ras beigas Latvijas basketbola v\u0113stur\u0113, jo Bert\u0101ns vienm\u0113r bijis sinon\u012bms c\u012b\u0146assparam un patriotiskai sp\u0113lei sarkanbaltsarkanajos kreklos.<\/p>\n<p>Pats Dairis Bert\u0101ns sav\u0101 pazi\u0146ojum\u0101 soci\u0101lajos medijos paudis: &#8220;Ir laiks! Paldies visiem, kas man tic\u0113ju\u0161i un mani atbalst\u012bju\u0161i \u0161\u012b ce\u013ca laik\u0101. \u0160ai komandai un valstij esmu atdevis visu, kas bijis manos sp\u0113kos.&#8221; Vi\u0146\u0161 piebildis, ka p\u0101rst\u0101v\u0113t Latviju ir bijis liels gods, ko nekad neaizmirs\u012bs, un valstsvien\u012bba vienm\u0113r paliks vi\u0146a m\u012b\u013c\u0101k\u0101 komanda. \u0160is atvadu v\u0113st\u012bjums, kas izplat\u012bjies k\u0101 sens\u0101cija, ir sa\u0146\u0113mis pla\u0161u rezonansi gan sporta pasaul\u0113, gan starp l\u012bdzjut\u0113jiem.<\/p>\n<p>Le\u0123end\u0101r\u0101 karjera Latvijas izlas\u0113: rekordi un atmi\u0146as<\/p>\n<p>Dairis Bert\u0101ns valstsvien\u012bbas rind\u0101s debit\u0113ja jau 2010. gada august\u0101, aizvadot savu pirmo sp\u0113li pret Melnkalni. Kop\u0161 t\u0101 laika vi\u0146\u0161 ir k\u013cuvis par neaizst\u0101jamu komandas pamatsast\u0101va sp\u0113l\u0113t\u0101ju, aizvadot iespaid\u012bgu skaitu ofici\u0101lo sp\u0113\u013cu \u2013 89 sp\u0113les, vid\u0113ji g\u016bstot 9,65 punktus. Vi\u0146a karjera izlas\u0113 ir bijusi bag\u0101ta ar piedal\u012b\u0161anos piecos Eiropas \u010dempion\u0101tu fin\u0101lturn\u012bros (2011., 2013., 2015., 2017. un 2025. gad\u0101) un Latvijas izlases v\u0113sturiskaj\u0101 pirmaj\u0101 Pasaules kausa fin\u0101lturn\u012br\u0101 2024. gad\u0101. Bert\u0101ns ar 1433 g\u016btajiem punktiem izlas\u0113 kopum\u0101 ir ar\u012b viens no rezultat\u012bv\u0101kajiem sp\u0113l\u0113t\u0101jiem Latvijas basketbola v\u0113stur\u0113, ie\u0146emot otro vietu starp rezultat\u012bv\u0101kajiem sp\u0113l\u0113t\u0101jiem Eiropas \u010dempion\u0101tos ar 343 punktiem.<\/p>\n<p>P\u0113c Latvijas Basketbola savien\u012bbas (LBS) apkopot\u0101s statistikas, Bert\u0101ns ir aizvad\u012bjis visvair\u0101k FIBA turn\u012bru sp\u0113\u013cu Latvijas izlases rind\u0101s, sasniedzot 89 sp\u0113\u013cu rekordu. Vi\u0146a kl\u0101tb\u016btne laukum\u0101 vienm\u0113r ir bijusi j\u016btama, un vi\u0146a sp\u0113le ir bijusi k\u0101 piem\u0113rs jaunajiem basketbolistiem, demonstr\u0113jot gan tehnisko meistar\u012bbu, gan nelok\u0101mu patriotismu. Pieredz\u0113ju\u0161ais basketbolists ir lepns, ka ir da\u013ca no Latvijas basketbola v\u0113stures, un apliecina, ka noteikti turpin\u0101s atbalst\u012bt izlases jauno paaudzi.<\/p>\n<p>P\u0113d\u0113j\u0101 sp\u0113le un n\u0101kotnes pl\u0101ni<\/p>\n<p>Dairis Bert\u0101ns savu p\u0113d\u0113jo sp\u0113li Latvijas valstsvien\u012bbas rind\u0101s aizvad\u012bs 28. novembr\u012b pret N\u012bderlandes izlasi Pasaules kausa kvalifik\u0101cijas sp\u0113l\u0113. \u0160is ma\u010ds sol\u0101s b\u016bt emocion\u0101ls ne tikai pa\u0161am basketbolistam, bet ar\u012b visiem kl\u0101teso\u0161ajiem, jo tas iez\u012bm\u0113 simbolisku robe\u017eu starp pag\u0101tni un n\u0101kotni. Bert\u0101na karjera klubos ir bijusi tikpat iespaid\u012bga, p\u0101rst\u0101vot t\u0101dus paz\u012bstamus klubus k\u0101 &#8220;Valmiera&#8221;, &#8220;ASK R\u012bga&#8221;, &#8220;Ventspils&#8221;, &#8220;VEF R\u012bga&#8221;, Bilbao &#8220;Dominion&#8221;, Stambulas &#8220;Dar\u00fc\u015f\u015fafaka&#8221;, Mil\u0101nas &#8220;AX Armani Exchange Olimpia&#8221;, Maskavas apgabala &#8220;Himki&#8221; un pat NBA klubu &#8220;New Orleans Pelicans&#8221;. Vi\u0146\u0161 ir ar\u012b se\u0161k\u0101rt\u0113js Latvijas \u010dempions un ieguvis vair\u0101kus citus noz\u012bm\u012bgus titulus.<\/p>\n<p>Lai gan Bert\u0101ns atvad\u0101s no valstsvien\u012bbas, vi\u0146a atst\u0101tais mantojums un piem\u0113rs turpin\u0101s iedvesmot n\u0101kamos basketbolistus. Vi\u0146a v\u0101rds uz visiem laikiem paliks ierakst\u012bts Latvijas basketbola zelta burtiem, k\u0101 piem\u0113rs degsmei, cent\u012bbai un dzi\u013cai m\u012blest\u012bbai pret savu valsti.<\/p>\n","protected":false},"excerpt":{"rendered":"Emocion\u0101ls atv\u0113rts Dairis Bert\u0101ns: &#8220;Ir laiks!&#8221; \u2013 atvad\u0101s no Latvijas valstsvien\u012bbas Latvijas basketbola valstsvien\u012bbas kapteinis Dairis Bert\u0101ns, kur\u0161&hellip;\n","protected":false},"author":2,"featured_media":54976,"comment_status":"","ping_status":"","sticky":false,"template":"","format":"standard","meta":{"footnotes":""},"categories":[17],"tags":[14062,145,4430,7615,35,39,38,36,37,34,225,40,67],"class_list":{"0":"post-54975","1":"post","2":"type-post","3":"status-publish","4":"format-standard","5":"has-post-thumbnail","7":"category-sports","8":"tag-atvadisanas","9":"tag-basketbols","10":"tag-dairis-bertans","11":"tag-karjeras-beigas","12":"tag-latvia","13":"tag-latvian","14":"tag-latviesu","15":"tag-latviesu-valoda","16":"tag-latviesuvaloda","17":"tag-latvija","18":"tag-latvijas-basketbola-izlase","19":"tag-lv","20":"tag-sports"},"share_on_mastodon":{"url":"https:\/\/pubeurope.com\/@lv\/115585461974056657","error":""},"_links":{"self":[{"href":"https:\/\/www.europesays.com\/lv\/wp-json\/wp\/v2\/posts\/54975","targetHints":{"allow":["GET"]}}],"collection":[{"href":"https:\/\/www.europesays.com\/lv\/wp-json\/wp\/v2\/posts"}],"about":[{"href":"https:\/\/www.europesays.com\/lv\/wp-json\/wp\/v2\/types\/post"}],"author":[{"embeddable":true,"href":"https:\/\/www.europesays.com\/lv\/wp-json\/wp\/v2\/users\/2"}],"replies":[{"embeddable":true,"href":"https:\/\/www.europesays.com\/lv\/wp-json\/wp\/v2\/comments?post=54975"}],"version-history":[{"count":0,"href":"https:\/\/www.europesays.com\/lv\/wp-json\/wp\/v2\/posts\/54975\/revisions"}],"wp:featuredmedia":[{"embeddable":true,"href":"https:\/\/www.europesays.com\/lv\/wp-json\/wp\/v2\/media\/54976"}],"wp:attachment":[{"href":"https:\/\/www.europesays.com\/lv\/wp-json\/wp\/v2\/media?parent=54975"}],"wp:term":[{"taxonomy":"category","embeddable":true,"href":"https:\/\/www.europesays.com\/lv\/wp-json\/wp\/v2\/categories?post=54975"},{"taxonomy":"post_tag","embeddable":true,"href":"https:\/\/www.europesays.com\/lv\/wp-json\/wp\/v2\/tags?post=54975"}],"curies":[{"name":"wp","href":"https:\/\/api.w.org\/{rel}","templated":true}]}}