{"id":55020,"date":"2025-11-21T05:38:07","date_gmt":"2025-11-21T05:38:07","guid":{"rendered":"https:\/\/www.europesays.com\/lv\/55020\/"},"modified":"2025-11-21T05:38:07","modified_gmt":"2025-11-21T05:38:07","slug":"maksligais-intelekts-lidera-sabiedrotais-jeb-ka-tehnologijas-palidz-klut-cilvecigakiem-dienas-bizness","status":"publish","type":"post","link":"https:\/\/www.europesays.com\/lv\/55020\/","title":{"rendered":"M\u0101ksl\u012bgais intelekts \u2013 l\u012bdera sabiedrotais jeb k\u0101 tehnolo\u0123ijas pal\u012bdz k\u013c\u016bt cilv\u0113c\u012bg\u0101kiem :: Dienas Bizness"},"content":{"rendered":"<p class=\"text-font font-size--text-xlarge margin-3--bottom font-weight--bold padding-1--top\">M\u0101ksl\u012bgais intelekts maina to, k\u0101 m\u0113s str\u0101d\u0101jam un vad\u0101m organiz\u0101cijas. Tas ir praktisks r\u012bks, kas pal\u012bdz izprast darba vidi un pie\u0146emt lab\u0101kus l\u0113mumus cilv\u0113ku un komandu lab\u0101. M\u0101ksl\u012bgais intelekts sniedz pla\u0161\u0101ku skat\u012bjumu un dzi\u013c\u0101ku izpratni, pal\u012bdzot vad\u012bt\u0101jiem paman\u012bt lietas, ko dati nesp\u0113tu atkl\u0101t. P\u0101rdom\u0101ti lietots m\u0101ksl\u012bgais intelekts pal\u012bdz padzi\u013cin\u0101t izpratni, \u013caujot l\u012bderiem lab\u0101k orient\u0113ties darba vides dinamik\u0101 un veidot j\u0113gpiln\u0101kas attiec\u012bbas ar cilv\u0113kiem.<\/p>\n<p class=\"text-font font-size--text-xlarge margin-3--bottom\">Saska\u0146\u0101 ar 2025. gada Pasaules Ekonomikas foruma zi\u0146ojumu n\u0101kotnes darba vidi veidos ne tikai tehnolo\u0123ijas, bet ar\u012b unik\u0101las cilv\u0113ku prasmes. Zi\u0146ojums paredz, ka l\u012bdz 2030. gadam visvair\u0101k piepras\u012bt\u0101s prasmes b\u016bs anal\u012btiska un rado\u0161a dom\u0101\u0161ana, notur\u012bba un sp\u0113ja piel\u0101goties, motiv\u0101cija un pa\u0161apzi\u0146a, zin\u0101tk\u0101re, k\u0101 ar\u012b v\u0113lme m\u0101c\u012bties visa m\u016b\u017ea garum\u0101.<\/p>\n<p class=\"text-font font-size--text-xlarge margin-3--bottom\">\u0160\u012bs prasmes ir cilv\u0113c\u012bgas \u2013 balst\u012btas emocion\u0101laj\u0101 inteli\u0123enc\u0113, pa\u0161refleksij\u0101 un rado\u0161um\u0101. T\u0101s ir \u012bpa\u0161\u012bbas, kas veido m\u016bsu sadarb\u012bbu un to, k\u0101 m\u0113r\u0137tiec\u012bgi izmantojam tehnolo\u0123ijas. M\u0101ksl\u012bg\u0101 intelekta laikmet\u0101 m\u016bsu sp\u0113ja palikt cilv\u0113c\u012bgiem k\u013c\u016bst v\u0113l b\u016btisk\u0101ka \u2013 t\u0101 pie\u0161\u0137ir datiem j\u0113gu un virzienu att\u012bst\u012bbai. Lai vad\u012btu efekt\u012bvi, nepiecie\u0161ama gan uzticama inform\u0101cija, gan resurss, ko tehnolo\u0123ijas nesp\u0113j rad\u012bt, \u2013 laikus ieklaus\u012bties un pie\u0146emt r\u016bp\u012bgi p\u0101rdom\u0101tus l\u0113mumus.<\/p>\n<p class=\"text-font font-size--text-xlarge margin-3--bottom\">P\u0113t\u012bjumi un pieredze r\u0101da \u2013 ja m\u0101ksl\u012bg\u0101 intelekta r\u012bki tiek izmantoti ar noteiktu m\u0113r\u0137i, tie var pal\u012bdz\u0113t l\u012bderiem att\u012bst\u012bt emp\u0101tiju, sekm\u0113t uztic\u0113\u0161anos un lab\u0101k r\u016bp\u0113ties par komandu labb\u016bt\u012bbu.<\/p>\n<p class=\"text-font font-size--text-xlarge margin-3--bottom\">Agr\u012bnu izdeg\u0161anas paz\u012bmju noteik\u0161ana<\/p>\n<p class=\"text-font font-size--text-xlarge margin-3--bottom\">M\u0101ksl\u012bgais intelekts sp\u0113j analiz\u0113t lielu inform\u0101cijas apjomu un paman\u012bt smalkas darbinieku noska\u0146ojuma izmai\u0146as \u2013 piem\u0113ram, br\u012b\u017eus, kad k\u0101ds ir p\u0101rslogots, j\u016btas neiesaist\u012bts vai ir pak\u013cauts izdeg\u0161anas riskam. Saska\u0146\u0101 ar CNBC zi\u0146ojumu par m\u0101ksl\u012bg\u0101 intelekta izmanto\u0161anu darbaviet\u0101, organiz\u0101cij\u0101s, kas ieviesa \u0161\u0101dus r\u012bkus, darbinieku emocion\u0101lais izs\u012bkums samazin\u0101j\u0101s vid\u0113ji par 25 %. \u0160\u0101dos gad\u012bjumos m\u0101ksl\u012bgais intelekts, izmantojot t\u0101dus r\u0101d\u012bt\u0101jus k\u0101 ilgsto\u0161as virsstundas, l\u0113n\u0101ka rea\u0123\u0113\u0161ana vai samazin\u0101ta iesaiste, pal\u012bdz\u0113ja identific\u0113t aptuveni tre\u0161da\u013cu darbinieku k\u0101 potenci\u0101li pak\u013cautus izdeg\u0161anas riskam. Tas \u013c\u0101va vad\u012bt\u0101jiem laikus rea\u0123\u0113t \u2013 sniegt atbalstu, piel\u0101got darba slodzi vai vienk\u0101r\u0161i uzs\u0101kt sarunu, pirms probl\u0113mas saasin\u0101s.<\/p>\n<p class=\"text-font font-size--text-xlarge margin-3--bottom\">Da\u017eos uz\u0146\u0113mumos regul\u0101ras \u201cnoska\u0146ojuma p\u0101rbaudes\u201d un \u012bsas aptaujas ir k\u013cuvu\u0161as par standarta praksi, un m\u0101ksl\u012bgais intelekts pal\u012bdz \u0101tri un objekt\u012bvi apkopot ieg\u016btos secin\u0101jumus. Tas neaizst\u0101j l\u012bdera intu\u012bciju, ta\u010du pal\u012bdz skaidr\u0101k un \u0101tr\u0101k paman\u012bt pirm\u0101s paz\u012bmes, ka cilv\u0113kiem var b\u016bt nepiecie\u0161ams atbalsts.<\/p>\n<p class=\"text-font font-size--text-xlarge margin-3--bottom\">Vair\u0101k laika tam, kas patiesi ir svar\u012bgs<\/p>\n<p class=\"text-font font-size--text-xlarge margin-3--bottom\">M\u0101ksl\u012bgais intelekts pak\u0101peniski maina to, k\u0101 l\u012bderi organiz\u0113 savu darbu un kam velta uzman\u012bbu. Viens no ieguvumiem ir sp\u0113ja p\u0101r\u0146emt atk\u0101rtotus vai laikietilp\u012bgus uzdevumus, piem\u0113ram, datu anal\u012bzi un atskai\u0161u sagatavo\u0161anu. To apliecina ar\u012b p\u0113t\u012bjumi \u2013 saska\u0146\u0101 ar \u201cWorkday\u201d 2024. gada zi\u0146ojumu \u201cM\u0101ksl\u012bg\u0101 intelekta prasmju revol\u016bcija\u201d, 93 % akt\u012bvo m\u0101ksl\u012bg\u0101 intelekta lietot\u0101ju nor\u0101da, ka m\u0101ksl\u012bgais intelekts vi\u0146iem sniedz iesp\u0113ju vair\u0101k velt\u012bt laiku strat\u0113\u0123iskiem l\u0113mumiem, sadarb\u012bbai un rado\u0161ai probl\u0113mu risin\u0101\u0161anai. L\u012bderiem tas noz\u012bm\u0113 vair\u0101k laika tam, kas cilv\u0113kiem ir vissvar\u012bg\u0101k: sarunas, p\u0101rdomas un saskarsme.<\/p>\n<p class=\"text-font font-size--text-xlarge margin-3--bottom\">Pilnveidota komunik\u0101cija un savlaic\u012bga atgriezenisk\u0101 saite<\/p>\n<p class=\"text-font font-size--text-xlarge margin-3--bottom\">Lieliski l\u012bderi liek cilv\u0113kiem justies paman\u012btiem un nov\u0113rt\u0113tiem \u2013 tom\u0113r liel\u0101s vai strauji augo\u0161\u0101s organiz\u0101cij\u0101s tas var k\u013c\u016bt \u012bpa\u0161i gr\u016bti. Viens no bie\u017e\u0101kajiem iemesliem, k\u0101p\u0113c darbinieki zaud\u0113 iesaisti, ir savlaic\u012bga nov\u0113rt\u0113juma vai atgriezenisk\u0101s saites tr\u016bkums, kas nereti rodas t\u0101p\u0113c, ka l\u012bderiem vienlaikus ir p\u0101r\u0101k daudz pien\u0101kumu. Te m\u0101ksl\u012bgais intelekts var pal\u012bdz\u0113t uzlabot komunik\u0101ciju un ikdienas vad\u012bbas ritmu. M\u0101ksl\u012bg\u0101 intelekta atg\u0101din\u0101jumi vai asistenti var pal\u012bdz\u0113t vad\u012bt\u0101jiem paman\u012bt svar\u012bgus br\u012b\u017eus darbinieku dz\u012bv\u0113 \u2013 sasniegtu m\u0113r\u0137i, darba jubileju vai vienk\u0101r\u0161i ned\u0113\u013cu, kas bijusi neparasti saspringta, \u2013 un mudin\u0101t laikus rea\u0123\u0113t. T\u0101s ir nelielas, bet noz\u012bm\u012bgas darb\u012bbas, kas pal\u012bdz uztur\u0113t saikni un uztic\u0113\u0161anos komand\u0101s.<\/p>\n<p class=\"text-font font-size--text-xlarge margin-3--bottom\">Tehnolo\u0123ijas nevar just m\u016bsu viet\u0101, ta\u010du t\u0101s var pal\u012bdz\u0113t mums b\u016bt apzin\u0101t\u0101kiem komunik\u0101cij\u0101. Piem\u0113ram, gatavojot atgriezenisko saiti, m\u0101ksl\u012bgais intelekts var ieteikt nianses ton\u012b vai formul\u0113jum\u0101, kas padara v\u0113st\u012bjumu skaidr\u0101ku. \u0160\u0101di tehnolo\u0123ijas k\u013c\u016bst par sabiedroto, kas dabiski pal\u012bdz l\u012bderiem paust emp\u0101tiju.<\/p>\n<p class=\"text-font font-size--text-xlarge margin-3--bottom\">Sabiedrotais l\u012bder\u012bbas att\u012bst\u012bb\u0101 un pa\u0161refleksij\u0101<\/p>\n<p class=\"text-font font-size--text-xlarge margin-3--bottom\">M\u0101ksl\u012bgais intelekts var b\u016bt noz\u012bme ar\u012b l\u012bder\u012bbas att\u012bst\u012bb\u0101 \u2013 darbojoties k\u0101 kou\u010ds, kas veicina izaugsmi un pa\u0161refleksiju. Tas var pal\u012bdz\u0113t l\u012bderiem komunic\u0113t konsekvent\u0101k un v\u0113r\u012bg\u0101k, pak\u0101peniski stiprinot saikni ar komandu.<\/p>\n<p class=\"text-font font-size--text-xlarge margin-3--bottom\">Starptautisk\u0101 un daudzveid\u012bg\u0101 vid\u0113, kur skat\u012bjumi un gaidas var b\u016bt \u013coti at\u0161\u0137ir\u012bgas, m\u0101ksl\u012bg\u0101 intelekta r\u012bki var pal\u012bdz\u0113t l\u012bderiem piel\u0101got savu komunik\u0101ciju da\u017e\u0101diem cilv\u0113kiem un situ\u0101cij\u0101m. Da\u017eas sist\u0113mas sp\u0113j analiz\u0113t valodu vai toni un ieteikt, k\u0101 formul\u0113t v\u0113st\u012bjumu t\u0101, lai tas b\u016btu skaidr\u0101ks un viegl\u0101k uztverams.<\/p>\n<p class=\"text-font font-size--text-xlarge margin-3--bottom\">M\u0101ksl\u012bgais intelekts var darboties ar\u012b k\u0101 spogulis, pal\u012bdzot l\u012bderiem paman\u012bt situ\u0101cijas, kad vi\u0146u r\u012bc\u012bba vai l\u0113mumi var net\u012b\u0161i izsl\u0113gt k\u0101du no l\u012bdzdal\u012bbas. Izce\u013cot noteiktus paradumus vai iesp\u0113jamos aklos punktus, tas rada iesp\u0113ju veidot taisn\u012bg\u0101ku, daudzveid\u012bg\u0101ku un emp\u0101tisk\u0101ku darba vidi.<\/p>\n<p class=\"text-font font-size--text-xlarge margin-3--bottom\">\u0160\u0101di izmantots, m\u0101ksl\u012bgais intelekts k\u013c\u016bst par pal\u012bgu apzin\u0101t\u012bbai \u2013 nevis aizst\u0101jot cilv\u0113ka spriestsp\u0113ju, bet pal\u012bdzot skaidr\u0101k saskat\u012bt izv\u0113les.<\/p>\n<p class=\"text-font font-size--text-xlarge margin-3--bottom\">Cilv\u0113c\u012bba \u2013 n\u0101kotnes l\u012bder\u012bbas pamats<\/p>\n<p class=\"text-font font-size--text-xlarge margin-3--bottom\">Saska\u0146\u0101 ar nesenu \u201cWorkday\u201d glob\u0101lo aptauju 90 % darbinieku uzskata, ka m\u0101ksl\u012bgais intelekts var stiprin\u0101t caurskat\u0101m\u012bbu un atbild\u012bbu organiz\u0101cij\u0101s. \u0160is secin\u0101jums ir iepriecino\u0161s, ta\u010du patiesais progresa r\u0101d\u012bt\u0101js ir tas, vai tehnolo\u0123ijas pal\u012bdz mums vad\u012bt ar dzi\u013c\u0101ku izpratni, ne tikai str\u0101d\u0101t efekt\u012bv\u0101k.<\/p>\n<p class=\"text-font font-size--text-xlarge margin-3--bottom\">M\u0101ksl\u012bgais intelekts var pal\u012bdz\u0113t l\u012bderiem b\u016bt kl\u0101teso\u0161\u0101kiem, v\u0113r\u012bg\u0101kiem un emp\u0101tisk\u0101kiem \u2013 ja tas tiek izmantots, lai stiprin\u0101tu to, kas padara l\u012bder\u012bbu cilv\u0113c\u012bgu: uztic\u0113\u0161anos, zin\u0101tk\u0101ri un atbild\u012bbas saj\u016btu. N\u0101kotnes l\u012bder\u012bba b\u016bs atkar\u012bga no m\u016bsu sp\u0113jas apvienot tehnolo\u0123isko precizit\u0101ti ar cilv\u0113ka spriestsp\u0113ju, veidojot darba vidi, kur inov\u0101cijas un emp\u0101tija att\u012bst\u0101s plecu pie pleca.<\/p>\n","protected":false},"excerpt":{"rendered":"M\u0101ksl\u012bgais intelekts maina to, k\u0101 m\u0113s str\u0101d\u0101jam un vad\u0101m organiz\u0101cijas. Tas ir praktisks r\u012bks, kas pal\u012bdz izprast darba&hellip;\n","protected":false},"author":2,"featured_media":55021,"comment_status":"","ping_status":"","sticky":false,"template":"","format":"standard","meta":{"footnotes":""},"categories":[16],"tags":[869,77,870,76,867,35,39,38,36,37,34,871,868,40,21],"class_list":{"0":"post-55020","1":"post","2":"type-post","3":"status-publish","4":"format-standard","5":"has-post-thumbnail","7":"category-bizness","8":"tag-biznesa-zinas","9":"tag-bizness","10":"tag-bizness-latvija","11":"tag-business","12":"tag-dienas-zinas","13":"tag-latvia","14":"tag-latvian","15":"tag-latviesu","16":"tag-latviesu-valoda","17":"tag-latviesuvaloda","18":"tag-latvija","19":"tag-latvijas-biznesa-zinas","20":"tag-latvijas-zinas","21":"tag-lv","22":"tag-zinas"},"share_on_mastodon":{"url":"https:\/\/pubeurope.com\/@lv\/115586079266466212","error":""},"_links":{"self":[{"href":"https:\/\/www.europesays.com\/lv\/wp-json\/wp\/v2\/posts\/55020","targetHints":{"allow":["GET"]}}],"collection":[{"href":"https:\/\/www.europesays.com\/lv\/wp-json\/wp\/v2\/posts"}],"about":[{"href":"https:\/\/www.europesays.com\/lv\/wp-json\/wp\/v2\/types\/post"}],"author":[{"embeddable":true,"href":"https:\/\/www.europesays.com\/lv\/wp-json\/wp\/v2\/users\/2"}],"replies":[{"embeddable":true,"href":"https:\/\/www.europesays.com\/lv\/wp-json\/wp\/v2\/comments?post=55020"}],"version-history":[{"count":0,"href":"https:\/\/www.europesays.com\/lv\/wp-json\/wp\/v2\/posts\/55020\/revisions"}],"wp:featuredmedia":[{"embeddable":true,"href":"https:\/\/www.europesays.com\/lv\/wp-json\/wp\/v2\/media\/55021"}],"wp:attachment":[{"href":"https:\/\/www.europesays.com\/lv\/wp-json\/wp\/v2\/media?parent=55020"}],"wp:term":[{"taxonomy":"category","embeddable":true,"href":"https:\/\/www.europesays.com\/lv\/wp-json\/wp\/v2\/categories?post=55020"},{"taxonomy":"post_tag","embeddable":true,"href":"https:\/\/www.europesays.com\/lv\/wp-json\/wp\/v2\/tags?post=55020"}],"curies":[{"name":"wp","href":"https:\/\/api.w.org\/{rel}","templated":true}]}}