{"id":55059,"date":"2025-11-21T06:23:11","date_gmt":"2025-11-21T06:23:11","guid":{"rendered":"https:\/\/www.europesays.com\/lv\/55059\/"},"modified":"2025-11-21T06:23:11","modified_gmt":"2025-11-21T06:23:11","slug":"ogres-novada-svinigi-godinati-izcilakie-laudis-latvijas-dzimsanas-diena-lente-lv","status":"publish","type":"post","link":"https:\/\/www.europesays.com\/lv\/55059\/","title":{"rendered":"Ogres novad\u0101 svin\u012bgi godin\u0101ti izcil\u0101kie \u013caudis Latvijas dzim\u0161anas dien\u0101\u00a0\u2014\u00a0Lente.lv"},"content":{"rendered":"<p>Ogres novada izcil\u0101kie \u013caudis godalgoti Latvijas dzim\u0161anas dien\u0101<\/p>\n<p>18. novembr\u012b, atz\u012bm\u0113jot Latvijas Republikas proklam\u0113\u0161anas 107. gadadienu, Lielv\u0101rdes Kult\u016bras nam\u0101 svin\u012bg\u0101 pas\u0101kum\u0101 tika godin\u0101ti Ogres novada pa\u0161vald\u012bbas augst\u0101ko apbalvojumu ieguv\u0113ji. \u0160is notikums ir k\u013cuvis par trad\u012bciju, apliecinot dzi\u013cu cie\u0146u un pateic\u012bbu cilv\u0113kiem, kuri ar savu darbu, talantu un nesavt\u012bgo ieguld\u012bjumu ir bag\u0101tin\u0101ju\u0161i novadu un stiprin\u0101ju\u0161i Latvijas valstiskumu.<\/p>\n<p>Svin\u012bgaj\u0101 pas\u0101kum\u0101, kas norisin\u0101ja patriotisk\u0101 un sv\u0113tku noska\u0146\u0101, tika pasniegti apbalvojumi &#8220;Ogres novada Goda pilsonis&#8221; un &#8220;Ogres novada Gada cilv\u0113ks&#8221;. \u0160ie tituli ir apliecin\u0101jums \u012bpa\u0161iem nopelniem sabiedr\u012bbas lab\u0101, atspogu\u013cojot gan profesion\u0101los sasniegumus, gan ar\u012b person\u012bgo ieguld\u012bjumu novada att\u012bst\u012bb\u0101 un iedz\u012bvot\u0101ju labkl\u0101j\u012bbas cel\u0161an\u0101. Papildus tam tika pasniegti ar\u012b Ogres novada pa\u0161vald\u012bbas Atzin\u012bbas un Pateic\u012bbas raksti, izce\u013cot v\u0113l pla\u0161\u0101ku loku akt\u012bvu un iesaist\u012btu novada iedz\u012bvot\u0101ju, kuri sav\u0101 darb\u012bb\u0101 demonstr\u0113ju\u0161i izcil\u012bbu un spilgtu person\u012bbu.<\/p>\n<p>Sirds darbs un nesavt\u012bba \u2013 galven\u0101s v\u0113rt\u012bbas<\/p>\n<p>\u0160ie apbalvojumi nav tikai form\u0101ls pagodin\u0101jums, bet gan apliecin\u0101jums tam, ka novada sabiedr\u012bba pamana un nov\u0113rt\u0113 tos, kuri nesavt\u012bgi velta savu laiku un ener\u0123iju kop\u0113j\u0101 labuma nodro\u0161in\u0101\u0161anai. &#8220;Ogres novada Goda pilsonis&#8221; tituls tiek pie\u0161\u0137irts person\u0101m, kuru darb\u012bba ir atst\u0101jusi iev\u0113rojamu un palieko\u0161u iespaidu uz novada att\u012bst\u012bbu, veicinot t\u0101 presti\u017eu un labkl\u0101j\u012bbu starp novadiem Latvij\u0101. Savuk\u0101rt &#8220;Ogres novada Gada cilv\u0113ks&#8221; ir atzin\u012bba par spilgtiem sasniegumiem un ieguld\u012bjumu konkr\u0113taj\u0101 gad\u0101, kas ir iedvesmojis un motiv\u0113jis citus.<\/p>\n<p>Atzin\u012bbas un Pateic\u012bbas rakstu sa\u0146\u0113m\u0113ji ir tie, kuri ikdien\u0101 sav\u0101 darba viet\u0101, \u0123imen\u0113 vai sabiedriskaj\u0101 dz\u012bv\u0113 veic noz\u012bm\u012bgus darbus, bie\u017ei vien paliekot iev\u0113roti maz\u0101k, ta\u010du vi\u0146u ieguld\u012bjums ir nenoliedzami svar\u012bgs novada harmoniskai un notur\u012bgai att\u012bst\u012bbai. \u0160ie apbalvojumi ir k\u0101 pateic\u012bbas dzirksts no visas kopienas, nov\u0113rt\u0113jot katra cilv\u0113ka unik\u0101lo ieguld\u012bjumu un cent\u012bbu.<\/p>\n<p>Pag\u0101tne, tagadne un n\u0101kotne \u2013 vienot\u0101 sv\u0113tku st\u0101st\u0101<\/p>\n<p>Pas\u0101kums Lielv\u0101rdes Kult\u016bras nam\u0101 bija ne tikai apbalvo\u0161anas ceremonija, bet ar\u012b sirsn\u012bga kop\u0101 b\u016b\u0161ana, kur\u0101 tika atskat\u012bts uz paveikto un uzl\u016bkots n\u0101kotn\u0113 ar optimismu. Latvijas dzim\u0161anas dienas svin\u012bbas vienm\u0113r ir \u012bpa\u0161s br\u012bdis, kad atg\u0101din\u0101m sev par m\u016bsu valsts v\u0113rt\u012bb\u0101m, v\u0113sturi un n\u0101kotnes perspekt\u012bv\u0101m. \u0160\u0101dos pas\u0101kumos \u012bpa\u0161i izj\u016btam kop\u012bbas saj\u016btu un lepnumu par savu valsti un t\u0101s cilv\u0113kiem.<\/p>\n<p>\u0160\u012b gada sv\u0113tku pas\u0101kuma gaisotne ir bijusi \u012bpa\u0161i patriotiska un pacil\u0101jo\u0161a. Kl\u0101teso\u0161ajiem tika sniegta iesp\u0113ja ne tikai kl\u0101tien\u0113 sveikt godalgotos, bet ar\u012b izbaud\u012bt sv\u0113tku programmu, kas bija velt\u012bta Latvijas neatkar\u012bbai un t\u0101s stiprin\u0101\u0161anai. K\u0101 zin\u0101ms, stipra valsts veidojas no stipriem cilv\u0113kiem, un tie\u0161i t\u0101p\u0113c \u0161\u0101du godin\u0101\u0161anas pas\u0101kumu noz\u012bme ir tik liela \u2013 tie stiprina kopienu un motiv\u0113 sasniegt v\u0113l vair\u0101k.<\/p>\n<p>Ogres novads \u2013 vieta, kur tiek nov\u0113rt\u0113ts talants un darbs<\/p>\n<p>Ogres novada pa\u0161vald\u012bba jau daudzus gadus ar \u0161\u0101diem pas\u0101kumiem apliecina savu ap\u0146em\u0161anos atbalst\u012bt un motiv\u0113t savus iedz\u012bvot\u0101jus. T\u0101 ir k\u0101 sena latvie\u0161u trad\u012bcija \u2013 god\u0101t tos, kas ir devu\u0161i vair\u0101k nek\u0101 pras\u012bts, kuri ir nesu\u0161i gaismu un labumu citiem. \u0160ie apbalvotie cilv\u0113ki ir k\u0101 spilgti piem\u0113ri tam, ka Latvij\u0101 joproj\u0101m ir \u013coti daudz talant\u012bgu, str\u0101d\u0101t gribo\u0161u un m\u012blo\u0161u cilv\u0113ku, kuri savu ener\u0123iju un idejas velta dzimtenes stiprin\u0101\u0161anai.<\/p>\n<p>K\u0101 piem\u0113ru var min\u0113t tos, kuri akt\u012bvi iesaist\u0101s sabiedrisk\u0101s iniciat\u012bv\u0101s, atbalsta jaunie\u0161us, saglab\u0101 kult\u016bras mantojumu vai vienk\u0101r\u0161i ar savu ikdienas darbu uzlabo apk\u0101rt\u0113jo vidi. Vi\u0146u piem\u0113rs ir k\u0101 iedvesmojo\u0161a dzirksts, kas var aizdedzin\u0101t un motiv\u0113t ar\u012b citus novada iedz\u012bvot\u0101jus akt\u012bv\u0101k iesaist\u012bties un darboties savas kopienas un valsts lab\u0101. \u0160\u0101di notikumi ir k\u0101 spogulis, kas atspogu\u013co novada potenci\u0101lu un cilv\u0113ku sp\u0113ku.<\/p>\n","protected":false},"excerpt":{"rendered":"Ogres novada izcil\u0101kie \u013caudis godalgoti Latvijas dzim\u0161anas dien\u0101 18. novembr\u012b, atz\u012bm\u0113jot Latvijas Republikas proklam\u0113\u0161anas 107. gadadienu, Lielv\u0101rdes Kult\u016bras&hellip;\n","protected":false},"author":2,"featured_media":55060,"comment_status":"","ping_status":"","sticky":false,"template":"","format":"standard","meta":{"footnotes":""},"categories":[5],"tags":[23,11967,28,29,32,33,14549,22,14935,30,31,35,39,38,36,37,34,13479,40,20,11228,26,27,24,25,21],"class_list":{"0":"post-55059","1":"post","2":"type-post","3":"status-publish","4":"format-standard","5":"has-post-thumbnail","7":"category-aktualitates","8":"tag-aktualitates","9":"tag-apbalvosana","10":"tag-breaking-news","11":"tag-breakingnews","12":"tag-featured-news","13":"tag-featurednews","14":"tag-godinasana","15":"tag-headlines","16":"tag-izcilakie-cilveki","17":"tag-latest-news","18":"tag-latestnews","19":"tag-latvia","20":"tag-latvian","21":"tag-latviesu","22":"tag-latviesu-valoda","23":"tag-latviesuvaloda","24":"tag-latvija","25":"tag-latvijas-dzimsanas-diena","26":"tag-lv","27":"tag-news","28":"tag-ogres-novads","29":"tag-popularakas-zinas","30":"tag-popularakaszinas","31":"tag-top-stories","32":"tag-topstories","33":"tag-zinas"},"share_on_mastodon":{"url":"https:\/\/pubeurope.com\/@lv\/115586256284174616","error":""},"_links":{"self":[{"href":"https:\/\/www.europesays.com\/lv\/wp-json\/wp\/v2\/posts\/55059","targetHints":{"allow":["GET"]}}],"collection":[{"href":"https:\/\/www.europesays.com\/lv\/wp-json\/wp\/v2\/posts"}],"about":[{"href":"https:\/\/www.europesays.com\/lv\/wp-json\/wp\/v2\/types\/post"}],"author":[{"embeddable":true,"href":"https:\/\/www.europesays.com\/lv\/wp-json\/wp\/v2\/users\/2"}],"replies":[{"embeddable":true,"href":"https:\/\/www.europesays.com\/lv\/wp-json\/wp\/v2\/comments?post=55059"}],"version-history":[{"count":0,"href":"https:\/\/www.europesays.com\/lv\/wp-json\/wp\/v2\/posts\/55059\/revisions"}],"wp:featuredmedia":[{"embeddable":true,"href":"https:\/\/www.europesays.com\/lv\/wp-json\/wp\/v2\/media\/55060"}],"wp:attachment":[{"href":"https:\/\/www.europesays.com\/lv\/wp-json\/wp\/v2\/media?parent=55059"}],"wp:term":[{"taxonomy":"category","embeddable":true,"href":"https:\/\/www.europesays.com\/lv\/wp-json\/wp\/v2\/categories?post=55059"},{"taxonomy":"post_tag","embeddable":true,"href":"https:\/\/www.europesays.com\/lv\/wp-json\/wp\/v2\/tags?post=55059"}],"curies":[{"name":"wp","href":"https:\/\/api.w.org\/{rel}","templated":true}]}}