{"id":5506,"date":"2025-09-26T10:30:08","date_gmt":"2025-09-26T10:30:08","guid":{"rendered":"https:\/\/www.europesays.com\/lv\/5506\/"},"modified":"2025-09-26T10:30:08","modified_gmt":"2025-09-26T10:30:08","slug":"tjuminam-kritiens-un-izstasanas-pasaules-cempionata-sosejas-ritenbrauksana","status":"publish","type":"post","link":"https:\/\/www.europesays.com\/lv\/5506\/","title":{"rendered":"Tjuminam kritiens un izst\u0101\u0161an\u0101s pasaules \u010dempion\u0101t\u0101 \u0161osejas rite\u0146brauk\u0161an\u0101"},"content":{"rendered":"<p>Piektdien Ruand\u0101 ar junioru grupas braucienu turpin\u0101j\u0101s pasaules \u010dempion\u0101ts \u0161osejas rite\u0146brauk\u0161an\u0101. No Latvijas sportistiem Marks J\u0101kobsons 142 dal\u012bbnieku konkurenc\u0113 fini\u0161\u0113ja 51. viet\u0101, bet siguldietis Georgs Tjumins jau astotaj\u0101 kilometr\u0101 iek\u013cuva kritien\u0101, sp\u0113c\u012bgi savainojot elkoni, un bija spiests izst\u0101ties.<\/p>\n<p>K\u0101 inform\u0113ja Latvijas Rite\u0146brauk\u0161anas feder\u0101cij\u0101, atrodoties grupas vidusda\u013c\u0101, Georgs sad\u016br\u0101s ar konkurentiem un neveiksm\u012bgi piezem\u0113j\u0101s, smagi savainojot elkoni. Neskatoties uz to, vi\u0146\u0161 turpin\u0101ja c\u012b\u0146u un ar komandas apkalpes pal\u012bdz\u012bbu atgriez\u0101s grup\u0101. Diem\u017e\u0113l savainojums un s\u0101pes, kas \u012bpa\u0161i j\u016btamas bru\u0123a kaln\u0101, lika vi\u0146am distances vidusda\u013c\u0101 izst\u0101ties. P\u0113c sacens\u012bb\u0101m Georgs non\u0101ca medi\u0137u apr\u016bp\u0113, kuri veiks p\u0101rbaudes, lai noteiktu turpm\u0101ko \u0101rst\u0113\u0161anu.<\/p>\n<p>Marks J\u0101kobsons liel\u0101ko distances da\u013cu atrad\u0101s vado\u0161aj\u0101 grup\u0101. Br\u012b\u017eiem vi\u0146\u0161 brauca grupas priek\u0161gal\u0101, br\u012b\u017eiem \u2013 aizmugur\u0113. Iz\u0161\u0137iro\u0161ajos notikumos c\u012b\u0146\u0101 par augst\u0101m viet\u0101m vi\u0146\u0161 nepiedal\u012bj\u0101s, jo zaud\u0113ja kontaktu ar p\u0113c kritieniem paplucin\u0101to lielo grupu. Fini\u0161\u0101 vi\u0146\u0161 ierindoj\u0101s 51. viet\u0101, 11 min\u016btes un 8 sekundes aiz uzvar\u0113t\u0101ja Harija Hudsona no Lielbrit\u0101nijas.<\/p>\n<p>Iepriek\u0161 22,6 kilometrus garaj\u0101 individu\u0101laj\u0101 braucien\u0101 Latvijas junioru \u010dempions Tjumins ierindoj\u0101s 24.viet\u0101. Distanci vi\u0146\u0161 veica 30 min\u016bt\u0113s un 50 sekund\u0113s, sasniedzot vid\u0113jo \u0101trumu 43,9 km stund\u0101. Par jauno pasaules \u010dempionu k\u013cuva Tjumina \u201cGrenke Auto Eder\u201d komandas biedrs Mihels Mouriss no N\u012bderlandes, kur\u0161 uzr\u0101d\u012bja par 1 min\u016bti un 42 sekund\u0113m lab\u0101ku rezult\u0101tu<\/p>\n<p>Pasaules \u010dempion\u0101ts Ruand\u0101 nosl\u0113gsies sv\u0113tdien, kad paredz\u0113ts elites v\u012bru grupas brauciens. Taj\u0101 m\u016bsu valsts godu aizst\u0101v\u0113s Toms Skuji\u0146\u0161, Krists Neilands, Kristi\u0101ns Belohvo\u0161\u010diks un M\u0101rti\u0146\u0161 Pluto.<\/p>\n","protected":false},"excerpt":{"rendered":"Piektdien Ruand\u0101 ar junioru grupas braucienu turpin\u0101j\u0101s pasaules \u010dempion\u0101ts \u0161osejas rite\u0146brauk\u0161an\u0101. No Latvijas sportistiem Marks J\u0101kobsons 142 dal\u012bbnieku&hellip;\n","protected":false},"author":2,"featured_media":5507,"comment_status":"","ping_status":"","sticky":false,"template":"","format":"standard","meta":{"footnotes":""},"categories":[5],"tags":[23,28,29,32,33,22,30,31,35,39,38,36,37,34,40,20,26,27,615,24,25,21],"class_list":{"0":"post-5506","1":"post","2":"type-post","3":"status-publish","4":"format-standard","5":"has-post-thumbnail","7":"category-aktualitates","8":"tag-aktualitates","9":"tag-breaking-news","10":"tag-breakingnews","11":"tag-featured-news","12":"tag-featurednews","13":"tag-headlines","14":"tag-latest-news","15":"tag-latestnews","16":"tag-latvia","17":"tag-latvian","18":"tag-latviesu","19":"tag-latviesu-valoda","20":"tag-latviesuvaloda","21":"tag-latvija","22":"tag-lv","23":"tag-news","24":"tag-popularakas-zinas","25":"tag-popularakaszinas","26":"tag-sigulda","27":"tag-top-stories","28":"tag-topstories","29":"tag-zinas"},"share_on_mastodon":{"url":"","error":""},"_links":{"self":[{"href":"https:\/\/www.europesays.com\/lv\/wp-json\/wp\/v2\/posts\/5506","targetHints":{"allow":["GET"]}}],"collection":[{"href":"https:\/\/www.europesays.com\/lv\/wp-json\/wp\/v2\/posts"}],"about":[{"href":"https:\/\/www.europesays.com\/lv\/wp-json\/wp\/v2\/types\/post"}],"author":[{"embeddable":true,"href":"https:\/\/www.europesays.com\/lv\/wp-json\/wp\/v2\/users\/2"}],"replies":[{"embeddable":true,"href":"https:\/\/www.europesays.com\/lv\/wp-json\/wp\/v2\/comments?post=5506"}],"version-history":[{"count":0,"href":"https:\/\/www.europesays.com\/lv\/wp-json\/wp\/v2\/posts\/5506\/revisions"}],"wp:featuredmedia":[{"embeddable":true,"href":"https:\/\/www.europesays.com\/lv\/wp-json\/wp\/v2\/media\/5507"}],"wp:attachment":[{"href":"https:\/\/www.europesays.com\/lv\/wp-json\/wp\/v2\/media?parent=5506"}],"wp:term":[{"taxonomy":"category","embeddable":true,"href":"https:\/\/www.europesays.com\/lv\/wp-json\/wp\/v2\/categories?post=5506"},{"taxonomy":"post_tag","embeddable":true,"href":"https:\/\/www.europesays.com\/lv\/wp-json\/wp\/v2\/tags?post=5506"}],"curies":[{"name":"wp","href":"https:\/\/api.w.org\/{rel}","templated":true}]}}