{"id":55116,"date":"2025-11-21T08:01:08","date_gmt":"2025-11-21T08:01:08","guid":{"rendered":"https:\/\/www.europesays.com\/lv\/55116\/"},"modified":"2025-11-21T08:01:08","modified_gmt":"2025-11-21T08:01:08","slug":"latvijas-futbolisti-pirmie-gust-vartus-bet-pk-kvalifikaciju-nosledz-ar-neveiksmi-pret-serbiju-lente-lv","status":"publish","type":"post","link":"https:\/\/www.europesays.com\/lv\/55116\/","title":{"rendered":"Latvijas futbolisti pirmie g\u016bst v\u0101rtus, bet PK kvalifik\u0101ciju nosl\u0113dz ar neveiksmi pret Serbiju\u00a0\u2014\u00a0Lente.lv"},"content":{"rendered":"<p>Latvijas futbola izlase nosl\u0113dz Pasaules kausa kvalifik\u0101ciju ar s\u0101p\u012bgu zaud\u0113jumu Serbij\u0101<\/p>\n<p>Sv\u0113tdien, 16. septembr\u012b, Latvijas v\u012brie\u0161u futbola izlase aizvad\u012bja savu p\u0113d\u0113jo sp\u0113li Pasaules kausa kvalifik\u0101cijas cikl\u0101, piedz\u012bvojot smagu 1:2 (1:0) zaud\u0113jumu viesos pret Serbijas valstsvien\u012bbu. Lai gan sp\u0113les s\u0101kums un da\u017ei t\u0101s mirk\u013ci sniedza cer\u012bbu, kopum\u0101 \u0161is cikls Latvijas komandai bijis izaicin\u0101jumiem bag\u0101ts, nosl\u0113dzoties bez iek\u013c\u016b\u0161anas fin\u0101lturn\u012br\u0101.<\/p>\n<p>Sp\u0113les gaita un emocion\u0101lais spriegums<\/p>\n<p>Sp\u0113le pret Serbijas sp\u0113c\u012bgo izlasi sol\u012bj\u0101s b\u016bt gr\u016bta, ta\u010du Latvijas futbolisti demonstr\u0113ja raksturu un c\u012bn\u012bj\u0101s l\u012bdz pat p\u0113d\u0113jai min\u016btei. Neaizmirstams paliks br\u012bdis, kad Latvijas izlase izvirz\u012bj\u0101s vad\u012bb\u0101, sag\u0101d\u0101jot p\u0101rsteigumu un uz br\u012bdi raisot cer\u012bbas uz pozit\u012bvu rezult\u0101tu. \u0160is notikums apliecin\u0101ja komandas sp\u0113ju g\u016bt v\u0101rtus pat pret stipr\u0101kaj\u0101m komand\u0101m un par\u0101d\u012bja, ka ar pareizu pieeju un taktiku viss ir iesp\u0113jams.<\/p>\n<p>Tom\u0113r, k\u0101 tas bie\u017ei notiek futbol\u0101, sp\u0113les gaita var main\u012bties ziben\u012bgi. Serbijas izlase, demonstr\u0113jot savu meistar\u012bbu un pieredzi, prata atsp\u0113l\u0113ties un galu gal\u0101 izc\u012bn\u012bt uzvaru. Lai gan rezult\u0101ts galda gal\u0101 ir zaud\u0113jums, Latvijas izlase var b\u016bt gandar\u012bta par savu sniegumu un c\u012b\u0146as sparu, \u012bpa\u0161i \u0146emot v\u0113r\u0101 pretinieku sp\u0113ku.<\/p>\n<p>Pasaules kausa kvalifik\u0101cijas kopsavilkums<\/p>\n<p>\u0160is Pasaules kausa kvalifik\u0101cijas cikls Latvijas izlasei bija k\u0101 k\u0101p\u0161ana augst\u0101 kaln\u0101 \u2013 ar saviem k\u0101pumiem un kritumiem, cer\u012bb\u0101m un vil\u0161anos. Lai gan fin\u0101lturn\u012bra durvis palika aizv\u0113rtas, katra sp\u0113le ir sniegusi v\u0113rt\u012bgu pieredzi un m\u0101c\u012bbu. Futbols ir sp\u0113le, kur\u0101 pieredze un gatav\u012bba ir tikpat svar\u012bga k\u0101 talants. Katrs zaud\u0113jums, katra uzvara, katri iesistie v\u0101rti veido n\u0101kotnes pan\u0101kumu pamatus.<\/p>\n<p>\u0160is cikls ir apliecin\u0101jis, ka Latvijas futbol\u0101 ir potenci\u0101ls. Jaunie sp\u0113l\u0113t\u0101ji g\u016bst pieredzi, pieredz\u0113ju\u0161ie sp\u0113l\u0113t\u0101ji vada komandu, un kop\u0113jais sniegums pak\u0101peniski uzlabojas. Lai gan rezult\u0101ti ne vienm\u0113r atbilst cer\u012bb\u0101m, redzams darbs un att\u012bst\u012bba. Galvenais ir turpin\u0101t ies\u0101kto, nezaud\u0113t tic\u012bbu un str\u0101d\u0101t v\u0113l c\u012bt\u012bg\u0101k.<\/p>\n<p>N\u0101kotnes perspekt\u012bvas<\/p>\n<p>P\u0113c \u0161\u012b kvalifik\u0101cijas cikla nosl\u0113guma Latvijas izlases uzman\u012bba tagad piev\u0113rs\u012bsies n\u0101kamaj\u0101m sacens\u012bb\u0101m un izaicin\u0101jumiem. Katra sp\u0113le ir jauna iesp\u0113ja sevi pier\u0101d\u012bt, pilnveidot savas prasmes un veidot komandas garu. K\u0101 saka gudri cilv\u0113ki, ne vienm\u0113r ir svar\u012bgi, k\u0101 tu s\u0101c, bet gan k\u0101 tu beidz un ko tu no t\u0101 iem\u0101cies. Latvijas futbolam priek\u0161\u0101 ir jauni ce\u013ci un jauni m\u0113r\u0137i, un ir svar\u012bgi, lai komanda turpin\u0101tu augt un att\u012bst\u012bties.<\/p>\n<p>\u0160is zaud\u0113jums pret Serbijas komandu ir s\u0101p\u012bgs, bet tas ir ar\u012b k\u0101rt\u0113jais m\u0101c\u012bbu stunda. Latvie\u0161u futbolistiem j\u0101izmanto \u0161\u012b pieredze, lai stiprin\u0101tu savu raksturu un gatavotos n\u0101kamaj\u0101m sp\u0113l\u0113m ar v\u0113l liel\u0101ku ap\u0146\u0113m\u012bbu un c\u012b\u0146as prieku. Futbola ce\u013c\u0161 ir gar\u0161 un neparedzams, bet ar neatlaid\u012bbu un tic\u012bbu saviem sp\u0113kiem viss ir sasniedzams.<\/p>\n","protected":false},"excerpt":{"rendered":"Latvijas futbola izlase nosl\u0113dz Pasaules kausa kvalifik\u0101ciju ar s\u0101p\u012bgu zaud\u0113jumu Serbij\u0101 Sv\u0113tdien, 16. septembr\u012b, Latvijas v\u012brie\u0161u futbola izlase&hellip;\n","protected":false},"author":2,"featured_media":55117,"comment_status":"","ping_status":"","sticky":false,"template":"","format":"standard","meta":{"footnotes":""},"categories":[17],"tags":[2485,35,39,38,36,37,34,4016,14948,40,5171,6724,67],"class_list":{"0":"post-55116","1":"post","2":"type-post","3":"status-publish","4":"format-standard","5":"has-post-thumbnail","7":"category-sports","8":"tag-futbola-rezultati","9":"tag-latvia","10":"tag-latvian","11":"tag-latviesu","12":"tag-latviesu-valoda","13":"tag-latviesuvaloda","14":"tag-latvija","15":"tag-latvijas-futbola-izlase","16":"tag-latvijas-serbijas-spele","17":"tag-lv","18":"tag-pasaules-kausa-kvalifikacija","19":"tag-serbijas-futbola-izlase","20":"tag-sports"},"share_on_mastodon":{"url":"https:\/\/pubeurope.com\/@lv\/115586641611227688","error":""},"_links":{"self":[{"href":"https:\/\/www.europesays.com\/lv\/wp-json\/wp\/v2\/posts\/55116","targetHints":{"allow":["GET"]}}],"collection":[{"href":"https:\/\/www.europesays.com\/lv\/wp-json\/wp\/v2\/posts"}],"about":[{"href":"https:\/\/www.europesays.com\/lv\/wp-json\/wp\/v2\/types\/post"}],"author":[{"embeddable":true,"href":"https:\/\/www.europesays.com\/lv\/wp-json\/wp\/v2\/users\/2"}],"replies":[{"embeddable":true,"href":"https:\/\/www.europesays.com\/lv\/wp-json\/wp\/v2\/comments?post=55116"}],"version-history":[{"count":0,"href":"https:\/\/www.europesays.com\/lv\/wp-json\/wp\/v2\/posts\/55116\/revisions"}],"wp:featuredmedia":[{"embeddable":true,"href":"https:\/\/www.europesays.com\/lv\/wp-json\/wp\/v2\/media\/55117"}],"wp:attachment":[{"href":"https:\/\/www.europesays.com\/lv\/wp-json\/wp\/v2\/media?parent=55116"}],"wp:term":[{"taxonomy":"category","embeddable":true,"href":"https:\/\/www.europesays.com\/lv\/wp-json\/wp\/v2\/categories?post=55116"},{"taxonomy":"post_tag","embeddable":true,"href":"https:\/\/www.europesays.com\/lv\/wp-json\/wp\/v2\/tags?post=55116"}],"curies":[{"name":"wp","href":"https:\/\/api.w.org\/{rel}","templated":true}]}}