{"id":55127,"date":"2025-11-21T08:11:08","date_gmt":"2025-11-21T08:11:08","guid":{"rendered":"https:\/\/www.europesays.com\/lv\/55127\/"},"modified":"2025-11-21T08:11:08","modified_gmt":"2025-11-21T08:11:08","slug":"ukrainas-miera-plana-ieklautas-drosibas-garantijas-kas-ir-lidzigas-nato-5-panta-garantijam","status":"publish","type":"post","link":"https:\/\/www.europesays.com\/lv\/55127\/","title":{"rendered":"Ukrainas &#8220;miera pl\u0101n\u0101&#8221; iek\u013cautas dro\u0161\u012bbas garantijas, kas ir l\u012bdz\u012bgas NATO 5. panta garantij\u0101m"},"content":{"rendered":"<p>K\u0101 nor\u0101da publik\u0101cija, 28 punktu pl\u0101n\u0101, ko ceturtdien Zelenskim iesniedza ASV armijas sekret\u0101rs Dens Driskols, teikts, ka &#8220;Ukraina sa\u0146ems uzticamas dro\u0161\u012bbas garantijas&#8221;. Tom\u0113r ASV iesniedza ukrai\u0146iem ar\u012b citu vieno\u0161an\u0101s projektu.<\/p>\n<p>&#8220;Taj\u0101 teikts, ka jebkur\u0161 turpm\u0101ks Krievijas &#8220;noz\u012bm\u012bgs, apzin\u0101ts un ilgsto\u0161s bru\u0146ots uzbrukums&#8221; Ukrainai &#8220;tiks uzskat\u012bts par uzbrukumu, kas apdraud transatlantisk\u0101s kopienas mieru un dro\u0161\u012bbu&#8221;,&#8221; teikts rakst\u0101.<\/p>\n<p>Uzbrukuma gad\u012bjum\u0101 Amerikas Savienoto Valstu prezidents p\u0113c t\u016bl\u012bt\u0113jas apsprie\u0161an\u0101s ar Ukrainu, NATO un Eiropas partneriem noteiks dro\u0161\u012bbas atjauno\u0161anai nepiecie\u0161amos pas\u0101kumus:<\/p>\n<p>&#8220;\u0160ie pas\u0101kumi var ietvert bru\u0146ota sp\u0113ka izmanto\u0161anu, izl\u016bko\u0161anas un lo\u0123istikas pal\u012bdz\u012bbu, ekonomiskas un diplom\u0101tiskas darb\u012bbas un citus pas\u0101kumus, kas tiek uzskat\u012bti par piem\u0113rotiem. Jebkuru iesp\u0113jamu p\u0101rk\u0101pumu izv\u0113rt\u0113s kop\u012bgs nov\u0113rt\u0113\u0161anas meh\u0101nisms, kur\u0101 piedal\u0101s NATO un <a href=\"https:\/\/www.apollo.lv\/term\/8497\/ukraina\" class=\"topicLink\" target=\"_blank\" rel=\"nofollow noopener\">Ukraina<\/a>.&#8221;<\/p>\n<p>Dro\u0161\u012bbas garantija s\u0101kotn\u0113ji b\u016bs sp\u0113k\u0101 10 gadus un to var pagarin\u0101t p\u0113c savstarp\u0113jas vieno\u0161an\u0101s. T\u0101s \u012bsteno\u0161anu uzraudz\u012bs Apvienot\u0101 uzraudz\u012bbas komisija, kuru vada Eiropas partneri, tostarp Amerikas Savienot\u0101s Valstis.<\/p>\n<p>Dokument\u0101 ir iek\u013cautas rindas parakstiem no Ukrainas, ASV, ES, NATO un Krievijas.<\/p>\n<p>Balt\u0101 nama amatpersona pazi\u0146oja, ka Krievija ir inform\u0113ta par projektu, ta\u010du nav skaidrs, vai galu gal\u0101 b\u016bs nepiecie\u0161ams prezidenta Vladimira Putina paraksts.<\/p>\n","protected":false},"excerpt":{"rendered":"K\u0101 nor\u0101da publik\u0101cija, 28 punktu pl\u0101n\u0101, ko ceturtdien Zelenskim iesniedza ASV armijas sekret\u0101rs Dens Driskols, teikts, ka &#8220;Ukraina&hellip;\n","protected":false},"author":2,"featured_media":38442,"comment_status":"","ping_status":"","sticky":false,"template":"","format":"standard","meta":{"footnotes":""},"categories":[5],"tags":[23,28,29,32,33,22,3131,74,30,31,35,39,38,36,37,34,40,20,26,27,24,25,276,21],"class_list":{"0":"post-55127","1":"post","2":"type-post","3":"status-publish","4":"format-standard","5":"has-post-thumbnail","7":"category-aktualitates","8":"tag-aktualitates","9":"tag-breaking-news","10":"tag-breakingnews","11":"tag-featured-news","12":"tag-featurednews","13":"tag-headlines","14":"tag-kars","15":"tag-krievijas-iebrukums-ukraina","16":"tag-latest-news","17":"tag-latestnews","18":"tag-latvia","19":"tag-latvian","20":"tag-latviesu","21":"tag-latviesu-valoda","22":"tag-latviesuvaloda","23":"tag-latvija","24":"tag-lv","25":"tag-news","26":"tag-popularakas-zinas","27":"tag-popularakaszinas","28":"tag-top-stories","29":"tag-topstories","30":"tag-ukraina","31":"tag-zinas"},"share_on_mastodon":{"url":"https:\/\/pubeurope.com\/@lv\/115586681004070335","error":""},"_links":{"self":[{"href":"https:\/\/www.europesays.com\/lv\/wp-json\/wp\/v2\/posts\/55127","targetHints":{"allow":["GET"]}}],"collection":[{"href":"https:\/\/www.europesays.com\/lv\/wp-json\/wp\/v2\/posts"}],"about":[{"href":"https:\/\/www.europesays.com\/lv\/wp-json\/wp\/v2\/types\/post"}],"author":[{"embeddable":true,"href":"https:\/\/www.europesays.com\/lv\/wp-json\/wp\/v2\/users\/2"}],"replies":[{"embeddable":true,"href":"https:\/\/www.europesays.com\/lv\/wp-json\/wp\/v2\/comments?post=55127"}],"version-history":[{"count":0,"href":"https:\/\/www.europesays.com\/lv\/wp-json\/wp\/v2\/posts\/55127\/revisions"}],"wp:featuredmedia":[{"embeddable":true,"href":"https:\/\/www.europesays.com\/lv\/wp-json\/wp\/v2\/media\/38442"}],"wp:attachment":[{"href":"https:\/\/www.europesays.com\/lv\/wp-json\/wp\/v2\/media?parent=55127"}],"wp:term":[{"taxonomy":"category","embeddable":true,"href":"https:\/\/www.europesays.com\/lv\/wp-json\/wp\/v2\/categories?post=55127"},{"taxonomy":"post_tag","embeddable":true,"href":"https:\/\/www.europesays.com\/lv\/wp-json\/wp\/v2\/tags?post=55127"}],"curies":[{"name":"wp","href":"https:\/\/api.w.org\/{rel}","templated":true}]}}