{"id":55144,"date":"2025-11-21T08:21:09","date_gmt":"2025-11-21T08:21:09","guid":{"rendered":"https:\/\/www.europesays.com\/lv\/55144\/"},"modified":"2025-11-21T08:21:09","modified_gmt":"2025-11-21T08:21:09","slug":"krievijas-diktats-atklatiba-nacis-trampa-administracijas-miera-plana-saturs","status":"publish","type":"post","link":"https:\/\/www.europesays.com\/lv\/55144\/","title":{"rendered":"Krievijas dikt\u0101ts. Atkl\u0101t\u012bb\u0101 n\u0101cis Trampa administr\u0101cijas &#8220;miera pl\u0101na&#8221; saturs"},"content":{"rendered":"<p>Savuk\u0101rt Zapori\u017ejas un Hersonas apgabalos, kurus Krievija pasludin\u0101jusi par savu teritoriju, ta\u010du piln\u012bb\u0101 nekontrol\u0113, frontes l\u012bnija tiktu iesald\u0113ta.<\/p>\n<p>Pl\u0101ns paredz, ka aizliegums Ukrainai pievienoties NATO b\u016btu j\u0101nosaka gan Ukrainas konstit\u016bcij\u0101, gan Zieme\u013catlantijas alianses stat\u016btos.<\/p>\n<blockquote class=\"quote ck-widget\" contenteditable=\"false\">\n<p>Kijivai ar\u012b b\u016btu j\u0101samazina savas armijas skaitliskais sast\u0101vs nedaudz maz\u0101k par pusi &#8211; l\u012bdz 600 000.<\/p>\n<\/blockquote>\n<p>Krievijai nav paredz\u0113ti stingri milit\u0101ri ierobe\u017eojumi, lai gan pl\u0101n\u0101 teikts, ka &#8220;tiek sagaid\u012bts, ka Krievija neiebruks kaimi\u0146valst\u012bs&#8221;.<\/p>\n<p>Ukrainai 100 dienu laik\u0101 b\u016btu j\u0101sar\u012bko v\u0113l\u0113\u0161anas &#8211; t\u0101 ir v\u0113l viena Krievijas pras\u012bba, ko atk\u0101rtojis ar\u012b Tramps, kur\u0161 Ukrainas prezidentu Volodimiru Zelenski \u0161\u0101 gada s\u0101kum\u0101 nod\u0113v\u0113ja par &#8220;diktatoru bez v\u0113l\u0113\u0161an\u0101m&#8221;. Ukrain\u0101 pa\u0161laik ir izsludin\u0101ts karast\u0101voklis, un valsts konstit\u016bcija liedz r\u012bkot v\u0113l\u0113\u0161anas karast\u0101vok\u013ca laik\u0101.<\/p>\n<p>Zelenskis ir sac\u012bjis, ka cer apspriest pl\u0101nu ar Trampu &#8220;tuv\u0101kaj\u0101s dien\u0101s&#8221;. Vi\u0146\u0161 nor\u0101d\u012bjis, ka ar jebkuru vieno\u0161anos ir j\u0101pan\u0101k &#8220;cie\u0146pilns miers&#8221;, kur\u0101 tiek iev\u0113rota Ukrainas suverenit\u0101te.<\/p>\n<p>Ierosin\u0101t\u0101 pl\u0101na saturs ir veicin\u0101jis pie\u0146\u0113mumus, ka Maskava ir bijusi iesaist\u012bta t\u0101 izstr\u0101d\u0113.<\/p>\n<p>&#8220;\u0160\u0137iet, ka krievi to ierosin\u0101ja amerik\u0101\u0146iem, un vi\u0146i to akcept\u0113ja,&#8221; a\u0123ent\u016brai AFP sac\u012bja augsta ranga Ukrainas avots.<\/p>\n","protected":false},"excerpt":{"rendered":"Savuk\u0101rt Zapori\u017ejas un Hersonas apgabalos, kurus Krievija pasludin\u0101jusi par savu teritoriju, ta\u010du piln\u012bb\u0101 nekontrol\u0113, frontes l\u012bnija tiktu iesald\u0113ta.&hellip;\n","protected":false},"author":2,"featured_media":55145,"comment_status":"","ping_status":"","sticky":false,"template":"","format":"standard","meta":{"footnotes":""},"categories":[14],"tags":[23,57,292,28,29,542,32,33,22,234,74,30,31,35,39,38,36,37,34,40,20,26,27,24,25,276,54,55,56,21,58],"class_list":{"0":"post-55144","1":"post","2":"type-post","3":"status-publish","4":"format-standard","5":"has-post-thumbnail","7":"category-zinas-no-arvalstim","8":"tag-aktualitates","9":"tag-arvalstim","10":"tag-asv","11":"tag-breaking-news","12":"tag-breakingnews","13":"tag-donalds-tramps","14":"tag-featured-news","15":"tag-featurednews","16":"tag-headlines","17":"tag-krievija","18":"tag-krievijas-iebrukums-ukraina","19":"tag-latest-news","20":"tag-latestnews","21":"tag-latvia","22":"tag-latvian","23":"tag-latviesu","24":"tag-latviesu-valoda","25":"tag-latviesuvaloda","26":"tag-latvija","27":"tag-lv","28":"tag-news","29":"tag-popularakas-zinas","30":"tag-popularakaszinas","31":"tag-top-stories","32":"tag-topstories","33":"tag-ukraina","34":"tag-world","35":"tag-world-news","36":"tag-worldnews","37":"tag-zinas","38":"tag-zinas-no-arvalstim"},"share_on_mastodon":{"url":"https:\/\/pubeurope.com\/@lv\/115586720346240765","error":""},"_links":{"self":[{"href":"https:\/\/www.europesays.com\/lv\/wp-json\/wp\/v2\/posts\/55144","targetHints":{"allow":["GET"]}}],"collection":[{"href":"https:\/\/www.europesays.com\/lv\/wp-json\/wp\/v2\/posts"}],"about":[{"href":"https:\/\/www.europesays.com\/lv\/wp-json\/wp\/v2\/types\/post"}],"author":[{"embeddable":true,"href":"https:\/\/www.europesays.com\/lv\/wp-json\/wp\/v2\/users\/2"}],"replies":[{"embeddable":true,"href":"https:\/\/www.europesays.com\/lv\/wp-json\/wp\/v2\/comments?post=55144"}],"version-history":[{"count":0,"href":"https:\/\/www.europesays.com\/lv\/wp-json\/wp\/v2\/posts\/55144\/revisions"}],"wp:featuredmedia":[{"embeddable":true,"href":"https:\/\/www.europesays.com\/lv\/wp-json\/wp\/v2\/media\/55145"}],"wp:attachment":[{"href":"https:\/\/www.europesays.com\/lv\/wp-json\/wp\/v2\/media?parent=55144"}],"wp:term":[{"taxonomy":"category","embeddable":true,"href":"https:\/\/www.europesays.com\/lv\/wp-json\/wp\/v2\/categories?post=55144"},{"taxonomy":"post_tag","embeddable":true,"href":"https:\/\/www.europesays.com\/lv\/wp-json\/wp\/v2\/tags?post=55144"}],"curies":[{"name":"wp","href":"https:\/\/api.w.org\/{rel}","templated":true}]}}