{"id":55198,"date":"2025-11-21T09:15:18","date_gmt":"2025-11-21T09:15:18","guid":{"rendered":"https:\/\/www.europesays.com\/lv\/55198\/"},"modified":"2025-11-21T09:15:18","modified_gmt":"2025-11-21T09:15:18","slug":"latvijas-un-kalifornijas-amatpersonas-vienojas-par-sadarbibas-stiprinasanu","status":"publish","type":"post","link":"https:\/\/www.europesays.com\/lv\/55198\/","title":{"rendered":"Latvijas un Kalifornijas amatpersonas vienojas par sadarb\u012bbas stiprin\u0101\u0161anu"},"content":{"rendered":"<p>K\u0101 a\u0123ent\u016bru LETA inform\u0113ja Saeimas Preses dienest\u0101, Kalni\u0146a-Luka\u0161evica ceturtdien tik\u0101s ar Kalifornijas \u0161tata finan\u0161u un ekonomikas ministri Ma un p\u0101rrun\u0101ja sadarb\u012bbas iesp\u0113jas ekonomik\u0101 un invest\u012bciju piesaist\u0113.<\/p>\n<p>Atsaucoties Ma uzaicin\u0101jumam, tik\u0161an\u0101s notika ministres Sakramento biroj\u0101. Kalni\u0146as-Luka\u0161evicas darba viz\u012btes m\u0113r\u0137is ir turpin\u0101t un stiprin\u0101t s\u0101kto sadarb\u012bbu ar Kalifornijas \u0161tata amatperson\u0101m un tehnolo\u0123iju komp\u0101nij\u0101m, k\u0101 ar\u012b veicin\u0101t augstskolu sadarb\u012bbu.<\/p>\n<p>2024. gada vasar\u0101 Ma kop\u0101 ar uz\u0146\u0113m\u0113ju deleg\u0101ciju darba viz\u012bt\u0113 apmekl\u0113ja Latviju, tostarp Saeimu, savuk\u0101rt 2024. gada ruden\u012b Valsts prezidents Edgars Rink\u0113vi\u010ds ar uz\u0146\u0113m\u0113ju deleg\u0101ciju apmekl\u0113ja Kaliforniju. T\u0101 rezult\u0101t\u0101 Latvijas tirdzniec\u012bbas un r\u016bpniec\u012bbas kamera un Kalifornijas uz\u0146\u0113m\u0113ju organiz\u0101cija parakst\u012bja vieno\u0161anos par sadarb\u012bbu ekonomikas attiec\u012bbu veicin\u0101\u0161anai. Rea\u0123\u0113jot uz partneru pausto interesei par sadarb\u012bbu tehnolo\u0123iju jom\u0101, Latvija izveidoja M\u0101ksl\u012bg\u0101 intelekta centru.<\/p>\n<p>&#8220;Izveidot\u0101 pozit\u012bv\u0101 sadarb\u012bba un ieinteres\u0113t\u012bba politiskaj\u0101 l\u012bmen\u012b un M\u0101ksl\u012bg\u0101 intelekta centra likuma dot\u0101s iesp\u0113jas rada \u013coti labv\u0113l\u012bgu b\u0101zi akad\u0113misk\u0101 un biznesa sektora iniciat\u012bvu \u012bsteno\u0161anai. Tagad laiks n\u0101kamajiem so\u013ciem,&#8221; uzsv\u0113ra Kalni\u0146a-Luka\u0161evica.<\/p>\n<p>K\u0101 nor\u0101da parlament\u0101, sadarb\u012bba ar Latviju Kalifornijas uz\u0146\u0113m\u0113jiem sniedz pieeju Eiropas Savien\u012bbas (ES) vienotajam tirgum un iesp\u0113jas att\u012bst\u012bt jaunus produktus ES regul\u0113taj\u0101 telp\u0101. &#8220;Latvija ir zino\u0161s, \u0101trs un uzticams partneris ar sp\u0113c\u012bg\u0101m priek\u0161roc\u012bb\u0101m&#8221;, sarun\u0101 uzsv\u0113ra Saeimas priek\u0161s\u0113d\u0113t\u0101jas biedre. Vi\u0146a pauda, ka tie\u0161i ekonomisk\u0101 sadarb\u012bba dos redzam\u0101ko pienesumu gan Latvijai, gan Kalifornijai.<\/p>\n","protected":false},"excerpt":{"rendered":"K\u0101 a\u0123ent\u016bru LETA inform\u0113ja Saeimas Preses dienest\u0101, Kalni\u0146a-Luka\u0161evica ceturtdien tik\u0101s ar Kalifornijas \u0161tata finan\u0161u un ekonomikas ministri Ma&hellip;\n","protected":false},"author":2,"featured_media":55199,"comment_status":"","ping_status":"","sticky":false,"template":"","format":"standard","meta":{"footnotes":""},"categories":[12],"tags":[23,292,28,29,32,33,22,30,31,35,39,38,36,37,34,40,20,26,27,24,25,3818,21],"class_list":{"0":"post-55198","1":"post","2":"type-post","3":"status-publish","4":"format-standard","5":"has-post-thumbnail","7":"category-latvija","8":"tag-aktualitates","9":"tag-asv","10":"tag-breaking-news","11":"tag-breakingnews","12":"tag-featured-news","13":"tag-featurednews","14":"tag-headlines","15":"tag-latest-news","16":"tag-latestnews","17":"tag-latvia","18":"tag-latvian","19":"tag-latviesu","20":"tag-latviesu-valoda","21":"tag-latviesuvaloda","22":"tag-latvija","23":"tag-lv","24":"tag-news","25":"tag-popularakas-zinas","26":"tag-popularakaszinas","27":"tag-top-stories","28":"tag-topstories","29":"tag-zanda-kalnina-lukasevica","30":"tag-zinas"},"share_on_mastodon":{"url":"https:\/\/pubeurope.com\/@lv\/115586932710065910","error":""},"_links":{"self":[{"href":"https:\/\/www.europesays.com\/lv\/wp-json\/wp\/v2\/posts\/55198","targetHints":{"allow":["GET"]}}],"collection":[{"href":"https:\/\/www.europesays.com\/lv\/wp-json\/wp\/v2\/posts"}],"about":[{"href":"https:\/\/www.europesays.com\/lv\/wp-json\/wp\/v2\/types\/post"}],"author":[{"embeddable":true,"href":"https:\/\/www.europesays.com\/lv\/wp-json\/wp\/v2\/users\/2"}],"replies":[{"embeddable":true,"href":"https:\/\/www.europesays.com\/lv\/wp-json\/wp\/v2\/comments?post=55198"}],"version-history":[{"count":0,"href":"https:\/\/www.europesays.com\/lv\/wp-json\/wp\/v2\/posts\/55198\/revisions"}],"wp:featuredmedia":[{"embeddable":true,"href":"https:\/\/www.europesays.com\/lv\/wp-json\/wp\/v2\/media\/55199"}],"wp:attachment":[{"href":"https:\/\/www.europesays.com\/lv\/wp-json\/wp\/v2\/media?parent=55198"}],"wp:term":[{"taxonomy":"category","embeddable":true,"href":"https:\/\/www.europesays.com\/lv\/wp-json\/wp\/v2\/categories?post=55198"},{"taxonomy":"post_tag","embeddable":true,"href":"https:\/\/www.europesays.com\/lv\/wp-json\/wp\/v2\/tags?post=55198"}],"curies":[{"name":"wp","href":"https:\/\/api.w.org\/{rel}","templated":true}]}}