{"id":55202,"date":"2025-11-21T09:17:19","date_gmt":"2025-11-21T09:17:19","guid":{"rendered":"https:\/\/www.europesays.com\/lv\/55202\/"},"modified":"2025-11-21T09:17:19","modified_gmt":"2025-11-21T09:17:19","slug":"ukrainu-latviesu-dokumentalas-filmas-dzive-kuru-neizvelejamies-krievu-pasaule-pirmizrade-bridinajums-eiropai-lente-lv","status":"publish","type":"post","link":"https:\/\/www.europesays.com\/lv\/55202\/","title":{"rendered":"Ukrai\u0146u\u2013latvie\u0161u dokument\u0101l\u0101s filmas &#8220;Dz\u012bve, kuru neizv\u0113l\u0113j\u0101mies. Krievu pasaule&#8221; pirmizr\u0101de: Br\u012bdin\u0101jums Eiropai\u00a0\u2014\u00a0Lente.lv"},"content":{"rendered":"<p>Filmas &#8220;Dz\u012bve, kuru neizv\u0113l\u0113j\u0101mies. Krievu pasaule&#8221; pirmizr\u0101de Latvijas Okup\u0101cijas muzej\u0101<\/p>\n<p>Ceturtdien, 20. novembr\u012b, plkst. 16.00 Latvijas Okup\u0101cijas muzej\u0101 notika ukrai\u0146u re\u017eisora Artjoma Ko\u010dariana un vi\u0146a ukrai\u0146u\u2013latvie\u0161u rado\u0161\u0101s komandas veidot\u0101s dokument\u0101l\u0101s filmas &#8220;A Life We Did Not Choose. Russian World&#8221; (&#8220;Dz\u012bve, kuru neizv\u0113l\u0113j\u0101mies. Krievu pasaule&#8221;) pirmizr\u0101de. Pas\u0101kum\u0101 piedal\u012bj\u0101s filmas varo\u0146i un t\u0101s veidot\u0101ji, daloties personiskos p\u0101rdz\u012bvojumos un radot dzi\u013cu, emocion\u0101lu iespaidu uz kl\u0101teso\u0161ajiem. \u0160\u012b filma ir sp\u0113c\u012bgs br\u012bdin\u0101jums Eiropai par Krievijas agres\u012bvo politiku un t\u0101s posto\u0161aj\u0101m sek\u0101m.<\/p>\n<p>St\u0101sti par okup\u0101cijas realit\u0101ti un identit\u0101tes zaud\u0113\u0161anu<\/p>\n<p>Dokument\u0101l\u0101 filma, kas uz\u0146emta Latvijas Okup\u0101cijas muzeja izst\u0101d\u0113 &#8220;\u010cekas v\u0113sture Latvij\u0101&#8221; (St\u016bra m\u0101j\u0101), sniedz ieskatu piecu ukrai\u0146u b\u0113g\u013cu person\u012bgos p\u0101rdz\u012bvojumos, kuri sask\u0101ru\u0161ies ar Krievijas okup\u0101cijas rad\u012btaj\u0101m \u0161ausm\u0101m. Filmas producente J\u016blija Kabicina-Cabiere uzsv\u0113ra, ka filmas st\u0101sti atkl\u0101j ikdienas bailes, teroru un apspiest\u012bbu, kas valda Krievijas kontrol\u0113taj\u0101s teritorij\u0101s. Vi\u0146a nor\u0101d\u012bja, ka Krievijas okup\u0101cija ir ne\u017e\u0113l\u012bga \u2013 t\u0101 cen\u0161as izdz\u0113st tautu identit\u0101ti, v\u0113sturi, valodu un neatkar\u012bbu. \u0160\u012b ir realit\u0101te, ko filmas veidot\u0101ji v\u0113las par\u0101d\u012bt p\u0101r\u0113jai pasaulei, \u012bpa\u0161i Rietumeiropai, lai demonstr\u0113tu, ka Krievija nav main\u012bjusi savu politiku un taktiku.<\/p>\n<p>Br\u012bdin\u0101jums Eiropai par Krievijas agresijas metod\u0113m<\/p>\n<p>&#8220;Dz\u012bve, kuru neizv\u0113l\u0113j\u0101mies. Krievu pasaule&#8221; ir noz\u012bm\u012bgs v\u0113st\u012bjums, kas piev\u0113r\u0161 uzman\u012bbu Krievijas past\u0101v\u012bgaj\u0101m agresijas metod\u0113m, kuras ir labi zin\u0101mas Baltijas valst\u012bs \u2013 Latvij\u0101, Igaunij\u0101 un Lietuv\u0101. Filmas veidot\u0101ji pau\u017e cer\u012bbu, ka \u0161is darbs mudin\u0101s Eiropu modin\u0101t savu modr\u012bbu un apzin\u0101ties draudus, pirms v\u0113l nav par v\u0113lu. T\u0101 ir liec\u012bba par to, k\u0101 Krievijas agresija un v\u0113lme domin\u0113t neatst\u0101j neskartu nevienu tautas dz\u012bves aspektu, centienos izdz\u0113st t\u0101s unik\u0101lo identit\u0101ti un neatkar\u012bbu.<\/p>\n<p>Filmas pieejam\u012bba un starptautisk\u0101 noz\u012bme<\/p>\n<p>Pirmizr\u0101de Latvijas Okup\u0101cijas muzej\u0101 notika ori\u0123in\u0101lvalod\u0101 ar latvie\u0161u subtitriem. Vienlaikus filma tika straum\u0113ta muzeja &#8220;Youtube&#8221; kan\u0101l\u0101 ori\u0123in\u0101lvalod\u0101 ar ang\u013cu subtitriem, padarot to bez maksas pieejamu skat\u012bt\u0101jiem vis\u0101 pasaul\u0113. \u0160is darbs, ko veidojis ukrai\u0146u re\u017eisors Artjoms Ko\u010darjans un ukrai\u0146u\u2013latvie\u0161u komanda, ir ne tikai dokument\u0101ls atskats uz karadarb\u012bbas sek\u0101m, bet ar\u012b aicin\u0101jums Eiropai piev\u0113rst uzman\u012bbu un saprast Krievijas agresijas patieso dabu.<\/p>\n","protected":false},"excerpt":{"rendered":"Filmas &#8220;Dz\u012bve, kuru neizv\u0113l\u0113j\u0101mies. Krievu pasaule&#8221; pirmizr\u0101de Latvijas Okup\u0101cijas muzej\u0101 Ceturtdien, 20. novembr\u012b, plkst. 16.00 Latvijas Okup\u0101cijas muzej\u0101&hellip;\n","protected":false},"author":2,"featured_media":55203,"comment_status":"","ping_status":"","sticky":false,"template":"","format":"standard","meta":{"footnotes":""},"categories":[19],"tags":[14704,2456,89,90,14703,35,39,38,36,37,34,14702,40,3113],"class_list":{"0":"post-55202","1":"post","2":"type-post","3":"status-publish","4":"format-standard","5":"has-post-thumbnail","7":"category-izklaide","8":"tag-artjoms-kocarjans","9":"tag-dokumentala-filma","10":"tag-entertainment","11":"tag-izklaide","12":"tag-krievu-pasaule","13":"tag-latvia","14":"tag-latvian","15":"tag-latviesu","16":"tag-latviesu-valoda","17":"tag-latviesuvaloda","18":"tag-latvija","19":"tag-latvijas-okupacijas-muzejs","20":"tag-lv","21":"tag-ukrainas-kars"},"share_on_mastodon":{"url":"https:\/\/pubeurope.com\/@lv\/115586940426465298","error":""},"_links":{"self":[{"href":"https:\/\/www.europesays.com\/lv\/wp-json\/wp\/v2\/posts\/55202","targetHints":{"allow":["GET"]}}],"collection":[{"href":"https:\/\/www.europesays.com\/lv\/wp-json\/wp\/v2\/posts"}],"about":[{"href":"https:\/\/www.europesays.com\/lv\/wp-json\/wp\/v2\/types\/post"}],"author":[{"embeddable":true,"href":"https:\/\/www.europesays.com\/lv\/wp-json\/wp\/v2\/users\/2"}],"replies":[{"embeddable":true,"href":"https:\/\/www.europesays.com\/lv\/wp-json\/wp\/v2\/comments?post=55202"}],"version-history":[{"count":0,"href":"https:\/\/www.europesays.com\/lv\/wp-json\/wp\/v2\/posts\/55202\/revisions"}],"wp:featuredmedia":[{"embeddable":true,"href":"https:\/\/www.europesays.com\/lv\/wp-json\/wp\/v2\/media\/55203"}],"wp:attachment":[{"href":"https:\/\/www.europesays.com\/lv\/wp-json\/wp\/v2\/media?parent=55202"}],"wp:term":[{"taxonomy":"category","embeddable":true,"href":"https:\/\/www.europesays.com\/lv\/wp-json\/wp\/v2\/categories?post=55202"},{"taxonomy":"post_tag","embeddable":true,"href":"https:\/\/www.europesays.com\/lv\/wp-json\/wp\/v2\/tags?post=55202"}],"curies":[{"name":"wp","href":"https:\/\/api.w.org\/{rel}","templated":true}]}}