{"id":5521,"date":"2025-09-26T10:46:08","date_gmt":"2025-09-26T10:46:08","guid":{"rendered":"https:\/\/www.europesays.com\/lv\/5521\/"},"modified":"2025-09-26T10:46:08","modified_gmt":"2025-09-26T10:46:08","slug":"francija-atzist-palestinas-valsti-un-apnemas-cinities-pret-antisemitismu-lente-lv","status":"publish","type":"post","link":"https:\/\/www.europesays.com\/lv\/5521\/","title":{"rendered":"Francija atz\u012bst Palest\u012bnas valsti un ap\u0146emas c\u012bn\u012bties pret antisem\u012btismu\u00a0\u2014\u00a0Lente.lv"},"content":{"rendered":"<p>Francija pie\u0146em v\u0113sturisku l\u0113mumu: Palest\u012bna tiek atz\u012bta par valsti<\/p>\n<p>P\u0113d\u0113j\u0101s ned\u0113\u013cas nogales laik\u0101 starptautiskaj\u0101 politik\u0101 ir notiku\u0161as b\u016btiskas izmai\u0146as, jo Francijas prezidents Emanuels Makrons ir pazi\u0146ojis par Francijas ofici\u0101lu Palest\u012bnas valsts atz\u012b\u0161anu. \u0160is solis, kas tika gaid\u012bts ar lielu interesi un da\u017e\u0101d\u0101m reakcij\u0101m, iez\u012bm\u0113 jaunu lappusi Francijas \u0101rpolitikas attiec\u012bb\u0101s ar Tuvajiem Austrumiem.<\/p>\n<p>Makrona pazi\u0146ojums, kas izskan\u0113jis pirmdien, ir rad\u012bjis pla\u0161u rezonansi pasaul\u0113. Ofici\u0101la atz\u012b\u0161ana noz\u012bm\u0113, ka Francija tagad uzskata Palest\u012bnu par suver\u0113nu un neatkar\u012bgu valsti, pievienojoties arvien pieaugo\u0161ajam valstu skaitam, kas ir izdar\u012bju\u0161as l\u012bdz\u012bgu soli. \u0160\u012b nost\u0101ja ir pretrun\u0101 ar da\u017eu citu lielvalstu politiku, padarot Francijas l\u0113mumu \u012bpa\u0161i noz\u012bm\u012bgu.<\/p>\n<p>C\u012b\u0146a pret antisem\u012btismu \u2013 Francijas priorit\u0101te<\/p>\n<p>L\u012bdz\u0101s Palest\u012bnas valsts atz\u012b\u0161anai, Francijas prezidents ir stingri paudis ap\u0146em\u0161anos akt\u012bvi c\u012bn\u012bties pret jebk\u0101d\u0101m antisem\u012btisma izpausm\u0113m. \u0160\u012b ap\u0146em\u0161an\u0101s ir \u012bpa\u0161i svar\u012bga pa\u0161reiz\u0113j\u0101 \u0123eopolitiskaj\u0101 situ\u0101cij\u0101, kur\u0101 pieaug spriedze un neieciet\u012bba. Makrons uzsv\u0113ra, ka Francija stingri nosoda antisem\u012btismu vis\u0101s t\u0101 form\u0101s un ir ap\u0146\u0113musies nodro\u0161in\u0101t dro\u0161\u012bbu un aizsardz\u012bbu ebreju kopienai valst\u012b.<\/p>\n<p>\u0160is dubultais v\u0113st\u012bjums \u2013 atbalsts Palest\u012bnai un stingra nost\u0101ja pret naida runu un diskrimin\u0101ciju \u2013 par\u0101da Francijas centienus veicin\u0101t mieru un stabilit\u0101ti re\u0123ion\u0101, vienlaikus aizst\u0101vot cilv\u0113kties\u012bbas un pamata br\u012bv\u012bbas. Tas ir sare\u017e\u0123\u012bts l\u012bdzsvars, kas prasa r\u016bp\u012bgu diplom\u0101tiju un politisko gribu.<\/p>\n<p>Starptautisk\u0101s reakcijas un n\u0101kotnes perspekt\u012bvas<\/p>\n<p>Francijas l\u0113mums ir izrais\u012bjis da\u017e\u0101das reakcijas starptautiskaj\u0101 ar\u0113n\u0101. Kam\u0113r daudzas valstis un organiz\u0101cijas ir apsveiku\u0161as Franciju ar \u0161o drosm\u012bgo soli, pau\u017eot cer\u012bbu, ka tas veicin\u0101s ilgtermi\u0146a mieru, citas valstis, tostarp Izra\u0113la, ir izteiku\u0161as ba\u017eas. \u0160\u012bs at\u0161\u0137ir\u012bg\u0101s perspekt\u012bvas atspogu\u013co sare\u017e\u0123\u012bto un daudzsl\u0101\u0146ain\u0101s Tuvajiem Austrumiem rakstur\u012bgo konfliktu.<\/p>\n<p>Eksperti nor\u0101da, ka Francijas nost\u0101ja var\u0113tu ietekm\u0113t citu Eiropas valstu politiku un mudin\u0101t t\u0101s ar\u012b apsv\u0113rt Palest\u012bnas valsts atz\u012b\u0161anu. Tas var\u0113tu rad\u012bt jaunu dinamiku Tuvo Austrumu miera proces\u0101, kas ilgus gadus ir bijis stagn\u0101cij\u0101. Tom\u0113r ir skaidrs, ka ce\u013c\u0161 uz notur\u012bgu mieru un divu valstu risin\u0101jumu joproj\u0101m ir pilns ar izaicin\u0101jumiem un prasa visu iesaist\u012bto pu\u0161u un starptautisk\u0101s sabiedr\u012bbas kop\u012bgus p\u016bli\u0146us.<\/p>\n<p>Turpm\u0101kajos m\u0113ne\u0161os b\u016bs interesanti v\u0113rot, k\u0101 Francijas ofici\u0101l\u0101 atz\u012b\u0161ana ietekm\u0113s diplom\u0101tisk\u0101s attiec\u012bbas, starptautisko ties\u012bbu interpret\u0101ciju un, pats galvenais, re\u0101lo situ\u0101ciju uz zemes. Cerams, ka \u0161is solis pav\u0113rs ce\u013cu uz taisn\u012bg\u0101ku un mier\u012bg\u0101ku n\u0101kotni visiem re\u0123iona iedz\u012bvot\u0101jiem.<\/p>\n","protected":false},"excerpt":{"rendered":"Francija pie\u0146em v\u0113sturisku l\u0113mumu: Palest\u012bna tiek atz\u012bta par valsti P\u0113d\u0113j\u0101s ned\u0113\u013cas nogales laik\u0101 starptautiskaj\u0101 politik\u0101 ir notiku\u0161as b\u016btiskas&hellip;\n","protected":false},"author":2,"featured_media":5522,"comment_status":"","ping_status":"","sticky":false,"template":"","format":"standard","meta":{"footnotes":""},"categories":[14],"tags":[23,2475,57,28,29,1310,32,33,1309,22,30,31,35,39,38,36,37,34,40,20,488,26,27,24,25,2474,54,55,56,21,58],"class_list":{"0":"post-5521","1":"post","2":"type-post","3":"status-publish","4":"format-standard","5":"has-post-thumbnail","7":"category-zinas-no-arvalstim","8":"tag-aktualitates","9":"tag-antisemitisms","10":"tag-arvalstim","11":"tag-breaking-news","12":"tag-breakingnews","13":"tag-emanuels-makrons","14":"tag-featured-news","15":"tag-featurednews","16":"tag-francija","17":"tag-headlines","18":"tag-latest-news","19":"tag-latestnews","20":"tag-latvia","21":"tag-latvian","22":"tag-latviesu","23":"tag-latviesu-valoda","24":"tag-latviesuvaloda","25":"tag-latvija","26":"tag-lv","27":"tag-news","28":"tag-palestina","29":"tag-popularakas-zinas","30":"tag-popularakaszinas","31":"tag-top-stories","32":"tag-topstories","33":"tag-valsts-atzisana","34":"tag-world","35":"tag-world-news","36":"tag-worldnews","37":"tag-zinas","38":"tag-zinas-no-arvalstim"},"share_on_mastodon":{"url":"","error":""},"_links":{"self":[{"href":"https:\/\/www.europesays.com\/lv\/wp-json\/wp\/v2\/posts\/5521","targetHints":{"allow":["GET"]}}],"collection":[{"href":"https:\/\/www.europesays.com\/lv\/wp-json\/wp\/v2\/posts"}],"about":[{"href":"https:\/\/www.europesays.com\/lv\/wp-json\/wp\/v2\/types\/post"}],"author":[{"embeddable":true,"href":"https:\/\/www.europesays.com\/lv\/wp-json\/wp\/v2\/users\/2"}],"replies":[{"embeddable":true,"href":"https:\/\/www.europesays.com\/lv\/wp-json\/wp\/v2\/comments?post=5521"}],"version-history":[{"count":0,"href":"https:\/\/www.europesays.com\/lv\/wp-json\/wp\/v2\/posts\/5521\/revisions"}],"wp:featuredmedia":[{"embeddable":true,"href":"https:\/\/www.europesays.com\/lv\/wp-json\/wp\/v2\/media\/5522"}],"wp:attachment":[{"href":"https:\/\/www.europesays.com\/lv\/wp-json\/wp\/v2\/media?parent=5521"}],"wp:term":[{"taxonomy":"category","embeddable":true,"href":"https:\/\/www.europesays.com\/lv\/wp-json\/wp\/v2\/categories?post=5521"},{"taxonomy":"post_tag","embeddable":true,"href":"https:\/\/www.europesays.com\/lv\/wp-json\/wp\/v2\/tags?post=5521"}],"curies":[{"name":"wp","href":"https:\/\/api.w.org\/{rel}","templated":true}]}}