{"id":55217,"date":"2025-11-21T09:34:12","date_gmt":"2025-11-21T09:34:12","guid":{"rendered":"https:\/\/www.europesays.com\/lv\/55217\/"},"modified":"2025-11-21T09:34:12","modified_gmt":"2025-11-21T09:34:12","slug":"tresdien-latvija-parbaudis-trauksmes-sirenas-un-sunu-apraides-sistemu","status":"publish","type":"post","link":"https:\/\/www.europesays.com\/lv\/55217\/","title":{"rendered":"Tre\u0161dien Latvij\u0101 p\u0101rbaud\u012bs trauksmes sir\u0113nas un \u0161\u016bnu apraides sist\u0113mu"},"content":{"rendered":"<p>VUGD skaidro, ka \u0161aj\u0101 dien\u0101 iedz\u012bvot\u0101jiem nav pamata uztraukties un nek\u0101da turpm\u0101k\u0101 r\u012bc\u012bba nav nepiecie\u0161ama, jo t\u0101 ir k\u0101rt\u0113j\u0101 trauksmes sir\u0113nu p\u0101rbaude un pirm\u0101 \u0161\u016bnu apraides sist\u0113mas darb\u012bbas p\u0101rbaude.<\/p>\n<p>Gad\u012bjumos, ja iedz\u012bvot\u0101ji iepriek\u0161 nav br\u012bdin\u0101ti par sir\u0113nu p\u0101rbaudi, ir j\u0101iesl\u0113dz Latvijas telev\u012bzijas kan\u0101ls LTV1, LTV7 vai Latvijas Radio inform\u0101cijas sa\u0146em\u0161anai par to iesl\u0113g\u0161anas iemeslu un nepiecie\u0161amo r\u012bc\u012bbu.<\/p>\n<p>VUGD ar\u012b aicina viesn\u012bcu administr\u0101ciju inform\u0113t savus \u0101rvalstu viesus par gaid\u0101mo trauksmes sir\u0113nu p\u0101rbaudi, lai nerastos lieki uztraukumi.<\/p>\n<p>Ukrainas civiliedz\u012bvot\u0101jiem, kuri atrodas Latvijas teritorij\u0101, mobilo sakaru operatoriem l\u016bgts nos\u016bt\u012bt SMS ar inform\u0101ciju, ka 26. novembr\u012b pl\u0101nota trauksmes sir\u0113nu p\u0101rbaude.<\/p>\n<p>Ikviens Latvijas iedz\u012bvot\u0101js, kuram ir viedt\u0101lrunis, aicin\u0101ts lejupiel\u0101d\u0113t un izmantot ar\u012b bezmaksas lietotni &#8220;112 Latvija&#8221;, kas sniedz iesp\u0113ju piezvan\u012bt vai nos\u016bt\u012bt \u012bszi\u0146u uz vienoto \u0101rk\u0101rtas pal\u012bdz\u012bbas izsaukumu numuru 112, sa\u0146emt pazi\u0146ojumus par iesp\u0113jamo apdraud\u0113jumu un uzzin\u0101t, k\u0101 r\u012bkoties da\u017e\u0101d\u0101s b\u012bstam\u0101s situ\u0101cij\u0101s.<\/p>\n","protected":false},"excerpt":{"rendered":"VUGD skaidro, ka \u0161aj\u0101 dien\u0101 iedz\u012bvot\u0101jiem nav pamata uztraukties un nek\u0101da turpm\u0101k\u0101 r\u012bc\u012bba nav nepiecie\u0161ama, jo t\u0101 ir&hellip;\n","protected":false},"author":2,"featured_media":55218,"comment_status":"","ping_status":"","sticky":false,"template":"","format":"standard","meta":{"footnotes":""},"categories":[5],"tags":[23,28,29,32,33,22,30,31,35,39,38,36,37,34,40,20,26,27,13021,24,25,4909,21],"class_list":{"0":"post-55217","1":"post","2":"type-post","3":"status-publish","4":"format-standard","5":"has-post-thumbnail","7":"category-aktualitates","8":"tag-aktualitates","9":"tag-breaking-news","10":"tag-breakingnews","11":"tag-featured-news","12":"tag-featurednews","13":"tag-headlines","14":"tag-latest-news","15":"tag-latestnews","16":"tag-latvia","17":"tag-latvian","18":"tag-latviesu","19":"tag-latviesu-valoda","20":"tag-latviesuvaloda","21":"tag-latvija","22":"tag-lv","23":"tag-news","24":"tag-popularakas-zinas","25":"tag-popularakaszinas","26":"tag-sunu-apraide","27":"tag-top-stories","28":"tag-topstories","29":"tag-valsts-ugunsdzesibas-un-glabsanas-dienests-vugd","30":"tag-zinas"},"share_on_mastodon":{"url":"https:\/\/pubeurope.com\/@lv\/115587007336895495","error":""},"_links":{"self":[{"href":"https:\/\/www.europesays.com\/lv\/wp-json\/wp\/v2\/posts\/55217","targetHints":{"allow":["GET"]}}],"collection":[{"href":"https:\/\/www.europesays.com\/lv\/wp-json\/wp\/v2\/posts"}],"about":[{"href":"https:\/\/www.europesays.com\/lv\/wp-json\/wp\/v2\/types\/post"}],"author":[{"embeddable":true,"href":"https:\/\/www.europesays.com\/lv\/wp-json\/wp\/v2\/users\/2"}],"replies":[{"embeddable":true,"href":"https:\/\/www.europesays.com\/lv\/wp-json\/wp\/v2\/comments?post=55217"}],"version-history":[{"count":0,"href":"https:\/\/www.europesays.com\/lv\/wp-json\/wp\/v2\/posts\/55217\/revisions"}],"wp:featuredmedia":[{"embeddable":true,"href":"https:\/\/www.europesays.com\/lv\/wp-json\/wp\/v2\/media\/55218"}],"wp:attachment":[{"href":"https:\/\/www.europesays.com\/lv\/wp-json\/wp\/v2\/media?parent=55217"}],"wp:term":[{"taxonomy":"category","embeddable":true,"href":"https:\/\/www.europesays.com\/lv\/wp-json\/wp\/v2\/categories?post=55217"},{"taxonomy":"post_tag","embeddable":true,"href":"https:\/\/www.europesays.com\/lv\/wp-json\/wp\/v2\/tags?post=55217"}],"curies":[{"name":"wp","href":"https:\/\/api.w.org\/{rel}","templated":true}]}}