{"id":55220,"date":"2025-11-21T09:39:09","date_gmt":"2025-11-21T09:39:09","guid":{"rendered":"https:\/\/www.europesays.com\/lv\/55220\/"},"modified":"2025-11-21T09:39:09","modified_gmt":"2025-11-21T09:39:09","slug":"nacionalais-teatris-spelmanu-nakti-sanem-visvairak-nominaciju-direktors-atklaj-panakumu-formulu-lente-lv","status":"publish","type":"post","link":"https:\/\/www.europesays.com\/lv\/55220\/","title":{"rendered":"Nacion\u0101lais te\u0101tris \u201cSp\u0113lma\u0146u nakt\u012b\u201d sa\u0146em visvair\u0101k nomin\u0101ciju; direktors atkl\u0101j pan\u0101kumu formulu\u00a0\u2014\u00a0Lente.lv"},"content":{"rendered":"<p>Nacion\u0101lais te\u0101tris godina \u201cSp\u0113lma\u0146u nakt\u012b\u201d ar rekordlielu nomin\u0101ciju skaitu<\/p>\n<p>Nacion\u0101lais te\u0101tris \u0161ogad izpeln\u012bjies \u012bpa\u0161u atzin\u012bbu, sa\u0146emot visvair\u0101k nomin\u0101ciju presti\u017eaj\u0101 \u201cSp\u0113lma\u0146u nakts\u201d balvu pasnieg\u0161anas ceremonij\u0101. \u0160is pan\u0101kums ir ne tikai \u017e\u016brijas augstais nov\u0113rt\u0113jums, bet ar\u012b apliecin\u0101jums te\u0101tra daudzpus\u012bgajai un kvalitat\u012bvajai programmai, kas sp\u0113j aizraut skat\u012bt\u0101ju un kriti\u0137u sirdis.<\/p>\n<p>Te\u0101tra direktors M\u0101ris V\u012btols dal\u012bjies saj\u016bt\u0101s par \u0161o izcilo sasniegumu, uzsverot, ka kolekt\u012bv\u0101 valda patiess pacil\u0101jums un gandar\u012bjums. Vi\u0146\u0161 nor\u0101da, ka nomin\u0101cijas ir spilgts apliecin\u0101jums gan m\u0101kslinieciskajai izcil\u012bbai, gan ar\u012b r\u016bp\u012bgajam un m\u0113r\u0137tiec\u012bgajam darbam, ko ieguld\u012bjis katrs te\u0101tra darbinieks. \u201c\u0160is ir br\u012bdis, kad j\u016btamies patiesi nov\u0113rt\u0113ti,\u201d atz\u012bst V\u012btols, piebilstot, ka \u0161is ir kop\u012bgs pan\u0101kums, kas stiprina komandas garu un iedro\u0161ina turpin\u0101t ies\u0101kto ce\u013cu.<\/p>\n<p>Pan\u0101kumu atsl\u0113ga \u2013 jaunrade un skat\u012bt\u0101ju uztic\u012bba<\/p>\n<p>Run\u0101jot par pan\u0101kumu formulu, V\u012btols atkl\u0101j, ka t\u0101 sl\u0113pjas vair\u0101kos b\u016btiskos aspektos. Viens no galvenajiem faktoriem ir te\u0101tra sp\u0113ja nemit\u012bgi mekl\u0113t jaunus m\u0101kslinieciskos izteiksmes l\u012bdzek\u013cus un pied\u0101v\u0101t skat\u012bt\u0101jiem svaigus, aizraujo\u0161us iestud\u0113jumus. T\u0101pat tiek uzsv\u0113rta nepiecie\u0161am\u012bba veidot izr\u0101des, kas atspogu\u013co m\u016bsdienu sabiedr\u012bbas aktu\u0101l\u0101s t\u0113mas un probl\u0113mas, liekot skat\u012bt\u0101jiem aizdom\u0101ties un rast jaunas perspekt\u012bvas. \u0160\u012b pieeja nodro\u0161ina ne tikai m\u0101ksliniecisku izaugsmi, bet ar\u012b cie\u0161u saikni ar publiku.<\/p>\n<p>\u201cM\u016bsu m\u0113r\u0137is ir rad\u012bt te\u0101tri, kas run\u0101 ar skat\u012bt\u0101ju par dz\u012bvi, par mums pa\u0161iem. Tas nav tikai izklaides objekts, bet gan vieta, kur notiek saruna, kur\u0101 m\u0113s kop\u012bgi mekl\u0113jam atbildes uz svar\u012bgiem jaut\u0101jumiem,\u201d skaidro direktors. Vi\u0146\u0161 ar\u012b akcent\u0113 komandas darba noz\u012bmi \u2013 katra izr\u0101de ir rezult\u0101ts r\u016bp\u012bgam kopdarbam, kur\u0101 re\u017eisori, aktieri, scenogr\u0101fi, gaismu m\u0101kslinieki un visa p\u0101r\u0113j\u0101 rado\u0161\u0101 komanda str\u0101d\u0101 vienota m\u0113r\u0137a v\u0101rd\u0101.<\/p>\n<p>\u201cSp\u0113lma\u0146u nakts\u201d \u2013 te\u0101tra m\u0101kslas sv\u0113tki<\/p>\n<p>\u201cSp\u0113lma\u0146u nakts\u201d balvas ir neatsverams notikums Latvijas te\u0101tra dz\u012bv\u0113, kas piev\u0113r\u0161 sabiedr\u012bbas uzman\u012bbu te\u0101tra m\u0101kslai un t\u0101s veidot\u0101jiem. Nomin\u0101cijas da\u017e\u0101d\u0101s kategorij\u0101s \u2013 no lab\u0101k\u0101s izr\u0101des l\u012bdz lab\u0101kajam aktierim \u2013 godina talant\u012bg\u0101kos un profesion\u0101l\u0101kos m\u0101ksliniekus. Nacion\u0101l\u0101 te\u0101tra ieg\u016btais nomin\u0101ciju skaits ir apliecin\u0101jums te\u0101tra rado\u0161ajam potenci\u0101lam un sp\u0113jai rad\u012bt darbus, kas atst\u0101j dzi\u013cu iespaidu uz skat\u012bt\u0101jiem un kriti\u0137iem.<\/p>\n<p>\u0160is gads liecina, ka Nacion\u0101lais te\u0101tris turpina savu izcilo trad\u012bciju, pied\u0101v\u0101jot kvalitat\u012bvus un iedvesmojo\u0161us iestud\u0113jumus. Gaid\u0101m ar nepaciet\u012bbu ceremoniju, lai uzzin\u0101tu, kuri no \u0161iem nov\u0113rt\u0113tajiem darbiem sa\u0146ems galven\u0101s balvas, un turpin\u0101sim sekot l\u012bdzi Nacion\u0101l\u0101 te\u0101tra rado\u0161ajiem pan\u0101kumiem.<\/p>\n","protected":false},"excerpt":{"rendered":"Nacion\u0101lais te\u0101tris godina \u201cSp\u0113lma\u0146u nakt\u012b\u201d ar rekordlielu nomin\u0101ciju skaitu Nacion\u0101lais te\u0101tris \u0161ogad izpeln\u012bjies \u012bpa\u0161u atzin\u012bbu, sa\u0146emot visvair\u0101k nomin\u0101ciju&hellip;\n","protected":false},"author":2,"featured_media":55221,"comment_status":"","ping_status":"","sticky":false,"template":"","format":"standard","meta":{"footnotes":""},"categories":[12],"tags":[23,28,29,32,33,22,30,31,35,39,38,36,37,34,40,14961,537,20,26,27,6020,6851,10760,24,25,21],"class_list":{"0":"post-55220","1":"post","2":"type-post","3":"status-publish","4":"format-standard","5":"has-post-thumbnail","7":"category-latvija","8":"tag-aktualitates","9":"tag-breaking-news","10":"tag-breakingnews","11":"tag-featured-news","12":"tag-featurednews","13":"tag-headlines","14":"tag-latest-news","15":"tag-latestnews","16":"tag-latvia","17":"tag-latvian","18":"tag-latviesu","19":"tag-latviesu-valoda","20":"tag-latviesuvaloda","21":"tag-latvija","22":"tag-lv","23":"tag-makslinieciska-jaunrade","24":"tag-nacionalais-teatris","25":"tag-news","26":"tag-popularakas-zinas","27":"tag-popularakaszinas","28":"tag-spelmanu-nakts","29":"tag-teatra-balvas","30":"tag-teatra-kritika","31":"tag-top-stories","32":"tag-topstories","33":"tag-zinas"},"share_on_mastodon":{"url":"https:\/\/pubeurope.com\/@lv\/115587029740626980","error":""},"_links":{"self":[{"href":"https:\/\/www.europesays.com\/lv\/wp-json\/wp\/v2\/posts\/55220","targetHints":{"allow":["GET"]}}],"collection":[{"href":"https:\/\/www.europesays.com\/lv\/wp-json\/wp\/v2\/posts"}],"about":[{"href":"https:\/\/www.europesays.com\/lv\/wp-json\/wp\/v2\/types\/post"}],"author":[{"embeddable":true,"href":"https:\/\/www.europesays.com\/lv\/wp-json\/wp\/v2\/users\/2"}],"replies":[{"embeddable":true,"href":"https:\/\/www.europesays.com\/lv\/wp-json\/wp\/v2\/comments?post=55220"}],"version-history":[{"count":0,"href":"https:\/\/www.europesays.com\/lv\/wp-json\/wp\/v2\/posts\/55220\/revisions"}],"wp:featuredmedia":[{"embeddable":true,"href":"https:\/\/www.europesays.com\/lv\/wp-json\/wp\/v2\/media\/55221"}],"wp:attachment":[{"href":"https:\/\/www.europesays.com\/lv\/wp-json\/wp\/v2\/media?parent=55220"}],"wp:term":[{"taxonomy":"category","embeddable":true,"href":"https:\/\/www.europesays.com\/lv\/wp-json\/wp\/v2\/categories?post=55220"},{"taxonomy":"post_tag","embeddable":true,"href":"https:\/\/www.europesays.com\/lv\/wp-json\/wp\/v2\/tags?post=55220"}],"curies":[{"name":"wp","href":"https:\/\/api.w.org\/{rel}","templated":true}]}}