{"id":55234,"date":"2025-11-21T09:52:11","date_gmt":"2025-11-21T09:52:11","guid":{"rendered":"https:\/\/www.europesays.com\/lv\/55234\/"},"modified":"2025-11-21T09:52:11","modified_gmt":"2025-11-21T09:52:11","slug":"ceturtdien-celu-satiksmes-negadijumos-cietusi-15-cilveki","status":"publish","type":"post","link":"https:\/\/www.europesays.com\/lv\/55234\/","title":{"rendered":"Ceturtdien ce\u013cu satiksmes negad\u012bjumos cietu\u0161i 15 cilv\u0113ki"},"content":{"rendered":"<p>Kopum\u0101 valst\u012b re\u0123istr\u0113ti 156 ce\u013cu satiksmes negad\u012bjumi, un 15 no tiem biju\u0161i ar cietu\u0161ajiem. Nevien\u0101 av\u0101rij\u0101 traumas nav guvu\u0161i vair\u0101ki cilv\u0113ki.<\/p>\n<p>Av\u0101rijas ar cietu\u0161ajiem re\u0123istr\u0113tas da\u017e\u0101dos re\u0123ionos &#8211; visvair\u0101k R\u012bgas re\u0123ion\u0101, kur \u0161\u0101dos negad\u012bjumos cietu\u0161i asto\u0146i cilv\u0113ki, tostarp \u010detri g\u0101j\u0113ji un viens elektrisk\u0101 skrejrite\u0146a vad\u012bt\u0101js. Latgal\u0113 \u010detros gad\u012bjumos kop\u0101 ievainotas \u010detras personas, tostarp viens g\u0101j\u0113js. Vidzem\u0113 savuk\u0101rt re\u0123istr\u0113ta viena av\u0101rija ar diviem cietu\u0161ajiem, tostarp vienu g\u0101j\u0113ju un vienu velosip\u0113distu.<\/p>\n<p>Tre\u0161dien pie st\u016bres alkohola reibum\u0101 pie\u0137erti devi\u0146i transportl\u012bdzek\u013cu vad\u012bt\u0101ji. Septi\u0146os gad\u012bjumos \u0161oferi biju\u0161i stipr\u0101 reibum\u0101 vai bez ties\u012bb\u0101m, vai ar\u012b dz\u0113rum\u0101 izrais\u012bju\u0161i av\u0101riju, t\u0101p\u0113c s\u0101kti krimin\u0101lprocesi. Pieciem no vi\u0146iem transportl\u012bdzek\u013ci konfisc\u0113ti.<\/p>\n<p>Kopum\u0101 ce\u013cu satiksmes noteikumu jom\u0101 policija aizvad\u012btaj\u0101 diennakt\u012b noform\u0113jusi 447 administrat\u012bvos p\u0101rk\u0101puma protokolus, tostarp 175 par at\u013caut\u0101 \u0101truma p\u0101rsnieg\u0161anu un tr\u012bs par agres\u012bvu brauk\u0161anu, liecina policijas apkopot\u0101 inform\u0101cija.<\/p>\n","protected":false},"excerpt":{"rendered":"Kopum\u0101 valst\u012b re\u0123istr\u0113ti 156 ce\u013cu satiksmes negad\u012bjumi, un 15 no tiem biju\u0161i ar cietu\u0161ajiem. Nevien\u0101 av\u0101rij\u0101 traumas nav&hellip;\n","protected":false},"author":2,"featured_media":50527,"comment_status":"","ping_status":"","sticky":false,"template":"","format":"standard","meta":{"footnotes":""},"categories":[5],"tags":[23,1465,28,29,32,33,22,30,31,35,39,38,36,37,34,40,20,26,27,24,25,138,21],"class_list":{"0":"post-55234","1":"post","2":"type-post","3":"status-publish","4":"format-standard","5":"has-post-thumbnail","7":"category-aktualitates","8":"tag-aktualitates","9":"tag-autoavarijas","10":"tag-breaking-news","11":"tag-breakingnews","12":"tag-featured-news","13":"tag-featurednews","14":"tag-headlines","15":"tag-latest-news","16":"tag-latestnews","17":"tag-latvia","18":"tag-latvian","19":"tag-latviesu","20":"tag-latviesu-valoda","21":"tag-latviesuvaloda","22":"tag-latvija","23":"tag-lv","24":"tag-news","25":"tag-popularakas-zinas","26":"tag-popularakaszinas","27":"tag-top-stories","28":"tag-topstories","29":"tag-valsts-policija","30":"tag-zinas"},"share_on_mastodon":{"url":"https:\/\/pubeurope.com\/@lv\/115587078082100823","error":""},"_links":{"self":[{"href":"https:\/\/www.europesays.com\/lv\/wp-json\/wp\/v2\/posts\/55234","targetHints":{"allow":["GET"]}}],"collection":[{"href":"https:\/\/www.europesays.com\/lv\/wp-json\/wp\/v2\/posts"}],"about":[{"href":"https:\/\/www.europesays.com\/lv\/wp-json\/wp\/v2\/types\/post"}],"author":[{"embeddable":true,"href":"https:\/\/www.europesays.com\/lv\/wp-json\/wp\/v2\/users\/2"}],"replies":[{"embeddable":true,"href":"https:\/\/www.europesays.com\/lv\/wp-json\/wp\/v2\/comments?post=55234"}],"version-history":[{"count":0,"href":"https:\/\/www.europesays.com\/lv\/wp-json\/wp\/v2\/posts\/55234\/revisions"}],"wp:featuredmedia":[{"embeddable":true,"href":"https:\/\/www.europesays.com\/lv\/wp-json\/wp\/v2\/media\/50527"}],"wp:attachment":[{"href":"https:\/\/www.europesays.com\/lv\/wp-json\/wp\/v2\/media?parent=55234"}],"wp:term":[{"taxonomy":"category","embeddable":true,"href":"https:\/\/www.europesays.com\/lv\/wp-json\/wp\/v2\/categories?post=55234"},{"taxonomy":"post_tag","embeddable":true,"href":"https:\/\/www.europesays.com\/lv\/wp-json\/wp\/v2\/tags?post=55234"}],"curies":[{"name":"wp","href":"https:\/\/api.w.org\/{rel}","templated":true}]}}