{"id":55235,"date":"2025-11-21T09:56:10","date_gmt":"2025-11-21T09:56:10","guid":{"rendered":"https:\/\/www.europesays.com\/lv\/55235\/"},"modified":"2025-11-21T09:56:10","modified_gmt":"2025-11-21T09:56:10","slug":"krievija-velas-iznicinat-nato-norada-lietuvas-arlietu-ministrs","status":"publish","type":"post","link":"https:\/\/www.europesays.com\/lv\/55235\/","title":{"rendered":"Krievija v\u0113las izn\u012bcin\u0101t NATO, nor\u0101da Lietuvas \u0101rlietu ministrs"},"content":{"rendered":"<p>Run\u0101jot par V\u0101cijas brig\u0101des izvieto\u0161anu Lietuv\u0101, \u0101rlietu ministrs uzsv\u0113ra, ka Berl\u012bne kopum\u0101 ir pan\u0101kusi lielu progresu, nopietni izturas pret aizsardz\u012bbu un palielina t\u0101s finans\u0113jumu.<\/p>\n<p>Vi\u0146\u0161 nor\u0101d\u012bja, ka ar\u012b <a href=\"https:\/\/www.apollo.lv\/term\/555429\/lietuva\" class=\"topicLink\" target=\"_blank\" rel=\"nofollow noopener\">Lietuva<\/a> pilda savas saist\u012bbas, palielinot aizsardz\u012bbas izdevumus, kas 2026. gad\u0101 sasniegs gandr\u012bz 5,4% no iek\u0161zemes kopprodukta (IKP).<\/p>\n<p>&#8220;Tas b\u016bs augst\u0101kais r\u0101d\u012bt\u0101js NATO un vis\u0101 br\u012bvaj\u0101 pasaul\u0113. M\u0113s to dar\u0101m ar m\u0113r\u0137i izveidot piln\u012bb\u0101 kaujas gatavu un manevr\u0113jamu sauszemes div\u012bziju,&#8221; piebilda Lietuvas \u0101rlietu ministrs.<\/p>\n<p>Vaic\u0101ts, vai Kremlis k\u013c\u016bst arvien nekaun\u012bg\u0101ks, Budris sac\u012bja, ka Krievija cen\u0161as p\u0101rbaud\u012bt alianses attur\u0113\u0161anas potenci\u0101lu un aizsardz\u012bbas sp\u0113jas miera laik\u0101. Ministrs piemin\u0113ja ar\u012b Baltkrievijas veiktos hibr\u012bduzbrukumus. Vi\u0146\u0161 sac\u012bja, ka Minska ir izmantojusi neleg\u0101lo migr\u0101ciju k\u0101 ieroci, bet Lietuva ar \u0161o probl\u0113mu tiek gal\u0101. Tagad Baltkrievija izmanto starptautisku noziedz\u012bgu darb\u012bbu &#8211; cigare\u0161u kontrabandu, piebilda Budris.<\/p>\n<p>&#8220;Vi\u0146iem visiem ir viens m\u0113r\u0137is &#8211; ap\u0161aub\u012bt m\u016bsu aizsardz\u012bbas sp\u0113jas. Par\u0101d\u012bt, ka t\u0101s nedarbojas, un dot sign\u0101lu m\u016bsu valstu iedz\u012bvot\u0101jiem, ka varb\u016bt mums nevajadz\u0113tu iejaukties Ukrain\u0101 notieko\u0161aj\u0101,&#8221; uzsv\u0113ra ministrs.<\/p>\n<p>K\u0101 teica Budris, Baltkrievij\u0101 ir divas lielas tabakas ra\u017eotnes, kur da\u017eas no telp\u0101m ir \u012bpa\u0161i paredz\u0113tas kontrabandas produktu ra\u017eo\u0161anai, no k\u0101 re\u017e\u012bms g\u016bst finansi\u0101lu pe\u013c\u0146u.<\/p>\n<p>Saist\u012bb\u0101 ar \u0161iem hibr\u012bduzbrukumiem Eiropas Savien\u012bbai vi\u0146\u0161 aicina ieviest Eiropas m\u0113roga sankcijas Baltkrievijai.<\/p>\n<p>Jau v\u0113st\u012bts, ka oktobr\u012b vair\u0101kk\u0101rt tika aptur\u0113ta Lietuvas lidostu darb\u012bba, jo kontrabandistu izmantoto meteozon\u017eu d\u0113\u013c bija riski civil\u0101s avi\u0101cijas dro\u0161\u012bbai.<\/p>\n<p>Saist\u012bb\u0101 ar to, ka Lietuva nesaskat\u012bja Minskas v\u0113lmi situ\u0101ciju risin\u0101t, oktobra beig\u0101s tika nolemts uz m\u0113nesi sl\u0113gt atliku\u0161os divus robe\u017ekontroles punktus ar Baltkrieviju, ta\u010du tre\u0161dien Lietuvas vald\u012bba nol\u0113ma Medininku un \u0160al\u010dininku robe\u017ekontroles punktus atv\u0113rt pirms s\u0101kotn\u0113ji pl\u0101not\u0101 termi\u0146a.<\/p>\n","protected":false},"excerpt":{"rendered":"Run\u0101jot par V\u0101cijas brig\u0101des izvieto\u0161anu Lietuv\u0101, \u0101rlietu ministrs uzsv\u0113ra, ka Berl\u012bne kopum\u0101 ir pan\u0101kusi lielu progresu, nopietni izturas&hellip;\n","protected":false},"author":2,"featured_media":55236,"comment_status":"","ping_status":"","sticky":false,"template":"","format":"standard","meta":{"footnotes":""},"categories":[14],"tags":[23,57,28,29,32,33,22,30,31,35,39,38,36,37,34,1464,40,71,20,26,27,24,25,54,55,56,21,58],"class_list":{"0":"post-55235","1":"post","2":"type-post","3":"status-publish","4":"format-standard","5":"has-post-thumbnail","7":"category-zinas-no-arvalstim","8":"tag-aktualitates","9":"tag-arvalstim","10":"tag-breaking-news","11":"tag-breakingnews","12":"tag-featured-news","13":"tag-featurednews","14":"tag-headlines","15":"tag-latest-news","16":"tag-latestnews","17":"tag-latvia","18":"tag-latvian","19":"tag-latviesu","20":"tag-latviesu-valoda","21":"tag-latviesuvaloda","22":"tag-latvija","23":"tag-lietuva","24":"tag-lv","25":"tag-nato","26":"tag-news","27":"tag-popularakas-zinas","28":"tag-popularakaszinas","29":"tag-top-stories","30":"tag-topstories","31":"tag-world","32":"tag-world-news","33":"tag-worldnews","34":"tag-zinas","35":"tag-zinas-no-arvalstim"},"share_on_mastodon":{"url":"https:\/\/pubeurope.com\/@lv\/115587094006324398","error":""},"_links":{"self":[{"href":"https:\/\/www.europesays.com\/lv\/wp-json\/wp\/v2\/posts\/55235","targetHints":{"allow":["GET"]}}],"collection":[{"href":"https:\/\/www.europesays.com\/lv\/wp-json\/wp\/v2\/posts"}],"about":[{"href":"https:\/\/www.europesays.com\/lv\/wp-json\/wp\/v2\/types\/post"}],"author":[{"embeddable":true,"href":"https:\/\/www.europesays.com\/lv\/wp-json\/wp\/v2\/users\/2"}],"replies":[{"embeddable":true,"href":"https:\/\/www.europesays.com\/lv\/wp-json\/wp\/v2\/comments?post=55235"}],"version-history":[{"count":0,"href":"https:\/\/www.europesays.com\/lv\/wp-json\/wp\/v2\/posts\/55235\/revisions"}],"wp:featuredmedia":[{"embeddable":true,"href":"https:\/\/www.europesays.com\/lv\/wp-json\/wp\/v2\/media\/55236"}],"wp:attachment":[{"href":"https:\/\/www.europesays.com\/lv\/wp-json\/wp\/v2\/media?parent=55235"}],"wp:term":[{"taxonomy":"category","embeddable":true,"href":"https:\/\/www.europesays.com\/lv\/wp-json\/wp\/v2\/categories?post=55235"},{"taxonomy":"post_tag","embeddable":true,"href":"https:\/\/www.europesays.com\/lv\/wp-json\/wp\/v2\/tags?post=55235"}],"curies":[{"name":"wp","href":"https:\/\/api.w.org\/{rel}","templated":true}]}}