{"id":55241,"date":"2025-11-21T09:59:11","date_gmt":"2025-11-21T09:59:11","guid":{"rendered":"https:\/\/www.europesays.com\/lv\/55241\/"},"modified":"2025-11-21T09:59:11","modified_gmt":"2025-11-21T09:59:11","slug":"mana-dzive-si-bija-jau-otra-reize-kad-arsts-pasaka-sis-iespejams-ir-manas-pedejas-stundas","status":"publish","type":"post","link":"https:\/\/www.europesays.com\/lv\/55241\/","title":{"rendered":"Man\u0101 dz\u012bv\u0113 \u0161\u012b bija jau otr\u0101 reize, kad \u0101rsts pasaka \u2013 \u0161\u012bs, iesp\u0113jams, ir manas p\u0113d\u0113j\u0101s stundas"},"content":{"rendered":"<p>Biju\u0161ajam kult\u016bras ministram, tagad Saeimas deput\u0101tam un grupas &#8220;P\u0113rkons&#8221; dal\u012bbniekam Naurim Puntulim \u0161is gads bijis ar neticamiem pav\u0113rsieniem. Pavasar\u012b vi\u0146\u0161 m\u0113ne\u0161iem ilgi gul\u0113ja slim\u012bbas gult\u0101 un var\u0113ja tikai z\u012bl\u0113t, vai atg\u016bs sp\u0113ju kust\u0113ties, bet nu vi\u0146\u0161 atgriezies uz skatuves. Intervij\u0101 izdevumam &#8220;Ieva&#8221; nu vi\u0146\u0161 atkl\u0101j, kas paties\u012bb\u0101 notika. <\/p>\n<p>Puntulis vair\u0101kus m\u0113ne\u0161us vesel\u012bbas probl\u0113mu d\u0113\u013c nepiedal\u012bj\u0101s Saeimas s\u0113d\u0113s un parlament\u0101 atgriez\u0101s \u012bsi pirms vasaras br\u012bvlaika. Toreiz vi\u0146\u0161 neko nev\u0113l\u0113j\u0101s st\u0101st\u012bt. Ar\u012b tagad vi\u0146\u0161 nemin savu diagnozi, ta\u010du intervij\u0101 izdevumam &#8220;Ieva&#8221; atkl\u0101jis, ka vesel\u012bbas probl\u0113mas biju\u0161as \u013coti smagas, ka \u0101rsti br\u012bdin\u0101ju\u0161i par iesp\u0113jamu n\u0101ves risku.&#13;<br \/>\n&#13;<br \/>\n &#8220;T\u0101 nebija ne onkolo\u0123ija, ne insults. <\/p>\n<blockquote><p>Man\u0101 dz\u012bv\u0113 t\u0101 jau bija otr\u0101 reize, kad \u0101rsts pasaka &#8211; \u0161\u012bs, iesp\u0113jams, ir manas p\u0113d\u0113j\u0101s stundas. J\u0101, man bija gr\u016bts posms dz\u012bv\u0113. <\/p><\/blockquote>\n<p>Tagad zinu, k\u0101 ir b\u016bt ar vienu k\u0101ju tur. Zinu, k\u0101 ir m\u0113ne\u0161iem gul\u0113t nekust\u012bgi pamperos, k\u0101 ir b\u016bt iesl\u0113gtam rati\u0146kr\u0113sl\u0101 bez cer\u012bbas jebkad no t\u0101 piecelties. Varb\u016bt t\u0101 ar\u012b b\u016btu noticis, ja ne mans kurzemnieka sp\u012bts. Bija neskait\u0101mas bezmiega naktis, kur\u0101s sp\u012bts mij\u0101s ar izmisumu, p\u0101rv\u0113r\u0161oties fizisko vingrin\u0101jumu stund\u0101s l\u012bdz sp\u0113ku izs\u012bkumam,&#8221; atkl\u0101ts ir Puntulis.<\/p>\n<p>Vi\u0146\u0161 bilda, ka visgr\u016bt\u0101kais laiks ir gar\u0101m un ir \u013coti pateic\u012bgs \u0101rstiem un visam medic\u012bnas person\u0101lam, kas bija kl\u0101teso\u0161s \u0161aj\u0101 gr\u016btaj\u0101 dz\u012bves posm\u0101.<\/p>\n<p>Puntulis ar\u012b atgriezies uz skatuves. Nupat ar grupu &#8220;P\u0113rkons&#8221; uzst\u0101jies valsts sv\u0113tkos Liep\u0101j\u0101. K\u0101 saka aculiecinieki, vi\u0146\u0161 bijis dz\u012bv\u012bg\u0101ks k\u0101 jebkad, baudot katru mirkli uz skatuves. <\/p>\n<p>Intervij\u0101 vi\u0146\u0161 atzinis, ka v\u0113lme uzst\u0101ties ar grupu &#8220;P\u0113rkons&#8221; bija viens no m\u0113r\u0137iem, kas vi\u0146u motiv\u0113ja vese\u013coties.<\/p>\n","protected":false},"excerpt":{"rendered":"Biju\u0161ajam kult\u016bras ministram, tagad Saeimas deput\u0101tam un grupas &#8220;P\u0113rkons&#8221; dal\u012bbniekam Naurim Puntulim \u0161is gads bijis ar neticamiem pav\u0113rsieniem.&hellip;\n","protected":false},"author":2,"featured_media":55242,"comment_status":"","ping_status":"","sticky":false,"template":"","format":"standard","meta":{"footnotes":""},"categories":[19],"tags":[129,14963,556,14966,89,90,35,39,38,36,37,34,40,14967,14964,557,14968,14965,558],"class_list":{"0":"post-55241","1":"post","2":"type-post","3":"status-publish","4":"format-standard","5":"has-post-thumbnail","7":"category-izklaide","8":"tag-__typenameadvicekeyword","9":"tag-id1009","10":"tag-id1040","11":"tag-id1804","12":"tag-entertainment","13":"tag-izklaide","14":"tag-latvia","15":"tag-latvian","16":"tag-latviesu","17":"tag-latviesu-valoda","18":"tag-latviesuvaloda","19":"tag-latvija","20":"tag-lv","21":"tag-sluggrupa-perkons","22":"tag-slugnauris-puntulis","23":"tag-slugveseliba","24":"tag-titlegrupa-perkons","25":"tag-titlenauris-puntulis","26":"tag-titleveseliba"},"share_on_mastodon":{"url":"https:\/\/pubeurope.com\/@lv\/115587105743614226","error":""},"_links":{"self":[{"href":"https:\/\/www.europesays.com\/lv\/wp-json\/wp\/v2\/posts\/55241","targetHints":{"allow":["GET"]}}],"collection":[{"href":"https:\/\/www.europesays.com\/lv\/wp-json\/wp\/v2\/posts"}],"about":[{"href":"https:\/\/www.europesays.com\/lv\/wp-json\/wp\/v2\/types\/post"}],"author":[{"embeddable":true,"href":"https:\/\/www.europesays.com\/lv\/wp-json\/wp\/v2\/users\/2"}],"replies":[{"embeddable":true,"href":"https:\/\/www.europesays.com\/lv\/wp-json\/wp\/v2\/comments?post=55241"}],"version-history":[{"count":0,"href":"https:\/\/www.europesays.com\/lv\/wp-json\/wp\/v2\/posts\/55241\/revisions"}],"wp:featuredmedia":[{"embeddable":true,"href":"https:\/\/www.europesays.com\/lv\/wp-json\/wp\/v2\/media\/55242"}],"wp:attachment":[{"href":"https:\/\/www.europesays.com\/lv\/wp-json\/wp\/v2\/media?parent=55241"}],"wp:term":[{"taxonomy":"category","embeddable":true,"href":"https:\/\/www.europesays.com\/lv\/wp-json\/wp\/v2\/categories?post=55241"},{"taxonomy":"post_tag","embeddable":true,"href":"https:\/\/www.europesays.com\/lv\/wp-json\/wp\/v2\/tags?post=55241"}],"curies":[{"name":"wp","href":"https:\/\/api.w.org\/{rel}","templated":true}]}}