{"id":55260,"date":"2025-11-21T10:16:09","date_gmt":"2025-11-21T10:16:09","guid":{"rendered":"https:\/\/www.europesays.com\/lv\/55260\/"},"modified":"2025-11-21T10:16:09","modified_gmt":"2025-11-21T10:16:09","slug":"sniega-un-apledojuma-del-daudzviet-latvija-uz-autoceliem-ir-apgrutinata-brauksana","status":"publish","type":"post","link":"https:\/\/www.europesays.com\/lv\/55260\/","title":{"rendered":"Sniega un apledojuma d\u0113\u013c daudzviet Latvij\u0101 uz autoce\u013ciem ir apgr\u016btin\u0101ta brauk\u0161ana"},"content":{"rendered":"<p>Lai uzlabotu brauk\u0161anas apst\u0101k\u013cus, ce\u013cu uztur\u0113\u0161anas darbos ir iesaist\u012bta 121 ziemas dienesta tehnikas vien\u012bba. Sniegotos autoce\u013cu posmus t\u012bra un kaisa ar pretsl\u012bdes materi\u0101liem.<\/p>\n<p>Uz valsts galvenajiem autoce\u013ciem apgr\u016btin\u0101ti brauk\u0161anas apst\u0101k\u013ci ir uz Vidzemes \u0161osejas (A2) no R\u012bgas l\u012bdz Raunas pagriezienam un no Al\u016bksnes pagrieziena l\u012bdz Veclaicenei, uz Valmieras \u0161osejas (A3) no Murj\u0101\u0146iem l\u012bdz Stren\u010diem, uz R\u012bgas apvedce\u013ca Salaspils-Bab\u012bte (A5) vis\u0101 posm\u0101, uz Daugavpils \u0161osejas (A6) posm\u0101 no J\u0113kabpils l\u012bdz Izvaldai, uz Bauskas \u0161osejas (A7) posm\u0101 no \u0136ekavas apvedce\u013ca l\u012bdz Dzimtmisai, k\u0101 ar\u012b uz Jelgavas \u0161osejas (A8) vis\u0101 posm\u0101.<\/p>\n<p>T\u0101pat apgr\u016btin\u0101ti brauk\u0161anas apst\u0101k\u013ci ir uz Liep\u0101jas \u0161osejas (A9) posm\u0101 no R\u012bgas l\u012bdz Liep\u0101jai, uz Ventspils \u0161osejas (A10) posm\u0101 no R\u012bgas l\u012bdz K\u016bdrai, uz autoce\u013ca Liep\u0101ja-Rucava (A11) vis\u0101 posm\u0101, uz R\u0113zeknes \u0161osejas (A12) posm\u0101 no J\u0113kabpils l\u012bdz Varak\u013c\u0101niem un no Ludzas l\u012bdz Terehovai, uz autoce\u013ca Greb\u0146eva-R\u0113zekne-Daugavpils-Medumi (A13) no Greb\u0146evas l\u012bdz Ru\u0161e\u0146icai un no \u0160po\u0123iem l\u012bdz Modumiem, k\u0101 ar\u012b uz Daugavpils apvedce\u013ca (A14) vis\u0101 posm\u0101.<\/p>\n<p>Savuk\u0101rt uz re\u0123ion\u0101lajiem autoce\u013ciem apgr\u016btin\u0101ta brauk\u0161ana ir vis\u0101 Latvij\u0101, iz\u0146emot R\u012bgas, Ogres, Bauskas, Limba\u017eu un R\u0113zeknes apk\u0101rtni.<\/p>\n<p>Par apgr\u016btin\u0101tiem brauk\u0161anas apst\u0101k\u013ciem vai citiem ar satiksmi un ce\u013cu st\u0101vokli saist\u012btiem nov\u0113rojumiem iedz\u012bvot\u0101ji ir aicin\u0101ti inform\u0113t &#8220;Latvijas valsts ce\u013cus&#8221;, zvanot uz diennakts bezmaksas informat\u012bvo t\u0101lruni 80005555, k\u0101 ar\u012b uz\u0146\u0113muma kontos soci\u0101l\u0101s sazi\u0146as t\u012bklos &#8220;X&#8221; un &#8220;Facebook&#8221;.<\/p>\n","protected":false},"excerpt":{"rendered":"Lai uzlabotu brauk\u0161anas apst\u0101k\u013cus, ce\u013cu uztur\u0113\u0161anas darbos ir iesaist\u012bta 121 ziemas dienesta tehnikas vien\u012bba. Sniegotos autoce\u013cu posmus t\u012bra&hellip;\n","protected":false},"author":2,"featured_media":55261,"comment_status":"","ping_status":"","sticky":false,"template":"","format":"standard","meta":{"footnotes":""},"categories":[5],"tags":[23,28,29,32,33,22,30,31,35,39,38,36,37,34,2857,40,20,26,27,1529,1528,24,25,21],"class_list":{"0":"post-55260","1":"post","2":"type-post","3":"status-publish","4":"format-standard","5":"has-post-thumbnail","7":"category-aktualitates","8":"tag-aktualitates","9":"tag-breaking-news","10":"tag-breakingnews","11":"tag-featured-news","12":"tag-featurednews","13":"tag-headlines","14":"tag-latest-news","15":"tag-latestnews","16":"tag-latvia","17":"tag-latvian","18":"tag-latviesu","19":"tag-latviesu-valoda","20":"tag-latviesuvaloda","21":"tag-latvija","22":"tag-latvijas-valsts-celi","23":"tag-lv","24":"tag-news","25":"tag-popularakas-zinas","26":"tag-popularakaszinas","27":"tag-satiksme","28":"tag-satiksmes-drosiba","29":"tag-top-stories","30":"tag-topstories","31":"tag-zinas"},"share_on_mastodon":{"url":"https:\/\/pubeurope.com\/@lv\/115587172673854825","error":""},"_links":{"self":[{"href":"https:\/\/www.europesays.com\/lv\/wp-json\/wp\/v2\/posts\/55260","targetHints":{"allow":["GET"]}}],"collection":[{"href":"https:\/\/www.europesays.com\/lv\/wp-json\/wp\/v2\/posts"}],"about":[{"href":"https:\/\/www.europesays.com\/lv\/wp-json\/wp\/v2\/types\/post"}],"author":[{"embeddable":true,"href":"https:\/\/www.europesays.com\/lv\/wp-json\/wp\/v2\/users\/2"}],"replies":[{"embeddable":true,"href":"https:\/\/www.europesays.com\/lv\/wp-json\/wp\/v2\/comments?post=55260"}],"version-history":[{"count":0,"href":"https:\/\/www.europesays.com\/lv\/wp-json\/wp\/v2\/posts\/55260\/revisions"}],"wp:featuredmedia":[{"embeddable":true,"href":"https:\/\/www.europesays.com\/lv\/wp-json\/wp\/v2\/media\/55261"}],"wp:attachment":[{"href":"https:\/\/www.europesays.com\/lv\/wp-json\/wp\/v2\/media?parent=55260"}],"wp:term":[{"taxonomy":"category","embeddable":true,"href":"https:\/\/www.europesays.com\/lv\/wp-json\/wp\/v2\/categories?post=55260"},{"taxonomy":"post_tag","embeddable":true,"href":"https:\/\/www.europesays.com\/lv\/wp-json\/wp\/v2\/tags?post=55260"}],"curies":[{"name":"wp","href":"https:\/\/api.w.org\/{rel}","templated":true}]}}