{"id":55275,"date":"2025-11-21T10:35:15","date_gmt":"2025-11-21T10:35:15","guid":{"rendered":"https:\/\/www.europesays.com\/lv\/55275\/"},"modified":"2025-11-21T10:35:15","modified_gmt":"2025-11-21T10:35:15","slug":"ieskaties-pirmais-%e2%9f%a9-tur-kur-sakas-intima-mode-buduars-un-ta-noslepumi-tvnet","status":"publish","type":"post","link":"https:\/\/www.europesays.com\/lv\/55275\/","title":{"rendered":"IESKATIES PIRMAIS \u27e9 Tur, kur s\u0101kas int\u012bm\u0101 mode: budu\u0101rs un t\u0101 nosl\u0113pumi &#8211; TVNET"},"content":{"rendered":"<ol>\n<li><a href=\"https:\/\/news.google.com\/rss\/articles\/CBMinAFBVV95cUxPYUdwcFpDLU9pcE5EdnZFVi1JNVhCaWlZYzFhVXBKZGFGNlJDbTZZMExTQUVvdWlPZm1UUkRqSF9PQzZMRWRDdkduUjhNWlg3Z2RDTjhna2YzSl9kYjM4bGFiN3JJSk9SSm1QMkdCTE9JSm1SaFVWVmNSbWJtMElQeF9nelgxZzRqdl9hLW8xLW12dVNPV19XR2Y1Z3g?oc=5\" target=\"_blank\" rel=\"nofollow noopener\">IESKATIES PIRMAIS \u27e9 Tur, kur s\u0101kas int\u012bm\u0101 mode: budu\u0101rs un t\u0101 nosl\u0113pumi<\/a>&nbsp;&nbsp;TVNET<\/li>\n<li><a href=\"https:\/\/news.google.com\/rss\/articles\/CBMi5AFBVV95cUxQdjBITXlUQWhOSjV5QjF6Wm9saFRxaGJiMGhjMVFFLVpDMWtnelVFWXlnMnZLRUYyckJfZFEyVS1oWlQ2b1Y3clllUjFzQmItdjY0eGdhTWZ3MzliZ3hBcFotRDZCam9hSlJYN2I5NjNhNHVOUnVaZzFWYnJNM19HN3FTekRRd01FVU9STVVyZi01SzEyTXR0c1Y2M2VKcDZoc3lDQ3gxR2JiYVFOeG13ZnQ0aGJYaWJmVUJ1NkpPWWs3dE9xUng2cVFwblFhSlFielNuNmZ0eXhlRm9FcThnNlN1UFI?oc=5\" target=\"_blank\" rel=\"nofollow noopener\">Modes muzej\u0101 skat\u0101ma apak\u0161ve\u013cai velt\u012bta izst\u0101de \u00abBudu\u0101rs. Tas, par ko nerun\u0101\u00bb \/ Raksts<\/a>&nbsp;&nbsp;LSM<\/li>\n<li><a href=\"https:\/\/news.google.com\/rss\/articles\/CBMi4wFBVV95cUxNb0d3cjdXVXlGZEpvVXlMSU5KcEhldWxLNjNWSTluNmJrR1hnd0FSQkUwbmxXOE1ZbWxxZFo5cjdpMmllLVZmUWZzbm9NcXpCOU1SbFpHVWF5LTExNUtIdlFyZDdQeXZPRmpYZHFXWEkxVXRyYk54ODZUYzNnREdOaUx4WkVVUVUwSkUwMGNtaU1sdS1ZLTRxRWtId3J5QUdWLURNRU5NUF9jQ1FadjNpTEthMk9RUjExcE81QURlNjc5bDV3U0p0cTV3NFBrSHBnZ21VOFRhV0VkNVpVcWo3bGVhYw?oc=5\" target=\"_blank\" rel=\"nofollow noopener\">Korsetes, pe\u0146u\u0101ri un me\u017e\u0123\u012bnes. Aleksandrs Vasi\u013cjevs izr\u0101da jauno izst\u0101di Modes muzej\u0101<\/a>&nbsp;&nbsp;Delfi<\/li>\n<li><a href=\"https:\/\/news.google.com\/rss\/articles\/CBMirAFBVV95cUxPb0F6LTdaTjVQakcxZmZrS096ZThDSUctWHFndjd0ZG9RUXlTdzJ6cnl0eUxCZjVXaWQ2eFBBVlFFS0NveW1oeE9CSnFsVGRPb2xUekI5S2pySFBUYWo1bTNYSUNvbTQ4U1ZfVmZqT3hoVURIc1F0azlEYUtHNHJQS04tdmNlbThQZWZwZDI1THhCVTBrUHlpeS1LM1Z2bno2UVM3YWYyRC0teEtG?oc=5\" target=\"_blank\" rel=\"nofollow noopener\">Modes muzej\u0101 b\u016bs skat\u0101ma izst\u0101de Budu\u0101rs. Tas, par ko nerun\u0101<\/a>&nbsp;&nbsp;Diena<\/li>\n<li><a href=\"https:\/\/news.google.com\/rss\/articles\/CBMirgFBVV95cUxQQndwa0RqbnZZb3gwLUxCaWdpaTBHWm5rS2tRTHVXV0JKSnhNQlZNWktoMzJSenFFVHZNVFh2am1rU0RmSktlb1pRZDY0a0c0UXJSUlB6YTNnNkdpRWNhSFd1OG1HWmN2UmNXeGtlSnJzcnhmbmpqekJ5YUNQby1maTBtWDJrMHVINndFRmJQYmFWYXRSdGFQS241UWJpMGNUNmxENWIyOHBkMmo5aXc?oc=5\" target=\"_blank\" rel=\"nofollow noopener\">Modes muzejs jaune izst\u0101de velt\u012bta modes saiknei ar \u0137ermeni un priv\u0101tumu<\/a>&nbsp;&nbsp;Latvijas Radio 1<\/li>\n<\/ol>\n","protected":false},"excerpt":{"rendered":"IESKATIES PIRMAIS \u27e9 Tur, kur s\u0101kas int\u012bm\u0101 mode: budu\u0101rs un t\u0101 nosl\u0113pumi&nbsp;&nbsp;TVNET Modes muzej\u0101 skat\u0101ma apak\u0161ve\u013cai velt\u012bta izst\u0101de&hellip;\n","protected":false},"author":2,"featured_media":55276,"comment_status":"","ping_status":"","sticky":false,"template":"","format":"standard","meta":{"footnotes":""},"categories":[19],"tags":[9302,89,90,35,39,38,36,37,34,40,14972,8835,8125],"class_list":{"0":"post-55275","1":"post","2":"type-post","3":"status-publish","4":"format-standard","5":"has-post-thumbnail","7":"category-izklaide","8":"tag-aleksandrs-vasiljevs","9":"tag-entertainment","10":"tag-izklaide","11":"tag-latvia","12":"tag-latvian","13":"tag-latviesu","14":"tag-latviesu-valoda","15":"tag-latviesuvaloda","16":"tag-latvija","17":"tag-lv","18":"tag-modes-muzejs","19":"tag-muzeji","20":"tag-tvnet-egoiste"},"share_on_mastodon":{"url":"https:\/\/pubeurope.com\/@lv\/115587247363430679","error":""},"_links":{"self":[{"href":"https:\/\/www.europesays.com\/lv\/wp-json\/wp\/v2\/posts\/55275","targetHints":{"allow":["GET"]}}],"collection":[{"href":"https:\/\/www.europesays.com\/lv\/wp-json\/wp\/v2\/posts"}],"about":[{"href":"https:\/\/www.europesays.com\/lv\/wp-json\/wp\/v2\/types\/post"}],"author":[{"embeddable":true,"href":"https:\/\/www.europesays.com\/lv\/wp-json\/wp\/v2\/users\/2"}],"replies":[{"embeddable":true,"href":"https:\/\/www.europesays.com\/lv\/wp-json\/wp\/v2\/comments?post=55275"}],"version-history":[{"count":0,"href":"https:\/\/www.europesays.com\/lv\/wp-json\/wp\/v2\/posts\/55275\/revisions"}],"wp:featuredmedia":[{"embeddable":true,"href":"https:\/\/www.europesays.com\/lv\/wp-json\/wp\/v2\/media\/55276"}],"wp:attachment":[{"href":"https:\/\/www.europesays.com\/lv\/wp-json\/wp\/v2\/media?parent=55275"}],"wp:term":[{"taxonomy":"category","embeddable":true,"href":"https:\/\/www.europesays.com\/lv\/wp-json\/wp\/v2\/categories?post=55275"},{"taxonomy":"post_tag","embeddable":true,"href":"https:\/\/www.europesays.com\/lv\/wp-json\/wp\/v2\/tags?post=55275"}],"curies":[{"name":"wp","href":"https:\/\/api.w.org\/{rel}","templated":true}]}}