{"id":55308,"date":"2025-11-21T11:12:12","date_gmt":"2025-11-21T11:12:12","guid":{"rendered":"https:\/\/www.europesays.com\/lv\/55308\/"},"modified":"2025-11-21T11:12:12","modified_gmt":"2025-11-21T11:12:12","slug":"fridas-kalo-pasportets-izsolits-par-rekordlielu-cenu","status":"publish","type":"post","link":"https:\/\/www.europesays.com\/lv\/55308\/","title":{"rendered":"Fr\u012bdas Kalo pa\u0161portets izsol\u012bts par rekordlielu cenu"},"content":{"rendered":"<p>Glezna &#8220;El sue\u00f1o (La cama)&#8221;, kuras nosaukums tulkojams k\u0101 &#8220;Sapnis (Gulta)&#8221;, tapusi 1940. gad\u0101, un taj\u0101 Kalo atainojusi sevi gu\u013cam gult\u0101.<\/p>\n<p>L\u012bdz \u0161im d\u0101rg\u0101k\u0101 izsol\u012bt\u0101 glezna, kuru rad\u012bjusi sieviete, bija amerik\u0101\u0146u gleznot\u0101jas D\u017eord\u017eijas O&#8217;K\u012bfas darbs &#8220;Jimson Weed \/ White Flower No.1&#8221;, kas 2014. gad\u0101 izsol\u0113 tika p\u0101rdots par 44 miljoniem ASV dol\u0101ru.<\/p>\n<p>Kalo darbu rekords l\u012bdz \u0161im bija 34,9 miljoni ASV dol\u0101ru 2021. gad\u0101.<\/p>\n<p>&#8220;El sue\u00f1o (La cama)&#8221; 1980. gad\u0101 izsol\u0113 tika p\u0101rdota par 51 000 ASV dol\u0101ru, kas ir aptuveni viena t\u016bksto\u0161\u0101 da\u013ca no t\u0101s pa\u0161reiz\u0113j\u0101s v\u0113rt\u012bbas.<\/p>\n<p>&#8220;Sotheby&#8217;s&#8221; Lat\u012b\u0146amerikas m\u0101kslas noda\u013cas vad\u012bt\u0101ja Anna Di Stasi nor\u0101d\u012bja, ka nule k\u0101 notikus\u012b izsole atspogu\u013co gan Kalo \u0123eni\u0101l\u0101s dai\u013crades pieaugo\u0161o nov\u0113rt\u0113jumu, gan arvien liel\u0101ko sievie\u0161u m\u0101kslinie\u010du atpaz\u012bstam\u012bbu augst\u0101k\u0101s klases m\u0101kslas tirg\u016b.<\/p>\n<p>1907. gad\u0101 dzimus\u012b Kalo s\u0101ka gleznot pusaudzes vecum\u0101, kam\u0113r vi\u0146a atkop\u0101s no autobusa av\u0101rijas, kur\u0101 vi\u0146ai tika lauzta mugura, iegurnis un vienpadsmit viet\u0101s k\u0101ja, k\u0101 ar\u012b sadrag\u0101ta p\u0113da un ar dzelzs marg\u0101m caurdurts v\u0113ders. Negad\u012bjuma d\u0113\u013c vi\u0146a visu m\u016b\u017eu cieta fiziskas un emocion\u0101las s\u0101pes.<\/p>\n<p>Vi\u0146as gleznas, galvenok\u0101rt pa\u0161portreti, apvienoja simbolismu, re\u0101lismu un sirre\u0101lismu, lai atspogu\u013cotu vi\u0146as s\u0101pes un godin\u0101tu Meksikas pamatiedz\u012bvot\u0101ju kult\u016bras. Vi\u0146a k\u013cuva paz\u012bstama ne tikai ar saviem m\u0101kslas darbiem, bet ar\u012b ar savu feminismu, atkl\u0101to biseksu\u0101lismu, sav\u0101m v\u0113trainaj\u0101m attiec\u012bb\u0101m ar m\u0101kslinieku Djego Riveru, ar kuru vi\u0146a bija prec\u0113jusies divas reizes, atbalstu komunismam un draudz\u012bbu ar revolucion\u0101ru un marksisma teor\u0113ti\u0137i \u013bevu Trocki.<\/p>\n","protected":false},"excerpt":{"rendered":"Glezna &#8220;El sue\u00f1o (La cama)&#8221;, kuras nosaukums tulkojams k\u0101 &#8220;Sapnis (Gulta)&#8221;, tapusi 1940. gad\u0101, un taj\u0101 Kalo atainojusi&hellip;\n","protected":false},"author":2,"featured_media":55309,"comment_status":"","ping_status":"","sticky":false,"template":"","format":"standard","meta":{"footnotes":""},"categories":[19],"tags":[89,90,35,39,38,36,37,34,40,2286,8516],"class_list":{"0":"post-55308","1":"post","2":"type-post","3":"status-publish","4":"format-standard","5":"has-post-thumbnail","7":"category-izklaide","8":"tag-entertainment","9":"tag-izklaide","10":"tag-latvia","11":"tag-latvian","12":"tag-latviesu","13":"tag-latviesu-valoda","14":"tag-latviesuvaloda","15":"tag-latvija","16":"tag-lv","17":"tag-maksla","18":"tag-makslas-jaunumi"},"share_on_mastodon":{"url":"https:\/\/pubeurope.com\/@lv\/115587392852228103","error":""},"_links":{"self":[{"href":"https:\/\/www.europesays.com\/lv\/wp-json\/wp\/v2\/posts\/55308","targetHints":{"allow":["GET"]}}],"collection":[{"href":"https:\/\/www.europesays.com\/lv\/wp-json\/wp\/v2\/posts"}],"about":[{"href":"https:\/\/www.europesays.com\/lv\/wp-json\/wp\/v2\/types\/post"}],"author":[{"embeddable":true,"href":"https:\/\/www.europesays.com\/lv\/wp-json\/wp\/v2\/users\/2"}],"replies":[{"embeddable":true,"href":"https:\/\/www.europesays.com\/lv\/wp-json\/wp\/v2\/comments?post=55308"}],"version-history":[{"count":0,"href":"https:\/\/www.europesays.com\/lv\/wp-json\/wp\/v2\/posts\/55308\/revisions"}],"wp:featuredmedia":[{"embeddable":true,"href":"https:\/\/www.europesays.com\/lv\/wp-json\/wp\/v2\/media\/55309"}],"wp:attachment":[{"href":"https:\/\/www.europesays.com\/lv\/wp-json\/wp\/v2\/media?parent=55308"}],"wp:term":[{"taxonomy":"category","embeddable":true,"href":"https:\/\/www.europesays.com\/lv\/wp-json\/wp\/v2\/categories?post=55308"},{"taxonomy":"post_tag","embeddable":true,"href":"https:\/\/www.europesays.com\/lv\/wp-json\/wp\/v2\/tags?post=55308"}],"curies":[{"name":"wp","href":"https:\/\/api.w.org\/{rel}","templated":true}]}}