{"id":5534,"date":"2025-09-26T11:02:06","date_gmt":"2025-09-26T11:02:06","guid":{"rendered":"https:\/\/www.europesays.com\/lv\/5534\/"},"modified":"2025-09-26T11:02:06","modified_gmt":"2025-09-26T11:02:06","slug":"vai-merzlikins-zaudes-pirmo-numuru-grivsm-prognoze-izraviena-sezonu-nhl-lente-lv","status":"publish","type":"post","link":"https:\/\/www.europesays.com\/lv\/5534\/","title":{"rendered":"Vai Merz\u013cikins zaud\u0113s pirmo numuru? Gr\u012bvsm prognoz\u0113 izr\u0101viena sezonu NHL\u00a0\u2014\u00a0Lente.lv"},"content":{"rendered":"<p>Jauns izaicin\u0101jums Merz\u013cikina v\u0101rtos: D\u017eets Gr\u012bvss gatavs c\u012b\u0146ai par pirmo numuru<\/p>\n<p>Nacion\u0101l\u0101s hokeja l\u012bgas (NHL) jaun\u0101s sezonas priek\u0161vakar\u0101 Kolumbusas &#8220;Blue Jackets&#8221; komandas v\u0101rtos pastiprin\u0101s konkurence. Lai gan Elvis Merz\u013cikins ir pieredz\u0113jis latvie\u0161u v\u0101rtsargs, kur\u0161 komand\u0101 pavad\u012bjis se\u0161as sezonas un aizvad\u012btaj\u0101 gad\u0101 bija izteikts pamatv\u0101rtsargs, vi\u0146am radies jauns un ambiciozs konkurents \u2013 kan\u0101die\u0161u v\u0101rtsargs D\u017eets Gr\u012bvss.<\/p>\n<p>Gr\u012bvss, kur\u0161 sevi jau pasp\u0113jis pieteikt NHL, sevi apliecin\u0101jis gan Amerikas Hokeja l\u012bg\u0101 (AHL), gan ECHL, ir gatavs c\u012bn\u012bties par pamatv\u0101rtsarga lomu &#8220;Blue Jackets&#8221; sast\u0101v\u0101. Vi\u0146a potenci\u0101ls un sniegums ir sa\u0146\u0113mis pozit\u012bvas atsauksmes, liekot medijiem, tai skait\u0101 &#8220;The Athletic&#8221;, prognoz\u0113t vi\u0146am izr\u0101viena sezonu.<\/p>\n<p>Gr\u012bvsa ce\u013c\u0161 uz NHL: no neizlikta sp\u0113l\u0113t\u0101ja l\u012bdz potenci\u0101lajai zvaigznei<\/p>\n<p>D\u017eeta Gr\u012bvsa karjera ir st\u0101sts par neatlaid\u012bbu un smago darbu. Vi\u0146\u0161 nav ticis izv\u0113l\u0113ts NHL draft\u0101, ta\u010du ar savu sniegumu ir sp\u0113jis izsisties l\u012bdz l\u012bgas augst\u0101kajiem e\u0161aloniem. P\u0113c veiksm\u012bga sp\u0113l\u0113\u0161anas laik\u0101 da\u017e\u0101d\u0101s junioru l\u012bg\u0101s, Gr\u012bvss parakst\u012bja l\u012bgumu ar &#8220;Cleveland Monsters&#8221; AHL, kas ir Kolumbusas &#8220;Blue Jackets&#8221; f\u0101rmklubs. Vi\u0146a talants un progresu paman\u012bja, un 2022. gada febru\u0101r\u012b tika nosl\u0113gts tr\u012bs gadu l\u012bgums ar NHL komandu. Gr\u012bvsa NHL debija notika 2023. gada 4. apr\u012bl\u012b pret savu dzimto komandu Toronto &#8220;Maple Leafs&#8221;, kur vi\u0146\u0161 demonstr\u0113ja iespaid\u012bgu sniegumu, atvairoties 46 metieniem, kas ir rekords &#8220;Blue Jackets&#8221; v\u0101rtsarga debij\u0101. \u0160is sniegums apliecin\u0101ja, ka Gr\u012bvss ir gatavs c\u012bn\u012bties augst\u0101kaj\u0101 l\u012bmen\u012b.<\/p>\n<p>Merz\u013cikins pret Gr\u012bvsu: vesel\u012bga konkurence un abpus\u0113ja cie\u0146a<\/p>\n<p>Lai gan &#8220;Blue Jackets&#8221; ir ieguvusi jaunu v\u0101rtsargu Ivanu Fedotovu, \u0161obr\u012bd galven\u0101 uzman\u012bba piev\u0113rsta duelim starp Merz\u013cikinu un Gr\u012bvsu par pamatv\u0101rtsarga vietu. Lai gan Merz\u013cikins ir pieredz\u0113jis, vi\u0146\u0161 atz\u012bst, ka Gr\u012bvsa sniegums nav rad\u012bjis satraukumu. &#8220;T\u0101 ir lab\u0101k\u0101 lieta, kas var notikt,&#8221; par konkurenci izteicies Merz\u013cikins. &#8220;Es vi\u0146u dz\u012b\u0161u uz priek\u0161u, vi\u0146\u0161 dz\u012bs mani.&#8221; Latvietis uzsver, ka vi\u0146am ar Gr\u012bvsu ir lieliska \u0137\u012bmija un vi\u0146i viens no otra var m\u0101c\u012bties. Neskatoties uz vecuma starp\u012bbu, abi v\u0101rtsargi gatavi smagi str\u0101d\u0101t un c\u012bn\u012bties par komandas pan\u0101kumiem. Treneris D\u012bns Evasons ir nor\u0101d\u012bjis, ka par pamatv\u0101rtsarga lomu b\u016bs j\u0101c\u012bn\u0101s, kas liecina par nopietnu konkurenci gaid\u0101maj\u0101 sezon\u0101.<\/p>\n<p>Prognozes un cer\u012bbas jaunajai sezonai<\/p>\n<p>P\u0113c negaid\u012bti veiksm\u012bg\u0101s pag\u0101ju\u0161\u0101s sezonas, kur\u0101 &#8220;Blue Jackets&#8221; l\u012bdz pat p\u0113d\u0113jiem br\u012b\u017eiem c\u012bn\u012bj\u0101s par iek\u013c\u016b\u0161anu Stenlija kausa izc\u012b\u0146\u0101, komandas vad\u012bba un l\u012bdzjut\u0113ji cer uz v\u0113l lab\u0101kiem rezult\u0101tiem. Gr\u012bvsa potenci\u0101lais izr\u0101viens var\u0113tu b\u016bt viens no galvenajiem faktoriem, kas pal\u012bdz\u0113tu komandai sasniegt jaunas virsotnes. &#8220;The Athletic&#8221; prognozes par Gr\u012bvsa izr\u0101viena sezonu ir optimistiskas, ta\u010du ar\u012b Merz\u013cikinam b\u016bs j\u0101par\u0101da savs lab\u0101kais sniegums, lai notur\u0113tu pirmo numuru. Spriedze v\u0101rtsargu poz\u012bcij\u0101 ir j\u016btama, un tas viennoz\u012bm\u012bgi padar\u012bs &#8220;Blue Jackets&#8221; sp\u0113les v\u0113l interesant\u0101kas.<\/p>\n","protected":false},"excerpt":{"rendered":"Jauns izaicin\u0101jums Merz\u013cikina v\u0101rtos: D\u017eets Gr\u012bvss gatavs c\u012b\u0146ai par pirmo numuru Nacion\u0101l\u0101s hokeja l\u012bgas (NHL) jaun\u0101s sezonas priek\u0161vakar\u0101&hellip;\n","protected":false},"author":2,"featured_media":5535,"comment_status":"","ping_status":"","sticky":false,"template":"","format":"standard","meta":{"footnotes":""},"categories":[17],"tags":[2478,1436,2479,1519,35,39,38,36,37,34,40,835,67],"class_list":{"0":"post-5534","1":"post","2":"type-post","3":"status-publish","4":"format-standard","5":"has-post-thumbnail","7":"category-sports","8":"tag-dzets-grivss","9":"tag-elvis-merzlikins","10":"tag-izraviens","11":"tag-kolumbusas-blue-jackets","12":"tag-latvia","13":"tag-latvian","14":"tag-latviesu","15":"tag-latviesu-valoda","16":"tag-latviesuvaloda","17":"tag-latvija","18":"tag-lv","19":"tag-nhl","20":"tag-sports"},"share_on_mastodon":{"url":"","error":""},"_links":{"self":[{"href":"https:\/\/www.europesays.com\/lv\/wp-json\/wp\/v2\/posts\/5534","targetHints":{"allow":["GET"]}}],"collection":[{"href":"https:\/\/www.europesays.com\/lv\/wp-json\/wp\/v2\/posts"}],"about":[{"href":"https:\/\/www.europesays.com\/lv\/wp-json\/wp\/v2\/types\/post"}],"author":[{"embeddable":true,"href":"https:\/\/www.europesays.com\/lv\/wp-json\/wp\/v2\/users\/2"}],"replies":[{"embeddable":true,"href":"https:\/\/www.europesays.com\/lv\/wp-json\/wp\/v2\/comments?post=5534"}],"version-history":[{"count":0,"href":"https:\/\/www.europesays.com\/lv\/wp-json\/wp\/v2\/posts\/5534\/revisions"}],"wp:featuredmedia":[{"embeddable":true,"href":"https:\/\/www.europesays.com\/lv\/wp-json\/wp\/v2\/media\/5535"}],"wp:attachment":[{"href":"https:\/\/www.europesays.com\/lv\/wp-json\/wp\/v2\/media?parent=5534"}],"wp:term":[{"taxonomy":"category","embeddable":true,"href":"https:\/\/www.europesays.com\/lv\/wp-json\/wp\/v2\/categories?post=5534"},{"taxonomy":"post_tag","embeddable":true,"href":"https:\/\/www.europesays.com\/lv\/wp-json\/wp\/v2\/tags?post=5534"}],"curies":[{"name":"wp","href":"https:\/\/api.w.org\/{rel}","templated":true}]}}