{"id":55395,"date":"2025-11-21T13:02:08","date_gmt":"2025-11-21T13:02:08","guid":{"rendered":"https:\/\/www.europesays.com\/lv\/55395\/"},"modified":"2025-11-21T13:02:08","modified_gmt":"2025-11-21T13:02:08","slug":"vca-pern-nodrosinajusi-vairak-neka-15-miljonus-ambulatoro-vizisu-dienas-bizness","status":"publish","type":"post","link":"https:\/\/www.europesays.com\/lv\/55395\/","title":{"rendered":"VCA p\u0113rn nodro\u0161in\u0101jusi vair\u0101k nek\u0101 1,5 miljonus ambulatoro viz\u012b\u0161u :: Dienas Bizness"},"content":{"rendered":"<p class=\"text-font font-size--text-xlarge margin-3--bottom font-weight--bold padding-1--top\">Turpinot pieaugt piepras\u012bjumam p\u0113c ambulatorajiem vesel\u012bbas apr\u016bpes pakalpojumiem, AS \u201cVesel\u012bbas centru apvien\u012bba\u201d (VCA) 2024. gad\u0101 nodro\u0161in\u0101jusi vair\u0101k nek\u0101 1,5 miljonus viz\u012b\u0161u 375 000 unik\u0101lajiem pacientiem, kuru skaits, sal\u012bdzinot ar 2023. gadu, pieaudzis par 1,5 %.<\/p>\n<p class=\"text-font font-size--text-xlarge margin-3--bottom\">\u0145emot v\u0113r\u0101 piepras\u012bjuma tendences, pag\u0101ju\u0161aj\u0101 gad\u0101 VCA turpin\u0101ja papla\u0161in\u0101t pied\u0101v\u0101to ambulatoro pakalpojumu kl\u0101stu un re\u0123ion\u0101lo pieejam\u012bbu.<\/p>\n<p class=\"text-font font-size--text-xlarge margin-3--bottom\">\u201cT\u0101 k\u0101 ikdien\u0101 nodro\u0161in\u0101m ar\u012b pla\u0161u valsts apmaks\u0101to pakalpojumu pieejam\u012bbu iedz\u012bvot\u0101jiem vis\u0101 Latvij\u0101, ar p\u0101rliec\u012bbu varam teikt, ka esam iedz\u012bvot\u0101jiem pieejam\u0101kais vesel\u012bbas apr\u016bpes pakalpojumu sniedz\u0113js Latvij\u0101, nodro\u0161inot visu nepiecie\u0161amo no diagnostikas l\u012bdz augst\u0101k\u0101 l\u012bme\u0146a \u0137irur\u0123ijai. Turkl\u0101t jau tagad nodro\u0161in\u0101m \u013coti \u0113rtu pierakstu sist\u0113mu e-poliklinika.lv, kas b\u016btiski uzlabo pacientu pieredzi. Vienlaikus m\u0113s turpin\u0101m att\u012bst\u012bt m\u016bsu pakalpojumus, invest\u0113jot ar\u012b jaun\u0101s iek\u0101rt\u0101s, telpu labiek\u0101rto\u0161an\u0101 un person\u0101la t\u0101l\u0101kizgl\u012bt\u012bb\u0101, lai pacienti pie mums sa\u0146emtu pilna cikla augst\u0101k\u0101 l\u012bme\u0146a medic\u012bnas pakalpojumus,\u201d saka VCA valdes priek\u0161s\u0113d\u0113t\u0101ja Iveta L\u0101ce.<\/p>\n<p class=\"text-font font-size--text-xlarge margin-3--bottom\">2024. gad\u0101 VCA invest\u0113ja vair\u0101k nek\u0101 3,5 miljonus eiro jaun\u0101k\u0101s paaudzes diagnostikas tehnolo\u0123ij\u0101s un iek\u0101rt\u0101s, infrastrukt\u016bras pilnveid\u0113 un person\u0101la kompetences paaugstin\u0101\u0161an\u0101. Turpinot digitaliz\u0101ciju, VCA uzlaboja elektronisk\u0101 pieraksta platformu, ieviesa autom\u0101tisko viz\u012b\u0161u atg\u0101din\u0101jumu sist\u0113mu un pa\u0161apkalpo\u0161an\u0101s kioskus \u010detr\u0101s liel\u0101kaj\u0101s kl\u012bnik\u0101s. \u0160ie risin\u0101jumi \u013cauj pacientiem \u0113rt\u0101k pieteikties un apmaks\u0101t viz\u012btes, vienlaikus samazinot neapmekl\u0113to viz\u012b\u0161u skaitu un uzlabojot servisa kvalit\u0101ti. Lai nodro\u0161in\u0101tu operat\u012bvu inform\u0101ciju un samazin\u0101tu pap\u012bra dokumentu apriti, uzs\u0101kta p\u0101reja uz digitaliz\u0113tiem nos\u016bt\u012bjumiem un izrakstiem, k\u0101 ar\u012b past\u0101v\u012bgi tiek veikts pacientu pieredzes monitorings.<\/p>\n<p class=\"text-font font-size--text-xlarge margin-3--bottom\">VCA ir viens no liel\u0101kajiem darba dev\u0113jiem vesel\u012bbas apr\u016bp\u0113 un 2024. gad\u0101 nodarbin\u0101ja vair\u0101k nek\u0101 divus t\u016bksto\u0161us darbinieku, no kuriem ir gandr\u012bz 1000 ir \u0101rsti un 800 citi vesel\u012bbas apr\u016bpes speci\u0101listi. 2024.gad\u0101 VCA turpin\u0101ja ieguld\u012bt jauno \u0101rstu sagatavo\u0161an\u0101, rezident\u016bras programm\u0101 un nodro\u0161in\u0101ja R\u012bgas Stradi\u0146a universit\u0101tes un Latvijas Universit\u0101tes Medic\u012bnas fakult\u0101tes studentu un rezidentu apm\u0101c\u012bbas b\u0101zi.<\/p>\n<p class=\"text-font font-size--text-xlarge margin-3--bottom\">2024. gad\u0101, sal\u012bdzinot ar 2023. gadu, VCA apgroz\u012bjums pieauga par 8,8 % un veidoja 64,78 miljonus eiro. Nodok\u013cus Latvijas valsts bud\u017eet\u0101 VCA pag\u0101ju\u0161aj\u0101 gad\u0101 nomaks\u0101jusi vair\u0101k nek\u0101 17 miljonus eiro.<\/p>\n<p class=\"text-font font-size--text-xlarge margin-3--bottom\">2025. gad\u0101 VCA turpina papla\u0161in\u0101t pakalpojumu kl\u0101stu un pieejam\u012bbu, \u012bpa\u0161u uzman\u012bbu piev\u0113r\u0161ot re\u0123ion\u0101lajai att\u012bst\u012bbai, jauno tehnolo\u0123isko risin\u0101jumu pilnveidei un pacientu pieredzes uzlabo\u0161anai. Atjaunota VCA vesel\u012bbas kl\u012bnikas \u201cElite\u201d Rehabilit\u0101cijas noda\u013ca, moderniz\u0113tas diagnostikas iek\u0101rtas kl\u012bnik\u0101s. Realiz\u0113jot noz\u012bm\u012bgu p\u0101rmai\u0146u vad\u012bbu, tiek defin\u0113ti VCA medic\u012bnas virzienu strat\u0113\u0123isk\u0101s att\u012bst\u012bbas pl\u0101ni. \u0100rstu t\u0101l\u0101kizgl\u012bt\u012bbas veicin\u0101\u0161anai VCA \u0161ogad r\u012bkojusi starpdisciplin\u0101ru konferenci \u201cMisija: sirds\u201d, pulc\u0113jot vair\u0101k nek\u0101 600 profesion\u0101\u013cus no visas Latvijas.<\/p>\n<p class=\"text-font font-size--text-xlarge margin-3--bottom\">VCA ir pieejam\u0101kais vesel\u012bbas apr\u016bpes uz\u0146\u0113mums Latvij\u0101, kas sniedz medic\u012bnas pakalpojumus R\u012bg\u0101, J\u016brmal\u0101, \u0136ekav\u0101, Olain\u0113, Liep\u0101j\u0101, Daugavpil\u012b, R\u0113zekn\u0113, Talsos un Bausk\u0101. VCA pakalpojumi ir pieejami 26 kl\u012bnik\u0101s un doktor\u0101tos vis\u0101 Latvij\u0101, tostarp ar\u012b specializ\u0113taj\u0101s kl\u012bnik\u0101s EGV, AIWA Clinic, GK Neirokl\u012bnika, DiaMed un VCA Dent.<\/p>\n<p class=\"text-font font-size--text-xlarge margin-3--bottom\">Apkalpojot vair\u0101k nek\u0101 160 000 pacientu viz\u012btes m\u0113nes\u012b un nodro\u0161inot pakalpojumus 120 specialit\u0101t\u0113s, VCA str\u0101d\u0101 vair\u0101k nek\u0101 2 200 darbinieku, no tiem gandr\u012bz 1 000 \u0101rstu un teju 800 citi vesel\u012bbas apr\u016bpes speci\u0101listi. Pakalpojumu kl\u0101sts ietver da\u017e\u0101du augsti kvalific\u0113tu speci\u0101listu un \u0123imenes \u0101rstu konsult\u0101cijas, diagnostiskos izmekl\u0113jumus, rehabilit\u0101ciju, zob\u0101rstniec\u012bbu, \u0137irur\u0123iju un est\u0113tisko medic\u012bnu.<\/p>\n<p class=\"text-font font-size--text-xlarge margin-3--bottom\">2025.gada Baltijas z\u012bmolu un pat\u0113r\u0113t\u0101ju dz\u012bvesveida p\u0113t\u012bjum\u0101 \u201cBaltic Brand Capital 2025\u201d VCA atz\u012bta par otro Latvijas cilv\u0113c\u012bg\u0101ko z\u012bmolu un cilv\u0113c\u012bg\u0101ko z\u012bmolu vesel\u012bbas apr\u016bpes nozar\u0113.<\/p>\n","protected":false},"excerpt":{"rendered":"Turpinot pieaugt piepras\u012bjumam p\u0113c ambulatorajiem vesel\u012bbas apr\u016bpes pakalpojumiem, AS \u201cVesel\u012bbas centru apvien\u012bba\u201d (VCA) 2024. gad\u0101 nodro\u0161in\u0101jusi vair\u0101k nek\u0101&hellip;\n","protected":false},"author":2,"featured_media":55396,"comment_status":"","ping_status":"","sticky":false,"template":"","format":"standard","meta":{"footnotes":""},"categories":[16],"tags":[869,77,870,76,867,35,39,38,36,37,34,871,868,40,21],"class_list":{"0":"post-55395","1":"post","2":"type-post","3":"status-publish","4":"format-standard","5":"has-post-thumbnail","7":"category-bizness","8":"tag-biznesa-zinas","9":"tag-bizness","10":"tag-bizness-latvija","11":"tag-business","12":"tag-dienas-zinas","13":"tag-latvia","14":"tag-latvian","15":"tag-latviesu","16":"tag-latviesu-valoda","17":"tag-latviesuvaloda","18":"tag-latvija","19":"tag-latvijas-biznesa-zinas","20":"tag-latvijas-zinas","21":"tag-lv","22":"tag-zinas"},"share_on_mastodon":{"url":"https:\/\/pubeurope.com\/@lv\/115587825300624865","error":""},"_links":{"self":[{"href":"https:\/\/www.europesays.com\/lv\/wp-json\/wp\/v2\/posts\/55395","targetHints":{"allow":["GET"]}}],"collection":[{"href":"https:\/\/www.europesays.com\/lv\/wp-json\/wp\/v2\/posts"}],"about":[{"href":"https:\/\/www.europesays.com\/lv\/wp-json\/wp\/v2\/types\/post"}],"author":[{"embeddable":true,"href":"https:\/\/www.europesays.com\/lv\/wp-json\/wp\/v2\/users\/2"}],"replies":[{"embeddable":true,"href":"https:\/\/www.europesays.com\/lv\/wp-json\/wp\/v2\/comments?post=55395"}],"version-history":[{"count":0,"href":"https:\/\/www.europesays.com\/lv\/wp-json\/wp\/v2\/posts\/55395\/revisions"}],"wp:featuredmedia":[{"embeddable":true,"href":"https:\/\/www.europesays.com\/lv\/wp-json\/wp\/v2\/media\/55396"}],"wp:attachment":[{"href":"https:\/\/www.europesays.com\/lv\/wp-json\/wp\/v2\/media?parent=55395"}],"wp:term":[{"taxonomy":"category","embeddable":true,"href":"https:\/\/www.europesays.com\/lv\/wp-json\/wp\/v2\/categories?post=55395"},{"taxonomy":"post_tag","embeddable":true,"href":"https:\/\/www.europesays.com\/lv\/wp-json\/wp\/v2\/tags?post=55395"}],"curies":[{"name":"wp","href":"https:\/\/api.w.org\/{rel}","templated":true}]}}