{"id":55465,"date":"2025-11-21T15:10:09","date_gmt":"2025-11-21T15:10:09","guid":{"rendered":"https:\/\/www.europesays.com\/lv\/55465\/"},"modified":"2025-11-21T15:10:09","modified_gmt":"2025-11-21T15:10:09","slug":"rail-baltica-dargaka-akcizes-kapums-alum-lenaks-pvn-cukgalai-nemainigs-lente-lv","status":"publish","type":"post","link":"https:\/\/www.europesays.com\/lv\/55465\/","title":{"rendered":"\u00abRail Baltica\u00bb d\u0101rg\u0101ka, akc\u012bzes k\u0101pums alum \u2013 l\u0113n\u0101ks, PVN c\u016bkga\u013cai \u2013 nemain\u012bgs\u00a0\u2014\u00a0Lente.lv"},"content":{"rendered":"<p>Bud\u017eeta priorit\u0101tes un diskusijas: Rail Baltica, akc\u012bzes nodoklis un PVN c\u016bkga\u013cai<\/p>\n<p>\u0160oned\u0113\u013c vald\u012bba steidza izskat\u012bt 2026. gada valsts bud\u017eeta priek\u0161likumus, gatavojoties Saeimas otrajam las\u012bjumam. L\u0113mumu pie\u0146em\u0161ana \u0161oreiz sk\u0101ra vair\u0101kus noz\u012bm\u012bgus jaut\u0101jumus, s\u0101kot no dzelzce\u013ca infrastrukt\u016bras projekta \u00abRail Baltica\u00bb p\u0101rprojekt\u0113\u0161anas izmaks\u0101m l\u012bdz pat akc\u012bzes nodok\u013ca izmai\u0146\u0101m un Pievienot\u0101s v\u0113rt\u012bbas nodok\u013ca (PVN) politikai attiec\u012bb\u0101 uz c\u016bkga\u013cu.<\/p>\n<p>\u00abRail Baltica\u00bb \u2013 aizvien d\u0101rg\u0101ks projekts<\/p>\n<p>Viens no karst\u0101kajiem tematiem diskusij\u0101s bija \u00abRail Baltica\u00bb projekts. Tiek prognoz\u0113ts, ka t\u0101 p\u0101rprojekt\u0113\u0161ana izmaks\u0101s iev\u0113rojami vair\u0101k nek\u0101 s\u0101kotn\u0113ji pl\u0101nots. \u0160\u012b zi\u0146a rada ba\u017eas par projekta finansi\u0101lo ilgtsp\u0113ju un vai n\u0101kotn\u0113 nepras\u012bsies v\u0113l papildu l\u012bdzek\u013ci. Vald\u012bba ir s\u0101kusi \u0161o izmaksu anal\u012bzi, cen\u0161oties rast risin\u0101jumus, k\u0101 nosegt gaid\u0101mos t\u0113ri\u0146us, neapdraudot citus svar\u012bgus bud\u017eeta virzienus. \u0160is jaut\u0101jums prasa r\u016bp\u012bgu izv\u0113rt\u0113jumu, jo \u00abRail Baltica\u00bb ir strat\u0113\u0123iski svar\u012bgs infrastrukt\u016bras projekts Baltijas valst\u012bm, ta\u010du t\u0101 bud\u017eeta p\u0101rsniegums ir satrauco\u0161s sign\u0101ls.<\/p>\n<p>Akc\u012bzes nodoklis alum \u2013 m\u012bkst\u0101ks pieaugums<\/p>\n<p>Gaid\u012bt\u0101 akc\u012bzes nodok\u013ca likmes paaugstin\u0101\u0161ana alum b\u016bs l\u0113n\u0101ka nek\u0101 s\u0101kotn\u0113ji tika prognoz\u0113ts. Tas ir apsveicams solis alus ra\u017eot\u0101jiem un ar\u012b pat\u0113r\u0113t\u0101jiem, kuri neb\u016bs spiesti tik strauji saskarties ar produktu sad\u0101rdzin\u0101jumu. \u0160\u0101ds l\u0113mums var\u0113tu pal\u012bdz\u0113t stabiliz\u0113t nozari un mazin\u0101t infl\u0101cijas spiedienu uz iedz\u012bvot\u0101ju maci\u0146iem. Lai gan nodok\u013cu ie\u0146\u0113mumi valsts kas\u0113 b\u016bs nedaudz maz\u0101ki nek\u0101 agres\u012bv\u0101ka scen\u0101rija gad\u012bjum\u0101, tiek uzskat\u012bts, ka \u0161is ir sapr\u0101t\u012bg\u0101ks kompromiss, kas neliks smagu slogu ne ra\u017eot\u0101jiem, ne iedz\u012bvot\u0101jiem. \u0160is ir piem\u0113rs tam, k\u0101 vald\u012bba var mekl\u0113t l\u012bdzsvaru starp fisk\u0101laj\u0101m vajadz\u012bb\u0101m un ekonomisk\u0101s aktivit\u0101tes uztur\u0113\u0161anu.<\/p>\n<p>PVN c\u016bkga\u013cai \u2013 nemain\u012bgs, lai atbalst\u012btu lauksaimniekus<\/p>\n<p>Pozit\u012bvas zi\u0146as sagaida ar\u012b c\u016bkga\u013cas audz\u0113t\u0101jus un pat\u0113r\u0113t\u0101jus \u2013 vald\u012bba nol\u0113musi nemazin\u0101t pievienot\u0101s v\u0113rt\u012bbas nodok\u013ca (PVN) likmi c\u016bkga\u013cai. \u0160\u0101ds l\u0113mums ir svar\u012bgs solis, lai atbalst\u012btu viet\u0113jos lauksaimniekus un saglab\u0101tu konkur\u0113tsp\u0113j\u012bgu cenu viet\u0113jiem produktiem. Zem\u0101kas PVN likmes piem\u0113ro\u0161ana c\u016bkga\u013cai, iesp\u0113jams, tiktu uztverta k\u0101 atvieglojums, ta\u010du tas var\u0113tu rad\u012bt nevienl\u012bdz\u012bgu konkurenci ar citu veidu ga\u013cu un ar\u012b samazin\u0101t bud\u017eeta ie\u0146\u0113mumus, ko \u0161obr\u012bd ir nepiecie\u0161ams stiprin\u0101t. T\u0101d\u0113j\u0101di, saglab\u0101jot eso\u0161o PVN likmi, tiek atbalst\u012bta nozare un vienlaikus nodro\u0161in\u0101ts valsts bud\u017eeta stabilit\u0101te. Tas ir gudrs l\u0113mums, kas balst\u012bts uz ekonomisk\u0101s situ\u0101cijas un nozares vajadz\u012bbu anal\u012bzi.<\/p>\n<p>N\u0101kamie so\u013ci un bud\u017eeta noz\u012bme<\/p>\n<p>\u0160ie ir tikai da\u017ei no daudzajiem bud\u017eeta priek\u0161likumiem, kas non\u0101ks pie tautas kalpot\u0101jiem Saeim\u0101. Katrs l\u0113mums prasa r\u016bp\u012bgu izsv\u0113r\u0161anu un sabiedr\u012bbas intere\u0161u aizst\u0101v\u012bbu. Bud\u017eets ir valsts ekonomisk\u0101s politikas st\u016brakmens, un t\u0101 pie\u0146em\u0161ana ir kritiski svar\u012bga valsts funkcion\u0113\u0161anai un att\u012bst\u012bbai. Gaid\u0101mas spraigas debates un iesp\u0113jams, v\u0113l da\u017e\u0101di kompromisi pirms gal\u012bg\u0101 bud\u017eeta apstiprin\u0101\u0161anas. Ir svar\u012bgi sekot l\u012bdzi diskusij\u0101m un nodro\u0161in\u0101t, lai bud\u017eets b\u016btu gan atbild\u012bgs, gan sabiedr\u012bbas interes\u0113m atbilsto\u0161s.<\/p>\n","protected":false},"excerpt":{"rendered":"Bud\u017eeta priorit\u0101tes un diskusijas: Rail Baltica, akc\u012bzes nodoklis un PVN c\u016bkga\u013cai \u0160oned\u0113\u013c vald\u012bba steidza izskat\u012bt 2026. gada valsts&hellip;\n","protected":false},"author":2,"featured_media":55466,"comment_status":"","ping_status":"","sticky":false,"template":"","format":"standard","meta":{"footnotes":""},"categories":[12],"tags":[14994,23,28,29,1040,32,33,22,30,31,35,39,38,36,37,34,40,20,26,27,14995,948,24,25,12609,21],"class_list":{"0":"post-55465","1":"post","2":"type-post","3":"status-publish","4":"format-standard","5":"has-post-thumbnail","7":"category-latvija","8":"tag-akcizes-nodoklis-alum","9":"tag-aktualitates","10":"tag-breaking-news","11":"tag-breakingnews","12":"tag-budzets-2026","13":"tag-featured-news","14":"tag-featurednews","15":"tag-headlines","16":"tag-latest-news","17":"tag-latestnews","18":"tag-latvia","19":"tag-latvian","20":"tag-latviesu","21":"tag-latviesu-valoda","22":"tag-latviesuvaloda","23":"tag-latvija","24":"tag-lv","25":"tag-news","26":"tag-popularakas-zinas","27":"tag-popularakaszinas","28":"tag-pvn-cukgalai","29":"tag-rail-baltica","30":"tag-top-stories","31":"tag-topstories","32":"tag-valdibas-lemumi","33":"tag-zinas"},"share_on_mastodon":{"url":"https:\/\/pubeurope.com\/@lv\/115588328644239599","error":""},"_links":{"self":[{"href":"https:\/\/www.europesays.com\/lv\/wp-json\/wp\/v2\/posts\/55465","targetHints":{"allow":["GET"]}}],"collection":[{"href":"https:\/\/www.europesays.com\/lv\/wp-json\/wp\/v2\/posts"}],"about":[{"href":"https:\/\/www.europesays.com\/lv\/wp-json\/wp\/v2\/types\/post"}],"author":[{"embeddable":true,"href":"https:\/\/www.europesays.com\/lv\/wp-json\/wp\/v2\/users\/2"}],"replies":[{"embeddable":true,"href":"https:\/\/www.europesays.com\/lv\/wp-json\/wp\/v2\/comments?post=55465"}],"version-history":[{"count":0,"href":"https:\/\/www.europesays.com\/lv\/wp-json\/wp\/v2\/posts\/55465\/revisions"}],"wp:featuredmedia":[{"embeddable":true,"href":"https:\/\/www.europesays.com\/lv\/wp-json\/wp\/v2\/media\/55466"}],"wp:attachment":[{"href":"https:\/\/www.europesays.com\/lv\/wp-json\/wp\/v2\/media?parent=55465"}],"wp:term":[{"taxonomy":"category","embeddable":true,"href":"https:\/\/www.europesays.com\/lv\/wp-json\/wp\/v2\/categories?post=55465"},{"taxonomy":"post_tag","embeddable":true,"href":"https:\/\/www.europesays.com\/lv\/wp-json\/wp\/v2\/tags?post=55465"}],"curies":[{"name":"wp","href":"https:\/\/api.w.org\/{rel}","templated":true}]}}