{"id":55473,"date":"2025-11-21T15:17:07","date_gmt":"2025-11-21T15:17:07","guid":{"rendered":"https:\/\/www.europesays.com\/lv\/55473\/"},"modified":"2025-11-21T15:17:07","modified_gmt":"2025-11-21T15:17:07","slug":"kads-laiks-gaidams-brivdienas-apollo-lv","status":"publish","type":"post","link":"https:\/\/www.europesays.com\/lv\/55473\/","title":{"rendered":"K\u0101ds laiks gaid\u0101ms br\u012bvdien\u0101s? &#8211; Apollo.lv"},"content":{"rendered":"<ol>\n<li><a href=\"https:\/\/news.google.com\/rss\/articles\/CBMia0FVX3lxTE1iTUM3SGNJYUdob0lEM2VnWXRqLTRuNEhqczFFbnNTXzdYNjdjUWxpVG5qdlQ0OFRYQnc1anVQNlh2Zy0tVGZraFVMeS1ONHpkNlNXT3I0alJDMklEdGJuaVQzdG9LZ2lTa0c0?oc=5\" target=\"_blank\" rel=\"nofollow noopener\">K\u0101ds laiks gaid\u0101ms br\u012bvdien\u0101s?<\/a>&nbsp;&nbsp;Apollo.lv<\/li>\n<li><a href=\"https:\/\/news.google.com\/rss\/articles\/CBMikwFBVV95cUxQOUdKVzJRV05nUXppTWNaRGZvSl85NUsxWFRUNlZmTC02a1NhdUFYTDYyMF9rTkFOcTFuRmhFeTdpQXFCY2lEbFBBZ2JNOHdsdEczbUNEWGlZMFh2amxOcmo5Ul96QmpmNVpSYTN0cTJiUjJOZTZzaE5jUXBRNlktRzBQV0lxQmJuZzRmRk5mU2ZWS2c?oc=5\" target=\"_blank\" rel=\"nofollow noopener\">Nakt\u012b daudzviet \u012bslaic\u012bgi l\u012bs un snigs<\/a>&nbsp;&nbsp;Diena<\/li>\n<li><a href=\"https:\/\/news.google.com\/rss\/articles\/CBMiogFBVV95cUxNeTRTUTBrZlFZblE1allTb2tGMHR1djVnbDVjZ3VXX0pNNnc4ZG9iakIyQ3dnSloyLWVPNzdfTnUtRGNMM3oxX1I4cDdabTdFd3Q5QXlSQ2tmYnBZN3FJTW1QaHdlRVhxRXBPQ1U0YWJnbXBWOVdoMUZKR0M0aGM1dzRsWERaTEtvd1NDMGJ3czZvQnF5S2NqYjFSek9jUGJrcmfSAacBQVVfeXFMUEJfYjNEdWNzVnREdU5lUWt6c2Vyd25uTFRLQzFMeVBOSVFnMDN3X1p4dGZjckxjRTJUcmFuSkUzenBMODJKYkpMNTNBTUM0RnVoLTRXQUNNZFJwSVA4SzdBRmRxTmRTbC01U0hnZkFlYnhZVEdlS0RHcUtmcTdScW13VkcxbjVCclA2dGxQbVh3XzBlY2JtLXl3aWpqNFdidTAyaENXN28?oc=5\" target=\"_blank\" rel=\"nofollow noopener\">Sinopti\u0137i iepriecin\u0101ja ar prognozi br\u012bvdien\u0101m<\/a>&nbsp;&nbsp;bb.lv<\/li>\n<li><a href=\"https:\/\/news.google.com\/rss\/articles\/CBMimgFBVV95cUxQWXUzbnEwWFkxZ0dQNFBKTUxEVnJCZklGSTI1OXdsb05acVFodFVlVTVMS0dGWld5T2E4NWhOd19hTk01RWt5MkdGaXBxemk5aEs3dVRkTUh5bVFuaklCN0FJMVBEUWZWaGVuZHVma2NLRlliZWpfa09zeDhWcnNaa0t4T2VJeTFOWUM2RGxqd0xUR2VfdXF5cmV3?oc=5\" target=\"_blank\" rel=\"nofollow noopener\">Tuv\u0101kaj\u0101 ned\u0113\u013c\u0101 neliels sals nakt\u012bs m\u012bsies ar atkusni dien\u0101s<\/a>&nbsp;&nbsp;R\u012bta Kafija<\/li>\n<li><a href=\"https:\/\/news.google.com\/rss\/articles\/CBMiygFBVV95cUxNdGVHQTcwM2xBNHhmQ0RuRjM5VC1NTHZ0X2dZVElPZUpuNW1FUnNrem5GR2FyVFNXTi1lb09CVERtLTVNNDR0SG1sTF9vbGYxbFNFdTdGM2F3SjVadnZHVmNUS09OS0Etd20wb3VxcDFteVNOM1ZLZjgzUDhGMVlXempsQmxQeldsLW9LdG5WZF9iTWM3Wjktc1FKSmVlbHJ4THFMQXh2VlNodGROTjgwdVlWM01pTWFqbnBkNHMwdVo2Z3ZIaGY3SnF3?oc=5\" target=\"_blank\" rel=\"nofollow noopener\">Sv\u0113tdien Latvij\u0101 m\u0101ko\u0146ains laiks ar slapju sniegu, \u012bpa\u0161i austrumu un centr\u0101lajos novados<\/a>&nbsp;&nbsp;Lente.lv<\/li>\n<\/ol>\n","protected":false},"excerpt":{"rendered":"K\u0101ds laiks gaid\u0101ms br\u012bvdien\u0101s?&nbsp;&nbsp;Apollo.lv Nakt\u012b daudzviet \u012bslaic\u012bgi l\u012bs un snigs&nbsp;&nbsp;Diena Sinopti\u0137i iepriecin\u0101ja ar prognozi br\u012bvdien\u0101m&nbsp;&nbsp;bb.lv Tuv\u0101kaj\u0101 ned\u0113\u013c\u0101 neliels&hellip;\n","protected":false},"author":2,"featured_media":55474,"comment_status":"","ping_status":"","sticky":false,"template":"","format":"standard","meta":{"footnotes":""},"categories":[5],"tags":[23,28,29,13497,32,33,22,396,397,30,31,35,39,38,36,37,34,40,20,26,27,24,25,21],"class_list":{"0":"post-55473","1":"post","2":"type-post","3":"status-publish","4":"format-standard","5":"has-post-thumbnail","7":"category-aktualitates","8":"tag-aktualitates","9":"tag-breaking-news","10":"tag-breakingnews","11":"tag-brivdienas","12":"tag-featured-news","13":"tag-featurednews","14":"tag-headlines","15":"tag-laika-zinas","16":"tag-laikapstakli","17":"tag-latest-news","18":"tag-latestnews","19":"tag-latvia","20":"tag-latvian","21":"tag-latviesu","22":"tag-latviesu-valoda","23":"tag-latviesuvaloda","24":"tag-latvija","25":"tag-lv","26":"tag-news","27":"tag-popularakas-zinas","28":"tag-popularakaszinas","29":"tag-top-stories","30":"tag-topstories","31":"tag-zinas"},"share_on_mastodon":{"url":"https:\/\/pubeurope.com\/@lv\/115588356018341069","error":""},"_links":{"self":[{"href":"https:\/\/www.europesays.com\/lv\/wp-json\/wp\/v2\/posts\/55473","targetHints":{"allow":["GET"]}}],"collection":[{"href":"https:\/\/www.europesays.com\/lv\/wp-json\/wp\/v2\/posts"}],"about":[{"href":"https:\/\/www.europesays.com\/lv\/wp-json\/wp\/v2\/types\/post"}],"author":[{"embeddable":true,"href":"https:\/\/www.europesays.com\/lv\/wp-json\/wp\/v2\/users\/2"}],"replies":[{"embeddable":true,"href":"https:\/\/www.europesays.com\/lv\/wp-json\/wp\/v2\/comments?post=55473"}],"version-history":[{"count":0,"href":"https:\/\/www.europesays.com\/lv\/wp-json\/wp\/v2\/posts\/55473\/revisions"}],"wp:featuredmedia":[{"embeddable":true,"href":"https:\/\/www.europesays.com\/lv\/wp-json\/wp\/v2\/media\/55474"}],"wp:attachment":[{"href":"https:\/\/www.europesays.com\/lv\/wp-json\/wp\/v2\/media?parent=55473"}],"wp:term":[{"taxonomy":"category","embeddable":true,"href":"https:\/\/www.europesays.com\/lv\/wp-json\/wp\/v2\/categories?post=55473"},{"taxonomy":"post_tag","embeddable":true,"href":"https:\/\/www.europesays.com\/lv\/wp-json\/wp\/v2\/tags?post=55473"}],"curies":[{"name":"wp","href":"https:\/\/api.w.org\/{rel}","templated":true}]}}