{"id":55507,"date":"2025-11-21T15:49:09","date_gmt":"2025-11-21T15:49:09","guid":{"rendered":"https:\/\/www.europesays.com\/lv\/55507\/"},"modified":"2025-11-21T15:49:09","modified_gmt":"2025-11-21T15:49:09","slug":"vasiljevam-grand-prix-sacensibas-somija-devita-vieta-isaja-programma","status":"publish","type":"post","link":"https:\/\/www.europesays.com\/lv\/55507\/","title":{"rendered":"Vasi\u013cjevam &#8220;Grand Prix&#8221; sacens\u012bb\u0101s Somij\u0101 dev\u012bt\u0101 vieta \u012bsaj\u0101 programm\u0101"},"content":{"rendered":"<p>Vasi\u013cjevs sakr\u0101ja 75,45 punktus, ie\u0146emot dev\u012bto vietu 12 dai\u013cslidot\u0101ju vid\u016b.<\/p>\n<p>Lab\u0101ko rezult\u0101tu 92,50 punkti sasniedz Francijas sportists Adams Sjao, otrais ar 89,35 punktiem bija Kan\u0101das p\u0101rst\u0101vis St\u012bvens Gogo\u013cevs, bet tre\u0161ais ar 88,16 punktiem bija jap\u0101nis Juma Kagijama.<\/p>\n<p>Izv\u0113les programm\u0101 sportisti sacent\u012bsies sestdien, plkst. 14.15, tie\u0161raid\u0113 sacens\u012bbas transl\u0113jot &#8220;YouTube&#8221; kan\u0101lam &#8220;Skating ISU&#8221;.<\/p>\n<p>\u0160aj\u0101 sezon\u0101 Vasi\u013cjevs jau start\u0113ja vien\u0101 &#8220;Grand Prix&#8221; posm\u0101, oktobra izska\u0146\u0101 \u0136\u012bn\u0101 ar 204,51 punktu ie\u0146emot desmito vietu 12 sportistu konkurenc\u0113.<\/p>\n<p>ISU &#8220;Grand Prix&#8221; fin\u0101ls Jap\u0101nas pils\u0113t\u0101 Nagoj\u0101 notiks decembra s\u0101kum\u0101, un tam kvalific\u0113sies se\u0161i lab\u0101kie dai\u013cslidot\u0101ji. Katrs sportists piedal\u0101s divos posmos.<\/p>\n<p>Latvijas lab\u0101kais dai\u013cslidot\u0101js \u0161osezon v\u0113l pl\u0101no start\u0113t Mil\u0101nas &#8211; Kort\u012bnas d&#8217;Ampeco olimpiskaj\u0101s sp\u0113l\u0113s, pasaules un Eiropas \u010dempion\u0101tos, k\u0101 ar\u012b &#8220;Golden Spin&#8221; sacens\u012bb\u0101s Horv\u0101tij\u0101. \u0160\u012b gada pasaules \u010dempion\u0101t\u0101 vi\u0146\u0161 nodro\u0161in\u0101ja Latvijai divas kvotas 2026. gada olimpiskaj\u0101s sp\u0113l\u0113s.<\/p>\n<p>Vasi\u013cjevs kop\u0161 oktobra neturpina treni\u0146us 2006. gada olimpisk\u0101 vice\u010dempiona \u0161veicie\u0161a Stefana Lambj\u0113la vad\u012btaj\u0101 dai\u013cslido\u0161anas skol\u0101 \u0160amper\u012b, kur 26 gadus vecais dai\u013cslidot\u0101js pavad\u012bja iepriek\u0161\u0113jos devi\u0146us gadus.<\/p>\n","protected":false},"excerpt":{"rendered":"Vasi\u013cjevs sakr\u0101ja 75,45 punktus, ie\u0146emot dev\u012bto vietu 12 dai\u013cslidot\u0101ju vid\u016b. Lab\u0101ko rezult\u0101tu 92,50 punkti sasniedz Francijas sportists Adams&hellip;\n","protected":false},"author":2,"featured_media":55508,"comment_status":"","ping_status":"","sticky":false,"template":"","format":"standard","meta":{"footnotes":""},"categories":[17],"tags":[1295,1294,35,39,38,36,37,34,40,67],"class_list":{"0":"post-55507","1":"post","2":"type-post","3":"status-publish","4":"format-standard","5":"has-post-thumbnail","7":"category-sports","8":"tag-dailslidosana","9":"tag-deniss-vasiljevs","10":"tag-latvia","11":"tag-latvian","12":"tag-latviesu","13":"tag-latviesu-valoda","14":"tag-latviesuvaloda","15":"tag-latvija","16":"tag-lv","17":"tag-sports"},"share_on_mastodon":{"url":"https:\/\/pubeurope.com\/@lv\/115588481930558406","error":""},"_links":{"self":[{"href":"https:\/\/www.europesays.com\/lv\/wp-json\/wp\/v2\/posts\/55507","targetHints":{"allow":["GET"]}}],"collection":[{"href":"https:\/\/www.europesays.com\/lv\/wp-json\/wp\/v2\/posts"}],"about":[{"href":"https:\/\/www.europesays.com\/lv\/wp-json\/wp\/v2\/types\/post"}],"author":[{"embeddable":true,"href":"https:\/\/www.europesays.com\/lv\/wp-json\/wp\/v2\/users\/2"}],"replies":[{"embeddable":true,"href":"https:\/\/www.europesays.com\/lv\/wp-json\/wp\/v2\/comments?post=55507"}],"version-history":[{"count":0,"href":"https:\/\/www.europesays.com\/lv\/wp-json\/wp\/v2\/posts\/55507\/revisions"}],"wp:featuredmedia":[{"embeddable":true,"href":"https:\/\/www.europesays.com\/lv\/wp-json\/wp\/v2\/media\/55508"}],"wp:attachment":[{"href":"https:\/\/www.europesays.com\/lv\/wp-json\/wp\/v2\/media?parent=55507"}],"wp:term":[{"taxonomy":"category","embeddable":true,"href":"https:\/\/www.europesays.com\/lv\/wp-json\/wp\/v2\/categories?post=55507"},{"taxonomy":"post_tag","embeddable":true,"href":"https:\/\/www.europesays.com\/lv\/wp-json\/wp\/v2\/tags?post=55507"}],"curies":[{"name":"wp","href":"https:\/\/api.w.org\/{rel}","templated":true}]}}