{"id":55509,"date":"2025-11-21T15:53:14","date_gmt":"2025-11-21T15:53:14","guid":{"rendered":"https:\/\/www.europesays.com\/lv\/55509\/"},"modified":"2025-11-21T15:53:14","modified_gmt":"2025-11-21T15:53:14","slug":"zzs-sasaukusi-valdes-arkartas-sedi-tvnet","status":"publish","type":"post","link":"https:\/\/www.europesays.com\/lv\/55509\/","title":{"rendered":"ZZS sasaukusi valdes \u0101rk\u0101rtas s\u0113di &#8211; TVNET"},"content":{"rendered":"<ol>\n<li><a href=\"https:\/\/news.google.com\/rss\/articles\/CBMicEFVX3lxTE5Ucm5wcGpIbHpYbEZUeG5QVkxybUJOVk92dm0zMnlnSEhuRXBRcHh0RThQZUFrV0t6b2N2VjluaDg0NUVmaV94ZXRsRTZsM052Q1RidW44RXN0OV9KaFBxRFB3dk55SzNaNEZwZkE2R1Q?oc=5\" target=\"_blank\" rel=\"nofollow noopener\">ZZS sasaukusi valdes \u0101rk\u0101rtas s\u0113di<\/a>&nbsp;&nbsp;TVNET<\/li>\n<li><a href=\"https:\/\/news.google.com\/rss\/articles\/CBMirgFBVV95cUxPYjFKZEM2Tm1uR1g4b1gtb29BMThPLWhlVWNxZ1BJZ04tSTB5MDdhN3pYOEcybk91elRjZ0lGNFhSaDJlUXo3MEttR1RCVm5FV2VCbU1xeDdwMnF5V2xSZG9iRWJTS3lfNzZDdTBGVmNmdnFnNU42VkRRUkZ6cll2NUtOcnJCZ285TzFKWTlPTEdRaFQxRDhPeHlWODg3YlkyalpfOTJuQzZRa1dDaFE?oc=5\" target=\"_blank\" rel=\"nofollow noopener\">Krauze: Ja re\u0123ioni netiks atbalst\u012bti, tas var noz\u012bm\u0113t vald\u012bbas galu<\/a>&nbsp;&nbsp;Delfi<\/li>\n<li><a href=\"https:\/\/news.google.com\/rss\/articles\/CBMiswFBVV95cUxOYmNzME55Y0REVUxBTWRJMm5kczhvSWpHRnpsZ0Exb0xmRG9YbjE4VDJsQk9zNnFLT0d0TXhMb3BiNm0xdy1IbXlpbU9oX0djWTBiN1pETERjY2UzVmRSYUtwc0VzZ1FtX2JMZ3dxNE8ya3ZvYm9kZGFDbjN0Q0ZsSzlCMy1JM1lVX2JteEI0NGFaOENVZEVpUS1lZjhtN0s0MjNjYWt3dmlvRWk1NGhveWpmcw?oc=5\" target=\"_blank\" rel=\"nofollow noopener\">Eksperts: ZZS un \u00abProgres\u012bvie\u00bb sp\u0113l\u0113 politisko pingpongu \/ Raksts<\/a>&nbsp;&nbsp;LSM<\/li>\n<li><a href=\"https:\/\/news.google.com\/rss\/articles\/CBMilwFBVV95cUxQNkc3OS1MTHBvWHljUVlZY2RTak1kTGw0cnBDdlF0aDlhbXl4V3AzN1BNNXhMc1I4dHJ1Vm5yQlNpYTlYZDh6b0wyQzN3QWxlNUVkUkVMOVNpejJZMVc0NEduMHU3VlpmT0g4dmdpVXdUTW5BTHhjTlhqSGJXVUZ5emJiV20tMVk2cnY1WE9pdThvR1ZKOHQ0?oc=5\" target=\"_blank\" rel=\"nofollow noopener\">Kaut kas briest! ZZS sasaukusi valdes \u0101rk\u0101rtas s\u0113di &#8220;par politisko situ\u0101ciju&#8221; [papildin\u0101ts]<\/a>&nbsp;&nbsp;NRA<\/li>\n<li><a href=\"https:\/\/news.google.com\/rss\/articles\/CBMidEFVX3lxTE5uN3pSY3RfWmJNV1lFNDNHM1dYWnYyU00zMzlETWdYQXpOYlRYY3dEa2VWLThXSXBHN1B2bjlyLUxVTDJaem5QOWhnS2pEY3UxR1NCTTBYRVBadTlEWFd3aEtlajJDbkkxSl9peTlqcWZqYVdi?oc=5\" target=\"_blank\" rel=\"nofollow noopener\">Augu\u013ca ieskat\u0101 \u0160vinkam ir j\u0101demision\u0113<\/a>&nbsp;&nbsp;TVNET<\/li>\n<\/ol>\n","protected":false},"excerpt":{"rendered":"ZZS sasaukusi valdes \u0101rk\u0101rtas s\u0113di&nbsp;&nbsp;TVNET Krauze: Ja re\u0123ioni netiks atbalst\u012bti, tas var noz\u012bm\u0113t vald\u012bbas galu&nbsp;&nbsp;Delfi Eksperts: ZZS un&hellip;\n","protected":false},"author":2,"featured_media":55510,"comment_status":"","ping_status":"","sticky":false,"template":"","format":"standard","meta":{"footnotes":""},"categories":[5],"tags":[23,63,65,28,29,60,32,33,59,22,70,64,30,31,35,39,38,36,37,34,40,68,20,26,27,69,66,67,24,25,62,21,61],"class_list":{"0":"post-55509","1":"post","2":"type-post","3":"status-publish","4":"format-standard","5":"has-post-thumbnail","7":"category-aktualitates","8":"tag-aktualitates","9":"tag-arvalstis","10":"tag-auto","11":"tag-breaking-news","12":"tag-breakingnews","13":"tag-egoiste","14":"tag-featured-news","15":"tag-featurednews","16":"tag-financenet","17":"tag-headlines","18":"tag-klik","19":"tag-kultura","20":"tag-latest-news","21":"tag-latestnews","22":"tag-latvia","23":"tag-latvian","24":"tag-latviesu","25":"tag-latviesu-valoda","26":"tag-latviesuvaloda","27":"tag-latvija","28":"tag-lv","29":"tag-maja","30":"tag-news","31":"tag-popularakas-zinas","32":"tag-popularakaszinas","33":"tag-receptes","34":"tag-sejas","35":"tag-sports","36":"tag-top-stories","37":"tag-topstories","38":"tag-viedokli","39":"tag-zinas","40":"tag-zinatne"},"share_on_mastodon":{"url":"https:\/\/pubeurope.com\/@lv\/115588497582517109","error":""},"_links":{"self":[{"href":"https:\/\/www.europesays.com\/lv\/wp-json\/wp\/v2\/posts\/55509","targetHints":{"allow":["GET"]}}],"collection":[{"href":"https:\/\/www.europesays.com\/lv\/wp-json\/wp\/v2\/posts"}],"about":[{"href":"https:\/\/www.europesays.com\/lv\/wp-json\/wp\/v2\/types\/post"}],"author":[{"embeddable":true,"href":"https:\/\/www.europesays.com\/lv\/wp-json\/wp\/v2\/users\/2"}],"replies":[{"embeddable":true,"href":"https:\/\/www.europesays.com\/lv\/wp-json\/wp\/v2\/comments?post=55509"}],"version-history":[{"count":0,"href":"https:\/\/www.europesays.com\/lv\/wp-json\/wp\/v2\/posts\/55509\/revisions"}],"wp:featuredmedia":[{"embeddable":true,"href":"https:\/\/www.europesays.com\/lv\/wp-json\/wp\/v2\/media\/55510"}],"wp:attachment":[{"href":"https:\/\/www.europesays.com\/lv\/wp-json\/wp\/v2\/media?parent=55509"}],"wp:term":[{"taxonomy":"category","embeddable":true,"href":"https:\/\/www.europesays.com\/lv\/wp-json\/wp\/v2\/categories?post=55509"},{"taxonomy":"post_tag","embeddable":true,"href":"https:\/\/www.europesays.com\/lv\/wp-json\/wp\/v2\/tags?post=55509"}],"curies":[{"name":"wp","href":"https:\/\/api.w.org\/{rel}","templated":true}]}}