{"id":55520,"date":"2025-11-21T16:13:08","date_gmt":"2025-11-21T16:13:08","guid":{"rendered":"https:\/\/www.europesays.com\/lv\/55520\/"},"modified":"2025-11-21T16:13:08","modified_gmt":"2025-11-21T16:13:08","slug":"vasiljevam-devita-vieta-somijas-grand-prix-sacensibas-isaja-programma","status":"publish","type":"post","link":"https:\/\/www.europesays.com\/lv\/55520\/","title":{"rendered":"Vasi\u013cjevam dev\u012bt\u0101 vieta Somijas \u201cGrand Prix\u201d sacens\u012bb\u0101s \u012bsaj\u0101 programm\u0101"},"content":{"rendered":"<p>Izv\u0113les programm\u0101 sportisti sacent\u012bsies sestdien, plkst. 14.15, tie\u0161raid\u0113 sacens\u012bbas transl\u0113jot \u201cYouTube\u201d kan\u0101lam \u201cSkating ISU\u201d.<\/p>\n<p>\u0160aj\u0101 sezon\u0101 Vasi\u013cjevs jau start\u0113ja vien\u0101 \u201cGrand Prix\u201d posm\u0101, oktobra izska\u0146\u0101 \u0136\u012bn\u0101 ar 204,51 punktu ie\u0146emot desmito vietu 12 sportistu konkurenc\u0113.<\/p>\n<p>ISU \u201cGrand Prix\u201d fin\u0101ls Jap\u0101nas pils\u0113t\u0101 Nagoj\u0101 notiks decembra s\u0101kum\u0101, un tam kvalific\u0113sies se\u0161i lab\u0101kie dai\u013cslidot\u0101ji. Katrs sportists piedal\u0101s divos posmos.<\/p>\n<p>Latvijas lab\u0101kais dai\u013cslidot\u0101js \u0161osezon v\u0113l pl\u0101no start\u0113t Mil\u0101nas \u2013 Kort\u012bnas d\u2019Ampeco olimpiskaj\u0101s sp\u0113l\u0113s, pasaules un Eiropas \u010dempion\u0101tos, k\u0101 ar\u012b \u201cGolden Spin\u201d sacens\u012bb\u0101s Horv\u0101tij\u0101. \u0160\u012b gada pasaules \u010dempion\u0101t\u0101 vi\u0146\u0161 nodro\u0161in\u0101ja Latvijai divas kvotas 2026. gada olimpiskaj\u0101s sp\u0113l\u0113s.<\/p>\n<p>Vasi\u013cjevs kop\u0161 oktobra neturpina treni\u0146us 2006. gada olimpisk\u0101 vice\u010dempiona \u0161veicie\u0161a Stefana Lambj\u0113la vad\u012btaj\u0101 dai\u013cslido\u0161anas skol\u0101 \u0160amper\u012b, kur 26 gadus vecais dai\u013cslidot\u0101js pavad\u012bja iepriek\u0161\u0113jos devi\u0146us gadus.<\/p>\n<p class=\"tv3-fw-500\">Zi\u0146o par k\u013c\u016bdu rakst\u0101<\/p>\n<p class=\"d-md-block d-none\">Iez\u012bm\u0113 k\u013c\u016bdaino tekstu un spied Ctrl+Enter.<\/p>\n<p class=\"d-md-none d-block\">Iez\u012bm\u0113 k\u013c\u016bdaino tekstu un zi\u0146o par to!<\/p>\n","protected":false},"excerpt":{"rendered":"Izv\u0113les programm\u0101 sportisti sacent\u012bsies sestdien, plkst. 14.15, tie\u0161raid\u0113 sacens\u012bbas transl\u0113jot \u201cYouTube\u201d kan\u0101lam \u201cSkating ISU\u201d. \u0160aj\u0101 sezon\u0101 Vasi\u013cjevs jau&hellip;\n","protected":false},"author":2,"featured_media":55521,"comment_status":"","ping_status":"","sticky":false,"template":"","format":"standard","meta":{"footnotes":""},"categories":[17],"tags":[15011,35,39,38,36,37,34,40,67],"class_list":{"0":"post-55520","1":"post","2":"type-post","3":"status-publish","4":"format-standard","5":"has-post-thumbnail","7":"category-sports","8":"tag-dailslidosanadeniss-vasiljevs","9":"tag-latvia","10":"tag-latvian","11":"tag-latviesu","12":"tag-latviesu-valoda","13":"tag-latviesuvaloda","14":"tag-latvija","15":"tag-lv","16":"tag-sports"},"share_on_mastodon":{"url":"https:\/\/pubeurope.com\/@lv\/115588576206766195","error":""},"_links":{"self":[{"href":"https:\/\/www.europesays.com\/lv\/wp-json\/wp\/v2\/posts\/55520","targetHints":{"allow":["GET"]}}],"collection":[{"href":"https:\/\/www.europesays.com\/lv\/wp-json\/wp\/v2\/posts"}],"about":[{"href":"https:\/\/www.europesays.com\/lv\/wp-json\/wp\/v2\/types\/post"}],"author":[{"embeddable":true,"href":"https:\/\/www.europesays.com\/lv\/wp-json\/wp\/v2\/users\/2"}],"replies":[{"embeddable":true,"href":"https:\/\/www.europesays.com\/lv\/wp-json\/wp\/v2\/comments?post=55520"}],"version-history":[{"count":0,"href":"https:\/\/www.europesays.com\/lv\/wp-json\/wp\/v2\/posts\/55520\/revisions"}],"wp:featuredmedia":[{"embeddable":true,"href":"https:\/\/www.europesays.com\/lv\/wp-json\/wp\/v2\/media\/55521"}],"wp:attachment":[{"href":"https:\/\/www.europesays.com\/lv\/wp-json\/wp\/v2\/media?parent=55520"}],"wp:term":[{"taxonomy":"category","embeddable":true,"href":"https:\/\/www.europesays.com\/lv\/wp-json\/wp\/v2\/categories?post=55520"},{"taxonomy":"post_tag","embeddable":true,"href":"https:\/\/www.europesays.com\/lv\/wp-json\/wp\/v2\/tags?post=55520"}],"curies":[{"name":"wp","href":"https:\/\/api.w.org\/{rel}","templated":true}]}}