{"id":55546,"date":"2025-11-21T16:45:09","date_gmt":"2025-11-21T16:45:09","guid":{"rendered":"https:\/\/www.europesays.com\/lv\/55546\/"},"modified":"2025-11-21T16:45:09","modified_gmt":"2025-11-21T16:45:09","slug":"ukraina-bez-brivibas-un-taisniguma-zelenskis-bridina-par-vesturisku-luzuma-punktu-eiropa","status":"publish","type":"post","link":"https:\/\/www.europesays.com\/lv\/55546\/","title":{"rendered":"Ukraina bez br\u012bv\u012bbas un taisn\u012bguma \u2013 Zelenskis br\u012bdina par v\u0113sturisku l\u016bzuma punktu Eirop\u0101"},"content":{"rendered":"<p>&#8220;Tagad <a href=\"https:\/\/www.tvnet.lv\/term\/8497\/ukraina\" class=\"topicLink\" target=\"_blank\" rel=\"nofollow noopener\">Ukraina<\/a> var non\u0101kt \u013coti gr\u016btas izv\u0113les priek\u0161\u0101: vai nu cie\u0146as zaud\u0113\u0161ana, vai risks zaud\u0113t galveno partneri. Vai nu gr\u016bti 28 punkti, vai ar\u012b \u0101rk\u0101rt\u012bgi smaga ziema, vissmag\u0101k\u0101 un turpm\u0101kie riski. Dz\u012bve bez br\u012bv\u012bbas, cie\u0146as un taisn\u012bguma &#8211; un mums tic\u0113t tam, kur\u0161 jau divreiz uzbruka,&#8221; sac\u012bja Zelenskis.<\/p>\n<p>Vi\u0146\u0161 ar\u012b nor\u0101d\u012bja, ka, apsprie\u017eot Va\u0161ingtonas miera pl\u0101nu, j\u0101\u0146em v\u0113r\u0101 Ukrainas nacion\u0101l\u0101s intereses.<\/p>\n<p>&#8220;M\u0113s mier\u012bgi sadarbosimies ar Eiropu un Ameriku,&#8221; vi\u0146\u0161 teica.<\/p>\n<p>&#8220;Es pied\u0101v\u0101\u0161u alternat\u012bvas, bet m\u0113s noteikti nedosim ienaidniekam iemeslu teikt, ka tie\u0161i Ukraina nev\u0113las mieru,&#8221; sac\u012bja Zelenskis.<\/p>\n<p>&#8220;M\u0113s, protams, esam t\u0113rauds, bet jebkur\u0161, pat visstingr\u0101kais met\u0101ls var neiztur\u0113t,&#8221; pav\u0113st\u012bja Zelenskis.<\/p>\n<p>&#8220;Mums ir j\u0101san\u0101k kop\u0101, j\u0101n\u0101k pie pr\u0101ta, j\u0101p\u0101rtrauc str\u012bdi, j\u0101p\u0101rtrauc politisk\u0101s sp\u0113les. Valstij ir j\u0101str\u0101d\u0101, karojo\u0161\u0101s valsts parlamentam ir j\u0101str\u0101d\u0101 vienoti, karojo\u0161\u0101s valsts vald\u012bbai ir j\u0101str\u0101d\u0101 efekt\u012bvi,&#8221; sac\u012bja Zelenskis.<\/p>\n<p>P\u0113c Zelenska teikt\u0101, n\u0101kam\u0101 ned\u0113\u013ca b\u016bs gr\u016bta, &#8220;b\u016bs liels spiediens, politisks, informat\u012bvs&#8221;.<\/p>\n<p>&#8220;M\u0113s neatdev\u0101m Ukrainu 2022. gada febru\u0101r\u012b, m\u0113s to nedar\u012bsim ar\u012b tagad,&#8221; vi\u0146\u0161 teica. &#8220;Es dro\u0161i zinu, ka \u0161aj\u0101 patie\u0161\u0101m vien\u0101 no smag\u0101kajiem br\u012b\u017eiem m\u016bsu v\u0113stur\u0113 es neesmu viens. Ka ukrai\u0146i tic savai valstij, ka m\u0113s esam vienoti. Un visos gaid\u0101mo tik\u0161anos form\u0101tos, diskusij\u0101s, sarun\u0101s ar partneriem man b\u016bs daudz viegl\u0101k pan\u0101kt mums pien\u0101c\u012bgu mieru un p\u0101rliecin\u0101t vi\u0146us, zinot, ka Ukrainas tauta simtprocent\u012bgi ir aiz manis.&#8221;<\/p>\n","protected":false},"excerpt":{"rendered":"&#8220;Tagad Ukraina var non\u0101kt \u013coti gr\u016btas izv\u0113les priek\u0161\u0101: vai nu cie\u0146as zaud\u0113\u0161ana, vai risks zaud\u0113t galveno partneri. Vai&hellip;\n","protected":false},"author":2,"featured_media":39394,"comment_status":"","ping_status":"","sticky":false,"template":"","format":"standard","meta":{"footnotes":""},"categories":[14],"tags":[23,57,28,29,32,33,22,30,31,35,39,38,36,37,34,40,20,26,27,24,25,276,178,54,55,56,21,58],"class_list":{"0":"post-55546","1":"post","2":"type-post","3":"status-publish","4":"format-standard","5":"has-post-thumbnail","7":"category-zinas-no-arvalstim","8":"tag-aktualitates","9":"tag-arvalstim","10":"tag-breaking-news","11":"tag-breakingnews","12":"tag-featured-news","13":"tag-featurednews","14":"tag-headlines","15":"tag-latest-news","16":"tag-latestnews","17":"tag-latvia","18":"tag-latvian","19":"tag-latviesu","20":"tag-latviesu-valoda","21":"tag-latviesuvaloda","22":"tag-latvija","23":"tag-lv","24":"tag-news","25":"tag-popularakas-zinas","26":"tag-popularakaszinas","27":"tag-top-stories","28":"tag-topstories","29":"tag-ukraina","30":"tag-volodimirs-zelenskis","31":"tag-world","32":"tag-world-news","33":"tag-worldnews","34":"tag-zinas","35":"tag-zinas-no-arvalstim"},"share_on_mastodon":{"url":"https:\/\/pubeurope.com\/@lv\/115588702156589021","error":""},"_links":{"self":[{"href":"https:\/\/www.europesays.com\/lv\/wp-json\/wp\/v2\/posts\/55546","targetHints":{"allow":["GET"]}}],"collection":[{"href":"https:\/\/www.europesays.com\/lv\/wp-json\/wp\/v2\/posts"}],"about":[{"href":"https:\/\/www.europesays.com\/lv\/wp-json\/wp\/v2\/types\/post"}],"author":[{"embeddable":true,"href":"https:\/\/www.europesays.com\/lv\/wp-json\/wp\/v2\/users\/2"}],"replies":[{"embeddable":true,"href":"https:\/\/www.europesays.com\/lv\/wp-json\/wp\/v2\/comments?post=55546"}],"version-history":[{"count":0,"href":"https:\/\/www.europesays.com\/lv\/wp-json\/wp\/v2\/posts\/55546\/revisions"}],"wp:featuredmedia":[{"embeddable":true,"href":"https:\/\/www.europesays.com\/lv\/wp-json\/wp\/v2\/media\/39394"}],"wp:attachment":[{"href":"https:\/\/www.europesays.com\/lv\/wp-json\/wp\/v2\/media?parent=55546"}],"wp:term":[{"taxonomy":"category","embeddable":true,"href":"https:\/\/www.europesays.com\/lv\/wp-json\/wp\/v2\/categories?post=55546"},{"taxonomy":"post_tag","embeddable":true,"href":"https:\/\/www.europesays.com\/lv\/wp-json\/wp\/v2\/tags?post=55546"}],"curies":[{"name":"wp","href":"https:\/\/api.w.org\/{rel}","templated":true}]}}