{"id":55572,"date":"2025-11-21T17:05:11","date_gmt":"2025-11-21T17:05:11","guid":{"rendered":"https:\/\/www.europesays.com\/lv\/55572\/"},"modified":"2025-11-21T17:05:11","modified_gmt":"2025-11-21T17:05:11","slug":"nakamreiz-zzs-varetu-atbalstit-satiksmes-ministra-demisiju","status":"publish","type":"post","link":"https:\/\/www.europesays.com\/lv\/55572\/","title":{"rendered":"N\u0101kamreiz ZZS var\u0113tu atbalst\u012bt satiksmes ministra demisiju"},"content":{"rendered":"<p>Pirmdien koal\u012bcijas partiju sadarb\u012bbas san\u0101ksm\u0113 Za\u013co un zemnieku savien\u012bba apspried\u012bs satiksmes ministra Ata \u0160vinkas (P) atbilst\u012bbu amatam. Ministrs esot iesniedzis bud\u017eeta priek\u0161likumus re\u0123ion\u0101lajiem p\u0101rvad\u0101jumiem bez re\u0101la finans\u0113juma. ZZS valde to v\u0113rt\u0113 k\u0101 vilt\u012bgu g\u0101jienu.<\/p>\n<p>&#8220;M\u0113s uzskat\u0101m, ka \u201cProgres\u012bvie&#8221; \u0161obr\u012bd apdraud vald\u012bbas stabilit\u0101ti. Un es pateiktu pat skarb\u0101k: \u201cProgres\u012bvie\u201d v\u0113las g\u0101zt \u0161o vald\u012bbu\u201d, &#8211; pateica  intervij\u0101 360 Zi\u0146\u0101m Za\u013co un zemnieku savien\u012bbas valdes priek\u0161s\u0113d\u0113t\u0101js Armands Krauze.<\/p>\n<p>Proti, re\u0123ion\u0101lajiem p\u0101rvad\u0101jumiem Satiksmes ministrija naudu neatrod, ta\u010du projektam &#8220;Rail Baltica&#8221;, jaunu stabu izb\u016bvei Daugav\u0101, nauda ir. Krauze uzskata, ka &#8220;Progres\u012bvo&#8221; partija r\u012bkojas R\u012bgas, nevis re\u0123ionu interes\u0113s. <\/p>\n<p>T\u0101p\u0113c \u0161odienas ZZS valdes \u0101rk\u0101rtas s\u0113d\u0113 tika pie\u0146emts l\u0113mums, ka ZZS var\u0113tu vairs neatbalst\u012bt \u0160vinkas palik\u0161anu amat\u0101 n\u0101kamaj\u0101 neuztic\u012bbas balsojum\u0101. Uz jaut\u0101jumu par to, kur\u0161 tad var\u0113tu v\u0113l vienu \u0161\u0101du balsojumu ierosin\u0101t, Krauze nor\u0101d\u012bja uz opoz\u012bciju.<\/p>\n<p><img decoding=\"async\" src=\"https:\/\/www.europesays.com\/lv\/wp-content\/uploads\/2025\/11\/b562e4321c31ed676e1a0a324cba6362.jpg\" title=\"Zemkop\u012bbas ministrs Armands Krauze. Foto: Paula \u010curkste\/LETA\" alt=\"Zemkop\u012bbas ministrs Armands Krauze. Foto: Paula \u010curkste\/LETA\"\/><\/p>\n<p class=\"article-img-desc\">Zemkop\u012bbas ministrs Armands Krauze. Foto: Paula \u010curkste\/LETA<\/p>\n","protected":false},"excerpt":{"rendered":"Pirmdien koal\u012bcijas partiju sadarb\u012bbas san\u0101ksm\u0113 Za\u013co un zemnieku savien\u012bba apspried\u012bs satiksmes ministra Ata \u0160vinkas (P) atbilst\u012bbu amatam. Ministrs&hellip;\n","protected":false},"author":2,"featured_media":55573,"comment_status":"","ping_status":"","sticky":false,"template":"","format":"standard","meta":{"footnotes":""},"categories":[5],"tags":[129,5267,1304,3280,23,28,29,32,33,22,30,31,35,39,38,36,37,34,40,20,26,27,1305,5268,3281,1306,5269,3282,24,25,21],"class_list":{"0":"post-55572","1":"post","2":"type-post","3":"status-publish","4":"format-standard","5":"has-post-thumbnail","7":"category-aktualitates","8":"tag-__typenameadvicekeyword","9":"tag-id1005","10":"tag-id970","11":"tag-id998","12":"tag-aktualitates","13":"tag-breaking-news","14":"tag-breakingnews","15":"tag-featured-news","16":"tag-featurednews","17":"tag-headlines","18":"tag-latest-news","19":"tag-latestnews","20":"tag-latvia","21":"tag-latvian","22":"tag-latviesu","23":"tag-latviesu-valoda","24":"tag-latviesuvaloda","25":"tag-latvija","26":"tag-lv","27":"tag-news","28":"tag-popularakas-zinas","29":"tag-popularakaszinas","30":"tag-slug360-zinas","31":"tag-slugsatiksmes-ministrija","32":"tag-slugzalo-un-zemnieku-savieniba-zzs","33":"tag-title360-zinas","34":"tag-titlesatiksmes-ministrija","35":"tag-titlezalo-un-zemnieku-savieniba-zzs","36":"tag-top-stories","37":"tag-topstories","38":"tag-zinas"},"share_on_mastodon":{"url":"","error":"Validation failed: Text character limit of 500 exceeded"},"_links":{"self":[{"href":"https:\/\/www.europesays.com\/lv\/wp-json\/wp\/v2\/posts\/55572","targetHints":{"allow":["GET"]}}],"collection":[{"href":"https:\/\/www.europesays.com\/lv\/wp-json\/wp\/v2\/posts"}],"about":[{"href":"https:\/\/www.europesays.com\/lv\/wp-json\/wp\/v2\/types\/post"}],"author":[{"embeddable":true,"href":"https:\/\/www.europesays.com\/lv\/wp-json\/wp\/v2\/users\/2"}],"replies":[{"embeddable":true,"href":"https:\/\/www.europesays.com\/lv\/wp-json\/wp\/v2\/comments?post=55572"}],"version-history":[{"count":0,"href":"https:\/\/www.europesays.com\/lv\/wp-json\/wp\/v2\/posts\/55572\/revisions"}],"wp:featuredmedia":[{"embeddable":true,"href":"https:\/\/www.europesays.com\/lv\/wp-json\/wp\/v2\/media\/55573"}],"wp:attachment":[{"href":"https:\/\/www.europesays.com\/lv\/wp-json\/wp\/v2\/media?parent=55572"}],"wp:term":[{"taxonomy":"category","embeddable":true,"href":"https:\/\/www.europesays.com\/lv\/wp-json\/wp\/v2\/categories?post=55572"},{"taxonomy":"post_tag","embeddable":true,"href":"https:\/\/www.europesays.com\/lv\/wp-json\/wp\/v2\/tags?post=55572"}],"curies":[{"name":"wp","href":"https:\/\/api.w.org\/{rel}","templated":true}]}}