{"id":55579,"date":"2025-11-21T17:14:12","date_gmt":"2025-11-21T17:14:12","guid":{"rendered":"https:\/\/www.europesays.com\/lv\/55579\/"},"modified":"2025-11-21T17:14:12","modified_gmt":"2025-11-21T17:14:12","slug":"mi-kluvis-par-darbavietas-visvairak-apguto-un-iekaroto-prasmi-dienas-bizness","status":"publish","type":"post","link":"https:\/\/www.europesays.com\/lv\/55579\/","title":{"rendered":"MI k\u013cuvis par darbaviet\u0101s visvair\u0101k apg\u016bto un iek\u0101roto prasmi :: Dienas Bizness"},"content":{"rendered":"<p class=\"text-font font-size--text-xlarge margin-3--bottom font-weight--bold padding-1--top\">M\u0101ksl\u012bg\u0101 intelekta (MI) ekspansija darbaviet\u0101s turpina pie\u0146emties sp\u0113k\u0101. Aizvad\u012bto divu gadu laik\u0101 ceturt\u0101 da\u013ca no visiem nodarbin\u0101tajiem pilnveidoju\u0161i prasmes, k\u0101 izmantot MI darba pien\u0101kumu veik\u0161an\u0101. V\u0113l vair\u0101k ir t\u0101du, kas \u0161\u0101das iema\u0146as v\u0113l\u0113tos ieg\u016bt tuv\u0101kaj\u0101 n\u0101kotn\u0113, noskaidrots ikgad\u0113j\u0101 p\u0113t\u012bjuma \u00abVad\u012bt\u0101ja digit\u0101lais portrets\u00bb jaun\u0101kaj\u0101, 2025. gada k\u0101rt\u0101.<\/p>\n<p class=\"text-font font-size--text-xlarge margin-3--bottom\">MI izmanto\u0161ana \u0161ogad k\u013cuvusi par p\u0101rliecino\u0161i piepras\u012bt\u0101ko prasmi darbaviet\u0101s, un to apguvu\u0161i 24,8 % no visiem respondentiem. Ja iepriek\u0161\u0113jos gados liel\u0101k\u0101 interese par vismodern\u0101kaj\u0101m tehnolo\u0123iskaj\u0101m iesp\u0113j\u0101m bija vad\u012bt\u0101jiem, tad \u0161ogad sasparoju\u0161ies ar\u012b darbinieki.<\/p>\n<p class=\"text-font font-size--text-xlarge margin-3--bottom\">Augst\u0101k\u0101 un vid\u0113j\u0101 l\u012bme\u0146a vad\u012bt\u0101ju vid\u016b \u0161\u012bs iema\u0146as apguvu\u0161i 24,5% aptauj\u0101to, bet darbinieku \u2013 25,2%. 2025. gads ar\u012b k\u013cuvis par pirmo, kad MI k\u013cuvusi par p\u0101rliecino\u0161i piepras\u012bt\u0101ko apg\u016bstamo prasmi, apsteidzot darba un priv\u0101t\u0101s dz\u012bves l\u012bdzsvaro\u0161anas (19,3%), laika pl\u0101no\u0161anas (17,4%) un motiv\u0113\u0161anas iema\u0146as (13,9%). No aptaujas datiem var secin\u0101t, ka MI sniegto iesp\u0113ju iepaz\u012b\u0161ana tuv\u0101kajos gados v\u0113rs\u012bsies pla\u0161um\u0101. 33,9% respondentu jau izteiku\u0161i v\u0113l\u0113\u0161anos apg\u016bt vai papildin\u0101t tie\u0161i \u0161\u012bs digit\u0101l\u0101s prasmes. \u012apa\u0161i ap\u0146\u0113m\u012bgi \u0161aj\u0101 jaut\u0101jum\u0101 ir vad\u012bt\u0101ji \u2013 \u0161aj\u0101 grup\u0101 t\u0101du v\u0113lmi izteiku\u0161i 38,2% aptauj\u0101to. Darba \u0146\u0113m\u0113ju vid\u016b \u0161\u0101du cilv\u0113ku \u012bpatsvars ir 29,6%. J\u0101piebilst, ka interese par MI korporat\u012bvaj\u0101 vid\u0113 ir teju divreiz augst\u0101ka nek\u0101 par otro popul\u0101r\u0101ko digit\u0101lo prasmi \u2013 darbu ar failu koplieto\u0161anas sist\u0113m\u0101m. T\u0101s v\u0113las apg\u016bt 19,2% no visiem respondentiem.<\/p>\n<p class=\"text-font font-size--text-xlarge margin-3--bottom\">\u00abMilz\u012bg\u0101s invest\u012bcijas, ko tehnolo\u0123iju giganti iegulda MI att\u012bst\u012b\u0161an\u0101, s\u0101k nest gaid\u012btos rezult\u0101tus, padarot MI r\u012bkus par noder\u012bgiem pal\u012bgiem str\u0101d\u0101jo\u0161ajiem, kuri prot ar tiem apieties. Runa vairs nav par iesnieguma teksta sacer\u0113\u0161anu vai vienk\u0101r\u0161as bildes \u0123ener\u0113\u0161anu. MI r\u012bki \u0161odien str\u0101d\u0101 k\u0101 pilnv\u0113rt\u012bgi asistenti, \u0101tri izvelkot un da\u017e\u0101dos \u0161\u0137\u0113rsgriezumos izanaliz\u0113jot datus no apjom\u012bg\u0101m datu b\u0101z\u0113m, efekt\u012bvi sapl\u0101nojot darba dienu, no teksta komand\u0101m uzprogramm\u0113jot str\u0101d\u0101jo\u0161as lietotnes, izvelkot specifiskas deta\u013cas no t\u016bksto\u0161iem lappu\u0161u bieziem dokumentiem un cit\u0101di atvieglojot dz\u012bvi darbiniekiem. Prasm\u012bgi iesaistot MI r\u012bku ikdienas darb\u0101, iesp\u0113jams b\u016btiski paaugstin\u0101t produktivit\u0101ti un t\u0101d\u0113j\u0101di samazin\u0101t darba veik\u0161anai nepiecie\u0161amo laiku. Aptaujas dati r\u0101da, ka uz\u0146\u0113m\u0113jdarb\u012bbas vid\u0113 \u0161ie ieguvumi jau ir nov\u0113rt\u0113ti un akt\u012bvi tiek integr\u0113ti ikdienas darb\u0101,\u00bb rezult\u0101tus koment\u0113 p\u0113t\u012bjumu veiku\u0161\u0101 uz\u0146\u0113muma Jumis Pro vad\u012bt\u0101js Viesturs Slaidi\u0146\u0161.<\/p>\n<p class=\"text-font font-size--text-xlarge margin-3--bottom\">P\u0113t\u012bjums \u00abVad\u012bt\u0101ja digit\u0101lais portrets 2025\u00bb tika veikts 2025. gada ruden\u012b, aptauj\u0101jot 145 Latvijas uz\u0146\u0113mumu vad\u012bt\u0101jus, noda\u013cu vad\u012bt\u0101jus un darbiniekus.<\/p>\n","protected":false},"excerpt":{"rendered":"M\u0101ksl\u012bg\u0101 intelekta (MI) ekspansija darbaviet\u0101s turpina pie\u0146emties sp\u0113k\u0101. Aizvad\u012bto divu gadu laik\u0101 ceturt\u0101 da\u013ca no visiem nodarbin\u0101tajiem pilnveidoju\u0161i&hellip;\n","protected":false},"author":2,"featured_media":55580,"comment_status":"","ping_status":"","sticky":false,"template":"","format":"standard","meta":{"footnotes":""},"categories":[16],"tags":[869,77,870,76,867,35,39,38,36,37,34,871,868,40,21],"class_list":{"0":"post-55579","1":"post","2":"type-post","3":"status-publish","4":"format-standard","5":"has-post-thumbnail","7":"category-bizness","8":"tag-biznesa-zinas","9":"tag-bizness","10":"tag-bizness-latvija","11":"tag-business","12":"tag-dienas-zinas","13":"tag-latvia","14":"tag-latvian","15":"tag-latviesu","16":"tag-latviesu-valoda","17":"tag-latviesuvaloda","18":"tag-latvija","19":"tag-latvijas-biznesa-zinas","20":"tag-latvijas-zinas","21":"tag-lv","22":"tag-zinas"},"share_on_mastodon":{"url":"https:\/\/pubeurope.com\/@lv\/115588816295991104","error":""},"_links":{"self":[{"href":"https:\/\/www.europesays.com\/lv\/wp-json\/wp\/v2\/posts\/55579","targetHints":{"allow":["GET"]}}],"collection":[{"href":"https:\/\/www.europesays.com\/lv\/wp-json\/wp\/v2\/posts"}],"about":[{"href":"https:\/\/www.europesays.com\/lv\/wp-json\/wp\/v2\/types\/post"}],"author":[{"embeddable":true,"href":"https:\/\/www.europesays.com\/lv\/wp-json\/wp\/v2\/users\/2"}],"replies":[{"embeddable":true,"href":"https:\/\/www.europesays.com\/lv\/wp-json\/wp\/v2\/comments?post=55579"}],"version-history":[{"count":0,"href":"https:\/\/www.europesays.com\/lv\/wp-json\/wp\/v2\/posts\/55579\/revisions"}],"wp:featuredmedia":[{"embeddable":true,"href":"https:\/\/www.europesays.com\/lv\/wp-json\/wp\/v2\/media\/55580"}],"wp:attachment":[{"href":"https:\/\/www.europesays.com\/lv\/wp-json\/wp\/v2\/media?parent=55579"}],"wp:term":[{"taxonomy":"category","embeddable":true,"href":"https:\/\/www.europesays.com\/lv\/wp-json\/wp\/v2\/categories?post=55579"},{"taxonomy":"post_tag","embeddable":true,"href":"https:\/\/www.europesays.com\/lv\/wp-json\/wp\/v2\/tags?post=55579"}],"curies":[{"name":"wp","href":"https:\/\/api.w.org\/{rel}","templated":true}]}}