{"id":55589,"date":"2025-11-21T17:29:11","date_gmt":"2025-11-21T17:29:11","guid":{"rendered":"https:\/\/www.europesays.com\/lv\/55589\/"},"modified":"2025-11-21T17:29:11","modified_gmt":"2025-11-21T17:29:11","slug":"daugavpili-pamatigi-iereibis-autovaditajs-likumsargiem-piedava-2000-eiro-kukuli","status":"publish","type":"post","link":"https:\/\/www.europesays.com\/lv\/55589\/","title":{"rendered":"Daugavpil\u012b pamat\u012bgi iereibis autovad\u012bt\u0101js likumsargiem pied\u0101v\u0101 2000 eiro kukuli"},"content":{"rendered":"<p>2025. gada 20. novembr\u012b, ap pulksten 00.19, Daugavpil\u012b, J\u0101tnieku iel\u0101 Valsts policijas Latgales re\u0123iona p\u0101rvaldes Dienvidlatgales iecirk\u0146a Rea\u0123\u0113\u0161anas noda\u013cas amatpersonas, pildot dienesta pien\u0101kumus, paman\u012bja transportl\u012bdzekli &#8220;Audi&#8221;.<\/p>\n<p>Likumsargi aptur\u0113ja automa\u0161\u012bnu un konstat\u0113ja, ka pie transportl\u012bdzek\u013ca st\u016bres ir s\u0113dies 1987. gad\u0101 dzimis v\u012brietis, kura uzved\u012bba liecin\u0101ja par iesp\u0113jamu alkoholisko reibumu. Veicot p\u0101rbaudi, amatpersonas fiks\u0113ja, ka v\u012brietis atrodas 2,73 promi\u013cu reibum\u0101.<\/p>\n<p>Automa\u0161\u012bnas \u201cAudi\u201d vad\u012bt\u0101js, lai izvair\u012btos no atbild\u012bbas, apzin\u0101ti pied\u0101v\u0101ja vair\u0101kas reizes amatperson\u0101m 2000 eiro lielu naudas kukuli. Likumsargi v\u012brieti aiztur\u0113ja un ievietoja \u012bslaic\u012bg\u0101s aiztur\u0113\u0161anas viet\u0101.<\/p>\n<p>Par izdar\u012btajiem p\u0101rk\u0101pumiem Valsts policij\u0101 ir uzs\u0101kti divi krimin\u0101lprocesi \u2013 viens p\u0113c Krimin\u0101llikuma 262. panta pirm\u0101s da\u013cas, proti, par transportl\u012bdzek\u013ca vad\u012b\u0161anu, ja nav atbilsto\u0161as kategorijas transportl\u012bdzek\u013ca vad\u012b\u0161anas ties\u012bbu (transportl\u012bdzek\u013ca vad\u012b\u0161anas ties\u012bbas noteikt\u0101 k\u0101rt\u012bb\u0101 nav ieg\u016btas vai ir at\u0146emtas) un ja vad\u012bt\u0101js atrodas alkohola, narkotisko, psihotropo, toksisko vai citu apreibino\u0161u vielu ietekm\u0113. Paredz\u0113ts sods ar br\u012bv\u012bbas at\u0146em\u0161anu uz laiku l\u012bdz vienam gadam vai ar \u012bslaic\u012bgu br\u012bv\u012bbas at\u0146em\u0161anu, vai ar prob\u0101cijas uzraudz\u012bbu, at\u0146emot transportl\u012bdzek\u013ca vad\u012b\u0161anas ties\u012bbas uz pieciem gadiem.<\/p>\n","protected":false},"excerpt":{"rendered":"2025. gada 20. novembr\u012b, ap pulksten 00.19, Daugavpil\u012b, J\u0101tnieku iel\u0101 Valsts policijas Latgales re\u0123iona p\u0101rvaldes Dienvidlatgales iecirk\u0146a Rea\u0123\u0113\u0161anas&hellip;\n","protected":false},"author":2,"featured_media":33298,"comment_status":"","ping_status":"","sticky":false,"template":"","format":"standard","meta":{"footnotes":""},"categories":[5],"tags":[23,28,29,5810,32,33,22,30,31,35,39,38,36,37,34,40,20,26,27,24,25,138,21],"class_list":{"0":"post-55589","1":"post","2":"type-post","3":"status-publish","4":"format-standard","5":"has-post-thumbnail","7":"category-aktualitates","8":"tag-aktualitates","9":"tag-breaking-news","10":"tag-breakingnews","11":"tag-dzerajsoferis","12":"tag-featured-news","13":"tag-featurednews","14":"tag-headlines","15":"tag-latest-news","16":"tag-latestnews","17":"tag-latvia","18":"tag-latvian","19":"tag-latviesu","20":"tag-latviesu-valoda","21":"tag-latviesuvaloda","22":"tag-latvija","23":"tag-lv","24":"tag-news","25":"tag-popularakas-zinas","26":"tag-popularakaszinas","27":"tag-top-stories","28":"tag-topstories","29":"tag-valsts-policija","30":"tag-zinas"},"share_on_mastodon":{"url":"https:\/\/pubeurope.com\/@lv\/115588875074456159","error":""},"_links":{"self":[{"href":"https:\/\/www.europesays.com\/lv\/wp-json\/wp\/v2\/posts\/55589","targetHints":{"allow":["GET"]}}],"collection":[{"href":"https:\/\/www.europesays.com\/lv\/wp-json\/wp\/v2\/posts"}],"about":[{"href":"https:\/\/www.europesays.com\/lv\/wp-json\/wp\/v2\/types\/post"}],"author":[{"embeddable":true,"href":"https:\/\/www.europesays.com\/lv\/wp-json\/wp\/v2\/users\/2"}],"replies":[{"embeddable":true,"href":"https:\/\/www.europesays.com\/lv\/wp-json\/wp\/v2\/comments?post=55589"}],"version-history":[{"count":0,"href":"https:\/\/www.europesays.com\/lv\/wp-json\/wp\/v2\/posts\/55589\/revisions"}],"wp:featuredmedia":[{"embeddable":true,"href":"https:\/\/www.europesays.com\/lv\/wp-json\/wp\/v2\/media\/33298"}],"wp:attachment":[{"href":"https:\/\/www.europesays.com\/lv\/wp-json\/wp\/v2\/media?parent=55589"}],"wp:term":[{"taxonomy":"category","embeddable":true,"href":"https:\/\/www.europesays.com\/lv\/wp-json\/wp\/v2\/categories?post=55589"},{"taxonomy":"post_tag","embeddable":true,"href":"https:\/\/www.europesays.com\/lv\/wp-json\/wp\/v2\/tags?post=55589"}],"curies":[{"name":"wp","href":"https:\/\/api.w.org\/{rel}","templated":true}]}}