{"id":55630,"date":"2025-11-21T19:09:08","date_gmt":"2025-11-21T19:09:08","guid":{"rendered":"https:\/\/www.europesays.com\/lv\/55630\/"},"modified":"2025-11-21T19:09:08","modified_gmt":"2025-11-21T19:09:08","slug":"mainis-eirovizijas-dziesmu-konkursa-balsosanas-noteikumus","status":"publish","type":"post","link":"https:\/\/www.europesays.com\/lv\/55630\/","title":{"rendered":"Main\u012bs \u201cEirov\u012bzijas\u201d dziesmu konkursa balso\u0161anas noteikumus"},"content":{"rendered":"<p>EBU ar\u012b pazi\u0146oja, ka noteiks stingr\u0101kus ierobe\u017eojumus rekl\u0101mai, lai mazin\u0101tu tre\u0161o personu, tostarp vald\u012bbu atbalst\u012btu kampa\u0146u, ietekmi, un pastiprin\u0101s darbu pie koordin\u0113tas vai kr\u0101pnieciskas balso\u0161anas atkl\u0101\u0161anas un blo\u0137\u0113\u0161anas.<\/p>\n<p>N\u012bderlandes un \u012arijas raidorganiz\u0101cijas pazi\u0146oju\u0161as, ka boikot\u0113s n\u0101kam\u0101 gada \u201cEirov\u012bzijas\u201d dziesmu konkursu, ja taj\u0101 piedal\u012bsies Izra\u0113la. Ar l\u012bdz\u012bgiem br\u012bdin\u0101jumiem n\u0101ku\u0161as klaj\u0101 ar\u012b citas konkursa dal\u012bbvalstis, tai skait\u0101 Sp\u0101nija un Slov\u0113nija. Ar\u012b Be\u013c\u0123ija apsver \u0161\u0101du soli.<\/p>\n<p>\u0160ogad konkurss notika B\u0101zel\u0113, \u0160veic\u0113, un taj\u0101 uzvar\u0113ja austrie\u0161u dzied\u0101t\u0101js JJ ar hitu \u201cWasted Love\u201d, bet Izra\u0113las dzied\u0101t\u0101ja Juvala Rafaela palika otraj\u0101 viet\u0101.<\/p>\n<p>Rafaela sa\u0146\u0113ma visvair\u0101k balsu skat\u012bt\u0101ju balsojum\u0101, ta\u010du valstu ekspertu \u017e\u016brijas vi\u0146u nov\u0113rt\u0113ja krietni zem\u0101k. Vair\u0101kas raidorganiz\u0101cijas, kas piedal\u012bj\u0101s konkurs\u0101, p\u0113c tam izteica \u0161aubas par balso\u0161anas procesu.<\/p>\n<p>\u201cM\u0113s esam ieklaus\u012bju\u0161ies un esam r\u012bkoju\u0161ies,\u201d pazi\u0146oja \u201cEirov\u012bzijas\u201d direktors M\u0101rtins Gr\u012bns.<\/p>\n<p>\u201cM\u0113s speram skaidrus un izl\u0113m\u012bgus so\u013cus, lai nodro\u0161in\u0101tu, ka konkurss paliek m\u016bzikas un vienot\u012bbas sv\u0113tki. Konkursam j\u0101paliek neitr\u0101lai telpai, un to nedr\u012bkst instrumentaliz\u0113t,\u201d nor\u0101d\u012bja Gr\u012bns.<\/p>\n<p class=\"tv3-fw-500\">Zi\u0146o par k\u013c\u016bdu rakst\u0101<\/p>\n<p class=\"d-md-block d-none\">Iez\u012bm\u0113 k\u013c\u016bdaino tekstu un spied Ctrl+Enter.<\/p>\n<p class=\"d-md-none d-block\">Iez\u012bm\u0113 k\u013c\u016bdaino tekstu un zi\u0146o par to!<\/p>\n","protected":false},"excerpt":{"rendered":"EBU ar\u012b pazi\u0146oja, ka noteiks stingr\u0101kus ierobe\u017eojumus rekl\u0101mai, lai mazin\u0101tu tre\u0161o personu, tostarp vald\u012bbu atbalst\u012btu kampa\u0146u, ietekmi, un&hellip;\n","protected":false},"author":2,"featured_media":55631,"comment_status":"","ping_status":"","sticky":false,"template":"","format":"standard","meta":{"footnotes":""},"categories":[14],"tags":[23,57,28,29,492,32,33,22,30,31,35,39,38,36,37,34,40,20,26,27,24,25,54,55,56,21,58],"class_list":{"0":"post-55630","1":"post","2":"type-post","3":"status-publish","4":"format-standard","5":"has-post-thumbnail","7":"category-zinas-no-arvalstim","8":"tag-aktualitates","9":"tag-arvalstim","10":"tag-breaking-news","11":"tag-breakingnews","12":"tag-eirovizija","13":"tag-featured-news","14":"tag-featurednews","15":"tag-headlines","16":"tag-latest-news","17":"tag-latestnews","18":"tag-latvia","19":"tag-latvian","20":"tag-latviesu","21":"tag-latviesu-valoda","22":"tag-latviesuvaloda","23":"tag-latvija","24":"tag-lv","25":"tag-news","26":"tag-popularakas-zinas","27":"tag-popularakaszinas","28":"tag-top-stories","29":"tag-topstories","30":"tag-world","31":"tag-world-news","32":"tag-worldnews","33":"tag-zinas","34":"tag-zinas-no-arvalstim"},"share_on_mastodon":{"url":"https:\/\/pubeurope.com\/@lv\/115589268297883134","error":""},"_links":{"self":[{"href":"https:\/\/www.europesays.com\/lv\/wp-json\/wp\/v2\/posts\/55630","targetHints":{"allow":["GET"]}}],"collection":[{"href":"https:\/\/www.europesays.com\/lv\/wp-json\/wp\/v2\/posts"}],"about":[{"href":"https:\/\/www.europesays.com\/lv\/wp-json\/wp\/v2\/types\/post"}],"author":[{"embeddable":true,"href":"https:\/\/www.europesays.com\/lv\/wp-json\/wp\/v2\/users\/2"}],"replies":[{"embeddable":true,"href":"https:\/\/www.europesays.com\/lv\/wp-json\/wp\/v2\/comments?post=55630"}],"version-history":[{"count":0,"href":"https:\/\/www.europesays.com\/lv\/wp-json\/wp\/v2\/posts\/55630\/revisions"}],"wp:featuredmedia":[{"embeddable":true,"href":"https:\/\/www.europesays.com\/lv\/wp-json\/wp\/v2\/media\/55631"}],"wp:attachment":[{"href":"https:\/\/www.europesays.com\/lv\/wp-json\/wp\/v2\/media?parent=55630"}],"wp:term":[{"taxonomy":"category","embeddable":true,"href":"https:\/\/www.europesays.com\/lv\/wp-json\/wp\/v2\/categories?post=55630"},{"taxonomy":"post_tag","embeddable":true,"href":"https:\/\/www.europesays.com\/lv\/wp-json\/wp\/v2\/tags?post=55630"}],"curies":[{"name":"wp","href":"https:\/\/api.w.org\/{rel}","templated":true}]}}