{"id":55632,"date":"2025-11-21T19:11:09","date_gmt":"2025-11-21T19:11:09","guid":{"rendered":"https:\/\/www.europesays.com\/lv\/55632\/"},"modified":"2025-11-21T19:11:09","modified_gmt":"2025-11-21T19:11:09","slug":"mes-esam-gatavi-stradat-atri-un-konstruktivi-zelenskis-un-rite-apspriedusi-asv-planu","status":"publish","type":"post","link":"https:\/\/www.europesays.com\/lv\/55632\/","title":{"rendered":"&#8220;M\u0113s esam gatavi str\u0101d\u0101t \u0101tri un konstrukt\u012bvi.&#8221; Zelenskis un Rite apspriedu\u0161i ASV pl\u0101nu"},"content":{"rendered":"<p>&#8220;Apspried\u0101m eso\u0161\u0101s diplom\u0101tisk\u0101s iesp\u0113jas un Amerikas puses pied\u0101v\u0101to pl\u0101nu. M\u0113s esam gatavi str\u0101d\u0101t \u0101tri un konstrukt\u012bvi, lai tas nostr\u0101d\u0101tu. Koordin\u0113jam kop\u012bgus turpm\u0101kos so\u013cus,&#8221; kl\u0101st\u012bja prezidents.<\/p>\n<p>Zelenskis un Rite ar\u012b run\u0101ju\u0161i par Krievijas triecienu Ternopi\u013cai, kur\u0101 tika nogalin\u0101ts 31cilv\u0113ks.<\/p>\n<p>&#8220;Ukrai\u0146i vair\u0101k nek\u0101 jebkur\u0161 cits pasaul\u0113 v\u0113las, lai tiktu izbeigts \u0161is kar\u0161, lai tiktu izbeigtas slepkav\u012bbas un pan\u0101kts cien\u012bgs miers,&#8221; pauda Zelenskis.<\/p>\n<p>Va\u0161ingtona pied\u0101v\u0101jusi pl\u0101nu kara izbeig\u0161anai Ukrain\u0101, kas, p\u0113c visa sprie\u017eot, balst\u012bts pamat\u0101 uz Krievijas pras\u012bb\u0101m. Tas paredz ne tikai okup\u0113to teritoriju palik\u0161anu Krievijas kontrol\u0113, bet ar\u012b Ukrainas ap\u0146em\u0161anos nepievienoties NATO, alianses nepapla\u0161in\u0101\u0161anu un Krievijas atgrie\u0161anos G8, liecina zi\u0146u a\u0123ent\u016bras AFP r\u012bc\u012bb\u0101 non\u0101ku\u0161ais pl\u0101na projekts.<\/p>\n","protected":false},"excerpt":{"rendered":"&#8220;Apspried\u0101m eso\u0161\u0101s diplom\u0101tisk\u0101s iesp\u0113jas un Amerikas puses pied\u0101v\u0101to pl\u0101nu. M\u0113s esam gatavi str\u0101d\u0101t \u0101tri un konstrukt\u012bvi, lai tas&hellip;\n","protected":false},"author":2,"featured_media":39748,"comment_status":"","ping_status":"","sticky":false,"template":"","format":"standard","meta":{"footnotes":""},"categories":[5],"tags":[23,63,292,28,29,32,33,22,74,30,31,35,39,38,36,37,34,40,20,26,27,24,25,178,21],"class_list":{"0":"post-55632","1":"post","2":"type-post","3":"status-publish","4":"format-standard","5":"has-post-thumbnail","7":"category-aktualitates","8":"tag-aktualitates","9":"tag-arvalstis","10":"tag-asv","11":"tag-breaking-news","12":"tag-breakingnews","13":"tag-featured-news","14":"tag-featurednews","15":"tag-headlines","16":"tag-krievijas-iebrukums-ukraina","17":"tag-latest-news","18":"tag-latestnews","19":"tag-latvia","20":"tag-latvian","21":"tag-latviesu","22":"tag-latviesu-valoda","23":"tag-latviesuvaloda","24":"tag-latvija","25":"tag-lv","26":"tag-news","27":"tag-popularakas-zinas","28":"tag-popularakaszinas","29":"tag-top-stories","30":"tag-topstories","31":"tag-volodimirs-zelenskis","32":"tag-zinas"},"share_on_mastodon":{"url":"https:\/\/pubeurope.com\/@lv\/115589276169070125","error":""},"_links":{"self":[{"href":"https:\/\/www.europesays.com\/lv\/wp-json\/wp\/v2\/posts\/55632","targetHints":{"allow":["GET"]}}],"collection":[{"href":"https:\/\/www.europesays.com\/lv\/wp-json\/wp\/v2\/posts"}],"about":[{"href":"https:\/\/www.europesays.com\/lv\/wp-json\/wp\/v2\/types\/post"}],"author":[{"embeddable":true,"href":"https:\/\/www.europesays.com\/lv\/wp-json\/wp\/v2\/users\/2"}],"replies":[{"embeddable":true,"href":"https:\/\/www.europesays.com\/lv\/wp-json\/wp\/v2\/comments?post=55632"}],"version-history":[{"count":0,"href":"https:\/\/www.europesays.com\/lv\/wp-json\/wp\/v2\/posts\/55632\/revisions"}],"wp:featuredmedia":[{"embeddable":true,"href":"https:\/\/www.europesays.com\/lv\/wp-json\/wp\/v2\/media\/39748"}],"wp:attachment":[{"href":"https:\/\/www.europesays.com\/lv\/wp-json\/wp\/v2\/media?parent=55632"}],"wp:term":[{"taxonomy":"category","embeddable":true,"href":"https:\/\/www.europesays.com\/lv\/wp-json\/wp\/v2\/categories?post=55632"},{"taxonomy":"post_tag","embeddable":true,"href":"https:\/\/www.europesays.com\/lv\/wp-json\/wp\/v2\/tags?post=55632"}],"curies":[{"name":"wp","href":"https:\/\/api.w.org\/{rel}","templated":true}]}}