{"id":55635,"date":"2025-11-21T19:17:17","date_gmt":"2025-11-21T19:17:17","guid":{"rendered":"https:\/\/www.europesays.com\/lv\/55635\/"},"modified":"2025-11-21T19:17:17","modified_gmt":"2025-11-21T19:17:17","slug":"tukuma-novada-atteiksies-no-pabalsta-berna-ar-invaliditati-aprupei","status":"publish","type":"post","link":"https:\/\/www.europesays.com\/lv\/55635\/","title":{"rendered":"Tukuma novad\u0101 atteiksies no pabalsta b\u0113rna ar invalidit\u0101ti apr\u016bpei"},"content":{"rendered":"<p>Pa\u0161laik pabalstu sa\u0146em ar\u012b iedz\u012bvot\u0101ji, kuri sasniedz 75 gadu vecumu. Pabalsta apm\u0113rs \u0161aj\u0101 jubilej\u0101 ir 30 eiro.<\/p>\n<p>Vietvara ar\u012b pl\u0101no p\u0101rtraukt izmaks\u0101t pabalstu b\u0113rna ar invalidit\u0101ti apr\u016bpei, kas pa\u0161laik ir 100 eiro gad\u0101. Pa\u0161vald\u012bba apgalvo, ka \u0161\u0101ds materi\u0101ls atbalsts nedod \u0123imenei, kura apr\u016bp\u0113 b\u0113rnu ar invalidit\u0101ti, b\u016btisku pienesumu. Lietder\u012bg\u0101k b\u016btu saglab\u0101t vai palielin\u0101t soci\u0101lo pakalpojumu pieejam\u012bbu b\u0113rniem ar invalidit\u0101ti.<\/p>\n<p>T\u0101pat paredz\u0113ts vairs nemaks\u0101t pabalstu zobu protez\u0113\u0161anai un zobu prot\u0113\u017eu labo\u0161anai. Pabalstu ir ties\u012bbas sa\u0146emt, nev\u0113rt\u0113jot iedz\u012bvot\u0101ju ien\u0101kumus, l\u012bdz ar to pabalsts tiek sniegts ne tikai person\u0101m ar zemiem ien\u0101kumiem, bet ar\u012b person\u0101m ar sal\u012bdzino\u0161i pietiekamiem ien\u0101kumiem, lai segtu zobu protez\u0113\u0161anas un prot\u0113\u017eu labo\u0161anas izdevumus, nor\u0101da pa\u0161vald\u012bba.<\/p>\n<p>Turkl\u0101t saisto\u0161ajos noteikumos ir noteikts soci\u0101lais pabalsts zob\u0101rstniec\u012bbas pakalpojumiem, ko ir ties\u012bbas sa\u0146emt person\u0101m, kas dz\u012bvo m\u0101jsaimniec\u012bb\u0101, kurai pie\u0161\u0137irts tr\u016bc\u012bgas vai maznodro\u0161in\u0101tas m\u0101jsaimniec\u012bbas statuss. L\u012bdz ar to personas ar zemiem ien\u0101kumiem pa\u0161vald\u012bbas atbalstu zobu protez\u0113\u0161anai un zobu prot\u0113\u017eu labo\u0161anai var\u0113s turpin\u0101t sa\u0146emt vesel\u012bbas atbalsta veid\u0101.<\/p>\n<p>Pa\u0161vald\u012bb\u0101 nor\u0101da, ka min\u0113tie pabalstu samazin\u0101\u0161anas pas\u0101kumi ir nepiecie\u0161ami, lai prim\u0101ri nodro\u0161in\u0101tu pa\u0161vald\u012bbas autonom\u0101s funkcijas, p\u0101rvar\u0113tu finan\u0161u gr\u016bt\u012bbas, kuras rada gan infl\u0101cija, pakalpojumu cenu un soci\u0101lo pabalstu apm\u0113ru pieaugums, k\u0101 ar\u012b pa\u0161vald\u012bb\u0101m izvirz\u012bto oblig\u0101to pras\u012bbu un pas\u0101kumu \u012bsteno\u0161ana. Stabiliz\u0113joties situ\u0101cijai, k\u0101 ar\u012b \u0146emot v\u0113r\u0101 pa\u0161vald\u012bbas bud\u017eeta izpildes un ien\u0101kumu poz\u012bcijas, b\u016bs j\u0101v\u0113rt\u0113 nepiecie\u0161am\u012bba atjaunot min\u0113tos pa\u0161vald\u012bbas pabalstus.<\/p>\n<p>\u0145emot v\u0113r\u0101 pl\u0101not\u0101s izmai\u0146as, citiem m\u0113r\u0137iem pa\u0161vald\u012bba var\u0113tu novirz\u012bt 34 000 eiro gad\u0101.<\/p>\n<p>Viedokli par saisto\u0161o noteikumu groz\u012bjumiem iesp\u0113jams izteikt l\u012bdz 3. decembrim.<\/p>\n","protected":false},"excerpt":{"rendered":"Pa\u0161laik pabalstu sa\u0146em ar\u012b iedz\u012bvot\u0101ji, kuri sasniedz 75 gadu vecumu. Pabalsta apm\u0113rs \u0161aj\u0101 jubilej\u0101 ir 30 eiro. Vietvara&hellip;\n","protected":false},"author":2,"featured_media":55636,"comment_status":"","ping_status":"","sticky":false,"template":"","format":"standard","meta":{"footnotes":""},"categories":[5],"tags":[23,28,29,32,33,22,30,31,35,39,38,36,37,34,40,20,1908,26,27,24,25,4118,21],"class_list":{"0":"post-55635","1":"post","2":"type-post","3":"status-publish","4":"format-standard","5":"has-post-thumbnail","7":"category-aktualitates","8":"tag-aktualitates","9":"tag-breaking-news","10":"tag-breakingnews","11":"tag-featured-news","12":"tag-featurednews","13":"tag-headlines","14":"tag-latest-news","15":"tag-latestnews","16":"tag-latvia","17":"tag-latvian","18":"tag-latviesu","19":"tag-latviesu-valoda","20":"tag-latviesuvaloda","21":"tag-latvija","22":"tag-lv","23":"tag-news","24":"tag-pabalsti","25":"tag-popularakas-zinas","26":"tag-popularakaszinas","27":"tag-top-stories","28":"tag-topstories","29":"tag-tukums","30":"tag-zinas"},"share_on_mastodon":{"url":"https:\/\/pubeurope.com\/@lv\/115589299808450362","error":""},"_links":{"self":[{"href":"https:\/\/www.europesays.com\/lv\/wp-json\/wp\/v2\/posts\/55635","targetHints":{"allow":["GET"]}}],"collection":[{"href":"https:\/\/www.europesays.com\/lv\/wp-json\/wp\/v2\/posts"}],"about":[{"href":"https:\/\/www.europesays.com\/lv\/wp-json\/wp\/v2\/types\/post"}],"author":[{"embeddable":true,"href":"https:\/\/www.europesays.com\/lv\/wp-json\/wp\/v2\/users\/2"}],"replies":[{"embeddable":true,"href":"https:\/\/www.europesays.com\/lv\/wp-json\/wp\/v2\/comments?post=55635"}],"version-history":[{"count":0,"href":"https:\/\/www.europesays.com\/lv\/wp-json\/wp\/v2\/posts\/55635\/revisions"}],"wp:featuredmedia":[{"embeddable":true,"href":"https:\/\/www.europesays.com\/lv\/wp-json\/wp\/v2\/media\/55636"}],"wp:attachment":[{"href":"https:\/\/www.europesays.com\/lv\/wp-json\/wp\/v2\/media?parent=55635"}],"wp:term":[{"taxonomy":"category","embeddable":true,"href":"https:\/\/www.europesays.com\/lv\/wp-json\/wp\/v2\/categories?post=55635"},{"taxonomy":"post_tag","embeddable":true,"href":"https:\/\/www.europesays.com\/lv\/wp-json\/wp\/v2\/tags?post=55635"}],"curies":[{"name":"wp","href":"https:\/\/api.w.org\/{rel}","templated":true}]}}